{"id":4486,"date":"2011-06-08T15:27:29","date_gmt":"2011-06-08T15:27:29","guid":{"rendered":"http:\/\/www.agriatv.hu\/?p=4486"},"modified":"2011-06-08T15:27:29","modified_gmt":"2011-06-08T15:27:29","slug":"szamon-tartva","status":"publish","type":"post","link":"https:\/\/www.agriatv.hu\/?p=4486","title":{"rendered":"Sz\u00e1mon-tartva"},"content":{"rendered":"<p><a href=\"https:\/\/www.agriatv.hu\/wp-content\/uploads\/2011\/06\/0608kiallitas_.jpg\"><img loading=\"lazy\" decoding=\"async\" class=\"alignleft size-medium wp-image-4487\" title=\"0608kiallitas_\" src=\"https:\/\/www.agriatv.hu\/wp-content\/uploads\/2011\/06\/0608kiallitas_-300x240.jpg\" alt=\"\" width=\"132\" height=\"105\" srcset=\"https:\/\/www.agriatv.hu\/wp-content\/uploads\/2011\/06\/0608kiallitas_-300x240.jpg 300w, https:\/\/www.agriatv.hu\/wp-content\/uploads\/2011\/06\/0608kiallitas_.jpg 720w\" sizes=\"auto, (max-width: 132px) 100vw, 132px\" \/><\/a>Sz\u00e1mon-tartva c\u00edmmel ny\u00edlik ki\u00e1ll\u00edt\u00e1s a kommunista egyh\u00e1z\u00fcld\u00f6z\u00e9s papi hagyat\u00e9kaib\u00f3l, p\u00e9nteken az Imola Sz\u00e9kh\u00e1zban.<div class=\"wordtube\">\n<div class=\"wordtube single313\" id=\"WT1_1\" style=\"width:320px; height:240px;\">\n<a href=\"http:\/\/www.macromedia.com\/go\/getflashplayer\">Get the Flash Player<\/a> to see the wordTube Media Player.\n<\/div><\/div>\n\t<script type=\"text\/javascript\" defer=\"defer\">\nvar WT1_1 = {\n\tparams : {\n\t\twmode : \"opaque\",\n\t\tallowscriptaccess : \"always\",\n\t\tallownetworking : \"all\",\n\t\tallowfullscreen : \"true\"},\n\tflashvars : {\n\t\tfile : \"http%3A%2F%2Fwww.agriatv.hu%2Fwp-content%2Fuploads%2F2011%2F06%2F0608kiallitas.flv\",\n\t\tvolume : \"80\",\n\t\tbufferlength : \"5\",\n\t\tquality : \"false\",\n\t\t'logo.hide' : \"false\",\n\t\timage : \"http%3A%2F%2Fwww.agriatv.hu%2Fwp-content%2Fuploads%2F2011%2F06%2F0608kiallitas.jpg\",\n\t\ttitle : \"0608kiallitas.flv\",\n\t\tlinktarget : \"_self\"},\n\tattr : {\n\t\tid : \"WT1\",\n\t\tname : \"WT1\"},\n\tstart : function() {\n\t\tswfobject.embedSWF(\"https:\/\/www.agriatv.hu\/\/player.swf\", \"WT1_1\", \"320\", \"240\", \"9.0.0\", false, this.flashvars, this.params , this.attr );\n\t}\n}\nWT1_1.start();\n\t<\/script>\n<\/p>\n","protected":false},"excerpt":{"rendered":"<p>Sz\u00e1mon-tartva c\u00edmmel ny\u00edlik ki\u00e1ll\u00edt\u00e1s a kommunista egyh\u00e1z\u00fcld\u00f6z\u00e9s papi hagyat\u00e9kaib\u00f3l, p\u00e9nteken az Imola Sz\u00e9kh\u00e1zban.<\/p>\n","protected":false},"author":4,"featured_media":0,"comment_status":"open","ping_status":"closed","sticky":false,"template":"","format":"standard","meta":{"footnotes":""},"categories":[8,4],"tags":[],"class_list":["post-4486","post","type-post","status-publish","format-standard","hentry","category-kultura","category-szabadido"],"_links":{"self":[{"href":"https:\/\/www.agriatv.hu\/index.php?rest_route=\/wp\/v2\/posts\/4486","targetHints":{"allow":["GET"]}}],"collection":[{"href":"https:\/\/www.agriatv.hu\/index.php?rest_route=\/wp\/v2\/posts"}],"about":[{"href":"https:\/\/www.agriatv.hu\/index.php?rest_route=\/wp\/v2\/types\/post"}],"author":[{"embeddable":true,"href":"https:\/\/www.agriatv.hu\/index.php?rest_route=\/wp\/v2\/users\/4"}],"replies":[{"embeddable":true,"href":"https:\/\/www.agriatv.hu\/index.php?rest_route=%2Fwp%2Fv2%2Fcomments&post=4486"}],"version-history":[{"count":2,"href":"https:\/\/www.agriatv.hu\/index.php?rest_route=\/wp\/v2\/posts\/4486\/revisions"}],"predecessor-version":[{"id":4489,"href":"https:\/\/www.agriatv.hu\/index.php?rest_route=\/wp\/v2\/posts\/4486\/revisions\/4489"}],"wp:attachment":[{"href":"https:\/\/www.agriatv.hu\/index.php?rest_route=%2Fwp%2Fv2%2Fmedia&parent=4486"}],"wp:term":[{"taxonomy":"category","embeddable":true,"href":"https:\/\/www.agriatv.hu\/index.php?rest_route=%2Fwp%2Fv2%2Fcategories&post=4486"},{"taxonomy":"post_tag","embeddable":true,"href":"https:\/\/www.agriatv.hu\/index.php?rest_route=%2Fwp%2Fv2%2Ftags&post=4486"}],"curies":[{"name":"wp","href":"https:\/\/api.w.org\/{rel}","templated":true}]}}