{"id":4509,"date":"2011-06-11T12:09:44","date_gmt":"2011-06-11T12:09:44","guid":{"rendered":"http:\/\/www.agriatv.hu\/?p=4509"},"modified":"2011-06-18T16:59:28","modified_gmt":"2011-06-18T16:59:28","slug":"motorosok-a-rutinpalyan","status":"publish","type":"post","link":"https:\/\/www.agriatv.hu\/?p=4509","title":{"rendered":"Motorosok a rutinp\u00e1ly\u00e1n"},"content":{"rendered":"<p><a href=\"https:\/\/www.agriatv.hu\/wp-content\/uploads\/2011\/06\/0611motoros_V.jpg\"><img loading=\"lazy\" decoding=\"async\" class=\"alignleft size-medium wp-image-4510\" title=\"0611motoros_V\" src=\"https:\/\/www.agriatv.hu\/wp-content\/uploads\/2011\/06\/0611motoros_V-300x240.jpg\" alt=\"\" width=\"145\" height=\"116\" srcset=\"https:\/\/www.agriatv.hu\/wp-content\/uploads\/2011\/06\/0611motoros_V-300x240.jpg 300w, https:\/\/www.agriatv.hu\/wp-content\/uploads\/2011\/06\/0611motoros_V.jpg 720w\" sizes=\"auto, (max-width: 145px) 100vw, 145px\" \/><\/a>A n\u00f6vekv\u0151 motoros-forgalommal egyenesen ar\u00e1nyos a motorosok \u00e1ltal okozott balesetek  sz\u00e1ma \u00e9s azok s\u00falyoss\u00e1gi foka, mely az ut\u00f3bbi id\u0151ben egyre nagyobb probl\u00e9m\u00e1t jelent. Heves megye f\u00f6ldrajzi adotts\u00e1g\u00e1n\u00e1l fogva kedvelt c\u00e9l\u00e1llom\u00e1sa a motorosoknak, a 24-es  f\u0151\u00fat m\u00e1trai szakasza nagyon n\u00e9pszer\u0171 t\u00fara\u00fatvonal. Azok a motorosok, akik  nem rendelkeznek kell\u0151 tapasztalattal, egy-egy vesz\u00e9lyhelyzet bek\u00f6vetkez\u00e9sekor  sokszor rosszul d\u00f6ntenek, \u00e9s ez komoly s\u00e9r\u00fcl\u00e9seket, valamint anyagi k\u00e1rokat okozhat. Ennek aprop\u00f3j\u00e1n rendezte meg Heves Megyei Rend\u0151r-f\u0151kapit\u00e1nys\u00e1g a Megyei Baleset megel\u0151z\u00e9si  Bizotts\u00e1ggal a Heves Megyei Korm\u00e1nyhivatal K\u00f6zleked\u00e9si Fel\u00fcgyel\u0151s\u00e9g\u00e9vel k\u00f6z\u00f6sen  a Motoros  k\u00f6zleked\u00e9sbiztons\u00e1gi napot, ahol r\u00e9szt vettek az Egri \u00e9s Gy\u00f6ngy\u00f6si Rend\u0151rkapit\u00e1nys\u00e1g motoros  j\u00e1r\u0151rei, akik vezet\u00e9stechnikai bemutat\u00f3t \u00e9s k\u00e9pz\u00e9st tartottak.<\/p>\n<p>A rendezv\u00e9nyen fell\u00e9pett a R\u00e9ts\u00e1g Riders Team, akik l\u00e1tv\u00e1nyos stunt-riding bemutat\u00f3t  tartottak.<div class=\"wordtube\">\n<div class=\"wordtube single316\" id=\"WT1_1\" style=\"width:320px; height:240px;\">\n<a href=\"http:\/\/www.macromedia.com\/go\/getflashplayer\">Get the Flash Player<\/a> to see the wordTube Media Player.\n<\/div><\/div>\n\t<script type=\"text\/javascript\" defer=\"defer\">\nvar WT1_1 = {\n\tparams : {\n\t\twmode : \"opaque\",\n\t\tallowscriptaccess : \"always\",\n\t\tallownetworking : \"all\",\n\t\tallowfullscreen : \"true\"},\n\tflashvars : {\n\t\tfile : \"http%3A%2F%2Fwww.agriatv.hu%2Fwp-content%2Fuploads%2F2011%2F06%2F0611motoros.flv\",\n\t\tvolume : \"80\",\n\t\tbufferlength : \"5\",\n\t\tquality : \"false\",\n\t\t'logo.hide' : \"false\",\n\t\timage : \"http%3A%2F%2Fwww.agriatv.hu%2Fwp-content%2Fuploads%2F2011%2F06%2F0611motoros.jpg\",\n\t\ttitle : \"0611motoros.flv\",\n\t\tlinktarget : \"_self\"},\n\tattr : {\n\t\tid : \"WT1\",\n\t\tname : \"WT1\"},\n\tstart : function() {\n\t\tswfobject.embedSWF(\"https:\/\/www.agriatv.hu\/\/player.swf\", \"WT1_1\", \"320\", \"240\", \"9.0.0\", false, this.flashvars, this.params , this.attr );\n\t}\n}\nWT1_1.start();\n\t<\/script>\n<\/p>\n","protected":false},"excerpt":{"rendered":"<p>A n\u00f6vekv\u0151 motoros-forgalommal egyenesen ar\u00e1nyos a motorosok \u00e1ltal okozott balesetek  sz\u00e1ma \u00e9s azok s\u00falyoss\u00e1gi foka, mely az ut\u00f3bbi id\u0151ben egyre nagyobb probl\u00e9m\u00e1t jelent. Heves megye f\u00f6ldrajzi adotts\u00e1g\u00e1n\u00e1l fogva kedvelt c\u00e9l\u00e1llom\u00e1sa a motorosoknak, a 24-es  f\u0151\u00fat m\u00e1trai szakasza nagyon n\u00e9pszer\u0171 t\u00fara\u00fatvonal. Azok a motorosok, akik  nem rendelkeznek kell\u0151 tapasztalattal, egy-egy vesz\u00e9lyhelyzet bek\u00f6vetkez\u00e9sekor  [&#8230;]<\/p>\n","protected":false},"author":4,"featured_media":0,"comment_status":"open","ping_status":"closed","sticky":false,"template":"","format":"standard","meta":{"footnotes":""},"categories":[5],"tags":[41,56,38,39,55],"class_list":["post-4509","post","type-post","status-publish","format-standard","hentry","category-kek-hirek","tag-baleset","tag-biztonsag","tag-matra","tag-motoros","tag-rendor"],"_links":{"self":[{"href":"https:\/\/www.agriatv.hu\/index.php?rest_route=\/wp\/v2\/posts\/4509","targetHints":{"allow":["GET"]}}],"collection":[{"href":"https:\/\/www.agriatv.hu\/index.php?rest_route=\/wp\/v2\/posts"}],"about":[{"href":"https:\/\/www.agriatv.hu\/index.php?rest_route=\/wp\/v2\/types\/post"}],"author":[{"embeddable":true,"href":"https:\/\/www.agriatv.hu\/index.php?rest_route=\/wp\/v2\/users\/4"}],"replies":[{"embeddable":true,"href":"https:\/\/www.agriatv.hu\/index.php?rest_route=%2Fwp%2Fv2%2Fcomments&post=4509"}],"version-history":[{"count":5,"href":"https:\/\/www.agriatv.hu\/index.php?rest_route=\/wp\/v2\/posts\/4509\/revisions"}],"predecessor-version":[{"id":4580,"href":"https:\/\/www.agriatv.hu\/index.php?rest_route=\/wp\/v2\/posts\/4509\/revisions\/4580"}],"wp:attachment":[{"href":"https:\/\/www.agriatv.hu\/index.php?rest_route=%2Fwp%2Fv2%2Fmedia&parent=4509"}],"wp:term":[{"taxonomy":"category","embeddable":true,"href":"https:\/\/www.agriatv.hu\/index.php?rest_route=%2Fwp%2Fv2%2Fcategories&post=4509"},{"taxonomy":"post_tag","embeddable":true,"href":"https:\/\/www.agriatv.hu\/index.php?rest_route=%2Fwp%2Fv2%2Ftags&post=4509"}],"curies":[{"name":"wp","href":"https:\/\/api.w.org\/{rel}","templated":true}]}}