{"id":4556,"date":"2011-06-17T08:21:16","date_gmt":"2011-06-17T08:21:16","guid":{"rendered":"http:\/\/www.agriatv.hu\/?p=4556"},"modified":"2011-06-17T08:21:16","modified_gmt":"2011-06-17T08:21:16","slug":"sikeres-program","status":"publish","type":"post","link":"https:\/\/www.agriatv.hu\/?p=4556","title":{"rendered":"Sikeres program"},"content":{"rendered":"<p>&nbsp;<\/p>\n<p><img loading=\"lazy\" decoding=\"async\" class=\"alignleft\" src=\"http:\/\/www.egriszin.hu\/RenderedContents\/IndexImages\/7\/7838-20110616160035-325-20080407_144649-hunyadi1.jpg\" alt=\"\" width=\"150\" height=\"113\" \/><\/p>\n<p><strong>Az \u201eInformatikai infrastrukt\u00fara fejleszt\u00e9se Eger V\u00e1ros oktat\u00e1si  int\u00e9zm\u00e9nyeiben\u201d c\u00edm\u0171 projekt z\u00e1r\u00f3rendezv\u00e9ny\u00e9t tartott\u00e1k szerd\u00e1n Egerben,  a Hunyadi M\u00e1ty\u00e1s \u00c1ltal\u00e1nos Iskol\u00e1ban.<\/strong><\/p>\n<p>A z\u00e1r\u00f3rendezv\u00e9nyen <em>Dr. Nyitrai Zsolt,<\/em> a  Nemzeti Fejleszt\u00e9si Miniszt\u00e9rium infokommunik\u00e1ci\u00f3\u00e9rt felel\u0151s  \u00e1llamtitk\u00e1ra k\u00f6sz\u00f6nt\u0151j\u00e9ben kiemelte: napjainkban komoly jelent\u0151s\u00e9ge van  az informatikai tud\u00e1snak, hiszen a munkaer\u0151piacon igen nehezen lehet  \u00e9rv\u00e9nyes\u00fclni en\u00e9lk\u00fcl. Hozz\u00e1tette: az egri \u00f6nkorm\u00e1nyzat fontos l\u00e9p\u00e9st  tett azzal, hogy uni\u00f3s t\u00e1mogat\u00e1ssal felszerelte oktat\u00e1si int\u00e9zm\u00e9nyeit a  legkorszer\u0171bb eszk\u00f6z\u00f6kkel.<\/p>\n<p><em>R\u00e1zsi Botond<\/em>,  Eger MJV alpolg\u00e1rmestere kor\u00e1bbi int\u00e9zm\u00e9nyvezet\u0151i tapasztalataira  utalva r\u00e1mutatott: az eszk\u00f6z\u00f6k megl\u00e9te kulcsfontoss\u00e1g\u00fa a sz\u00ednvonalas  oktat\u00e1shoz, s m\u00edg n\u00e9h\u00e1ny \u00e9vvel ezel\u0151tt el\u00e9rhetetlennek t\u0171nt az ilyen  technikai sz\u00ednvonal, m\u00e1ra az iskol\u00e1k hozz\u00e1juthattak a berendez\u00e9sekhez. A  program \u00e9s az \u00f6nkorm\u00e1nyzat t\u00e1mogat\u00e1s\u00e1val a pedag\u00f3gusok tov\u00e1bbk\u00e9pz\u00e9seken  is r\u00e9szt vesznek. <em>Ballag\u00f3 Zolt\u00e1n<\/em> projektmenedzser  ismertet\u0151j\u00e9ben elmondta: k\u00f6zel 200 milli\u00f3 forintot nyert p\u00e1ly\u00e1zaton Eger  v\u00e1ros \u00f6nkorm\u00e1nyzata az \u00daj Magyarorsz\u00e1g Fejleszt\u00e9si Terv T\u00e1rsadalmi  Infrastrukt\u00fara Operat\u00edv Program keret\u00e9ben oktat\u00e1si int\u00e9zm\u00e9nyeinek  informatikai fejleszt\u00e9s\u00e9re. M\u00e1jus v\u00e9g\u00e9ig n\u00e9gy \u00e1ltal\u00e1nos iskola \u00e9s h\u00e9t  k\u00f6z\u00e9piskola kapott 119 iskolai tananyagcsomagot, interakt\u00edv t\u00e1bl\u00e1kkal,  notebookokkal, kivet\u00edt\u0151kkel, iskolai PC-kel. <em>Bodn\u00e1r G\u00e1bor,<\/em> a  Hunyadi M\u00e1ty\u00e1s \u00c1ltal\u00e1nos Iskola igazgat\u00f3ja az int\u00e9zm\u00e9nyvezet\u0151k nev\u00e9ben  k\u00f6sz\u00f6netet mondott a p\u00e1ly\u00e1zat adta lehet\u0151s\u00e9gek\u00e9rt, s az \u00f6nkorm\u00e1nyzat  t\u00e1mogat\u00e1s\u00e1\u00e9rt, mellyel a program k\u00f6lts\u00e9gvet\u00e9s\u00e9n fel\u00fcl tov\u00e1bbi  t\u00f6bbmilli\u00f3s forr\u00e1st biztos\u00edtott b\u00fatorok, kieg\u00e9sz\u00edt\u0151k v\u00e1s\u00e1rl\u00e1s\u00e1ra. Az  \u00fcnnep\u00e9lyes rendezv\u00e9ny r\u00e9sztvev\u0151i a program z\u00e1r\u00e1sak\u00e9nt a gyakorlatban is  megismerhett\u00e9k az eszk\u00f6z\u00f6k m\u0171k\u00f6d\u00e9s\u00e9t a Hunyadi M\u00e1ty\u00e1s \u00c1ltal\u00e1nos Iskola  harmadikosainak bemutat\u00f3 \u00f3r\u00e1j\u00e1n.<br \/>\nA projekt f\u0151\u00f6sszege: 195 552 000 Ft.<br \/>\nA programot az Eur\u00f3pai Region\u00e1lis Fejleszt\u00e9si Alap t\u00e1mogatja.<\/p>\n","protected":false},"excerpt":{"rendered":"<p>&nbsp;<\/p>\n<p>Az \u201eInformatikai infrastrukt\u00fara fejleszt\u00e9se Eger V\u00e1ros oktat\u00e1si  int\u00e9zm\u00e9nyeiben\u201d c\u00edm\u0171 projekt z\u00e1r\u00f3rendezv\u00e9ny\u00e9t tartott\u00e1k szerd\u00e1n Egerben,  a Hunyadi M\u00e1ty\u00e1s \u00c1ltal\u00e1nos Iskol\u00e1ban.<br \/>\nA z\u00e1r\u00f3rendezv\u00e9nyen Dr. Nyitrai Zsolt, a  Nemzeti Fejleszt\u00e9si Miniszt\u00e9rium infokommunik\u00e1ci\u00f3\u00e9rt felel\u0151s  \u00e1llamtitk\u00e1ra k\u00f6sz\u00f6nt\u0151j\u00e9ben kiemelte: napjainkban komoly jelent\u0151s\u00e9ge van  az informatikai tud\u00e1snak, hiszen a munkaer\u0151piacon igen nehezen lehet  \u00e9rv\u00e9nyes\u00fclni en\u00e9lk\u00fcl. Hozz\u00e1tette: az [&#8230;]<\/p>\n","protected":false},"author":4,"featured_media":0,"comment_status":"open","ping_status":"open","sticky":false,"template":"","format":"standard","meta":{"footnotes":""},"categories":[9],"tags":[],"class_list":["post-4556","post","type-post","status-publish","format-standard","hentry","category-oktatas"],"_links":{"self":[{"href":"https:\/\/www.agriatv.hu\/index.php?rest_route=\/wp\/v2\/posts\/4556","targetHints":{"allow":["GET"]}}],"collection":[{"href":"https:\/\/www.agriatv.hu\/index.php?rest_route=\/wp\/v2\/posts"}],"about":[{"href":"https:\/\/www.agriatv.hu\/index.php?rest_route=\/wp\/v2\/types\/post"}],"author":[{"embeddable":true,"href":"https:\/\/www.agriatv.hu\/index.php?rest_route=\/wp\/v2\/users\/4"}],"replies":[{"embeddable":true,"href":"https:\/\/www.agriatv.hu\/index.php?rest_route=%2Fwp%2Fv2%2Fcomments&post=4556"}],"version-history":[{"count":1,"href":"https:\/\/www.agriatv.hu\/index.php?rest_route=\/wp\/v2\/posts\/4556\/revisions"}],"predecessor-version":[{"id":4557,"href":"https:\/\/www.agriatv.hu\/index.php?rest_route=\/wp\/v2\/posts\/4556\/revisions\/4557"}],"wp:attachment":[{"href":"https:\/\/www.agriatv.hu\/index.php?rest_route=%2Fwp%2Fv2%2Fmedia&parent=4556"}],"wp:term":[{"taxonomy":"category","embeddable":true,"href":"https:\/\/www.agriatv.hu\/index.php?rest_route=%2Fwp%2Fv2%2Fcategories&post=4556"},{"taxonomy":"post_tag","embeddable":true,"href":"https:\/\/www.agriatv.hu\/index.php?rest_route=%2Fwp%2Fv2%2Ftags&post=4556"}],"curies":[{"name":"wp","href":"https:\/\/api.w.org\/{rel}","templated":true}]}}