{"id":4659,"date":"2011-06-25T18:26:52","date_gmt":"2011-06-25T18:26:52","guid":{"rendered":"http:\/\/www.agriatv.hu\/?p=4659"},"modified":"2011-06-26T20:39:24","modified_gmt":"2011-06-26T20:39:24","slug":"eselynap-julius-2-an-egerben-is","status":"publish","type":"post","link":"https:\/\/www.agriatv.hu\/?p=4659","title":{"rendered":"Es\u00e9lynap: j\u00falius 2-\u00e1n Egerben is"},"content":{"rendered":"<p><a href=\"https:\/\/www.agriatv.hu\/wp-content\/uploads\/2011\/06\/0624eselynap_V.jpg\"><img loading=\"lazy\" decoding=\"async\" class=\"alignleft size-medium wp-image-4660\" title=\"0624eselynap_V\" src=\"https:\/\/www.agriatv.hu\/wp-content\/uploads\/2011\/06\/0624eselynap_V-300x240.jpg\" alt=\"\" width=\"157\" height=\"100\" \/><\/a>Az Es\u00e9lynap rendezv\u00e9nysorozat 13. \u00e1llom\u00e1sa volt Salg\u00f3tarj\u00e1nban. Az eg\u00e9sz napos kavalk\u00e1d a Nemzeti Er\u0151forr\u00e1s Miniszt\u00e9rium t\u00e1mogat\u00e1s\u00e1val, a Veled-\u00c9rted egyes\u00fclet szervez\u00e9s\u00e9ben j\u00f6tt l\u00e9tre. Mott\u00f3juk: minden ember m\u00e1s, minden ember \u00e9rt\u00e9kes. A sz\u00ednpadon a helyi civil csoportok, egy\u00fcttesek, sz\u00f3list\u00e1k l\u00e9ptek fel.<\/p>\n<p>J\u00falius 2-\u00e1n Egerbe \u00e9rkezik a rendezv\u00e9ny.<div class=\"wordtube\">\n<div class=\"wordtube single329\" id=\"WT1_1\" style=\"width:320px; height:240px;\">\n<a href=\"http:\/\/www.macromedia.com\/go\/getflashplayer\">Get the Flash Player<\/a> to see the wordTube Media Player.\n<\/div><\/div>\n\t<script type=\"text\/javascript\" defer=\"defer\">\nvar WT1_1 = {\n\tparams : {\n\t\twmode : \"opaque\",\n\t\tallowscriptaccess : \"always\",\n\t\tallownetworking : \"all\",\n\t\tallowfullscreen : \"true\"},\n\tflashvars : {\n\t\tfile : \"http%3A%2F%2Fwww.agriatv.hu%2Fwp-content%2Fuploads%2F2011%2F06%2F0624eselynap.flv\",\n\t\tvolume : \"80\",\n\t\tbufferlength : \"5\",\n\t\tquality : \"false\",\n\t\t'logo.hide' : \"false\",\n\t\timage : \"http%3A%2F%2Fwww.agriatv.hu%2Fwp-content%2Fuploads%2F2011%2F06%2F0624eselynap.jpg\",\n\t\ttitle : \"0624eselynap.flv\",\n\t\tlinktarget : \"_self\"},\n\tattr : {\n\t\tid : \"WT1\",\n\t\tname : \"WT1\"},\n\tstart : function() {\n\t\tswfobject.embedSWF(\"https:\/\/www.agriatv.hu\/\/player.swf\", \"WT1_1\", \"320\", \"240\", \"9.0.0\", false, this.flashvars, this.params , this.attr );\n\t}\n}\nWT1_1.start();\n\t<\/script>\n<\/p>\n","protected":false},"excerpt":{"rendered":"<p>Az Es\u00e9lynap rendezv\u00e9nysorozat 13. \u00e1llom\u00e1sa volt Salg\u00f3tarj\u00e1nban. Az eg\u00e9sz napos kavalk\u00e1d a Nemzeti Er\u0151forr\u00e1s Miniszt\u00e9rium t\u00e1mogat\u00e1s\u00e1val, a Veled-\u00c9rted egyes\u00fclet szervez\u00e9s\u00e9ben j\u00f6tt l\u00e9tre. Mott\u00f3juk: minden ember m\u00e1s, minden ember \u00e9rt\u00e9kes. A sz\u00ednpadon a helyi civil csoportok, egy\u00fcttesek, sz\u00f3list\u00e1k l\u00e9ptek fel.<br \/>\nJ\u00falius 2-\u00e1n Egerbe \u00e9rkezik a rendezv\u00e9ny.<\/p>\n","protected":false},"author":4,"featured_media":0,"comment_status":"open","ping_status":"open","sticky":false,"template":"","format":"standard","meta":{"footnotes":""},"categories":[6,4],"tags":[89,88],"class_list":["post-4659","post","type-post","status-publish","format-standard","hentry","category-belfold","category-szabadido","tag-civil","tag-eselynap"],"_links":{"self":[{"href":"https:\/\/www.agriatv.hu\/index.php?rest_route=\/wp\/v2\/posts\/4659","targetHints":{"allow":["GET"]}}],"collection":[{"href":"https:\/\/www.agriatv.hu\/index.php?rest_route=\/wp\/v2\/posts"}],"about":[{"href":"https:\/\/www.agriatv.hu\/index.php?rest_route=\/wp\/v2\/types\/post"}],"author":[{"embeddable":true,"href":"https:\/\/www.agriatv.hu\/index.php?rest_route=\/wp\/v2\/users\/4"}],"replies":[{"embeddable":true,"href":"https:\/\/www.agriatv.hu\/index.php?rest_route=%2Fwp%2Fv2%2Fcomments&post=4659"}],"version-history":[{"count":9,"href":"https:\/\/www.agriatv.hu\/index.php?rest_route=\/wp\/v2\/posts\/4659\/revisions"}],"predecessor-version":[{"id":4668,"href":"https:\/\/www.agriatv.hu\/index.php?rest_route=\/wp\/v2\/posts\/4659\/revisions\/4668"}],"wp:attachment":[{"href":"https:\/\/www.agriatv.hu\/index.php?rest_route=%2Fwp%2Fv2%2Fmedia&parent=4659"}],"wp:term":[{"taxonomy":"category","embeddable":true,"href":"https:\/\/www.agriatv.hu\/index.php?rest_route=%2Fwp%2Fv2%2Fcategories&post=4659"},{"taxonomy":"post_tag","embeddable":true,"href":"https:\/\/www.agriatv.hu\/index.php?rest_route=%2Fwp%2Fv2%2Ftags&post=4659"}],"curies":[{"name":"wp","href":"https:\/\/api.w.org\/{rel}","templated":true}]}}