{"id":467,"date":"2010-07-12T11:27:38","date_gmt":"2010-07-12T11:27:38","guid":{"rendered":"http:\/\/www.agriatv.hu\/?p=467"},"modified":"2010-07-12T11:27:38","modified_gmt":"2010-07-12T11:27:38","slug":"fogyasztovedelmi-ellenorzesek","status":"publish","type":"post","link":"https:\/\/www.agriatv.hu\/?p=467","title":{"rendered":"Fogyaszt\u00f3v\u00e9delmi ellen\u0151rz\u00e9sek"},"content":{"rendered":"<p class=\"cikkcikkei\">&nbsp;<\/p>\n<p><img decoding=\"async\" align=\"left\" class=\"kiskepcikkhez\" src=\"http:\/\/www.egriszin.hu\/RenderedContents\/IndexImages\/5\/5778-20100712104403-bufe.jpg\" title=\"\" \/><\/p>\n<p><b>A fogyaszt&oacute;v&eacute;delmi hat&oacute;s&aacute;g id&eacute;n is kiemelt figyelmet ford&iacute;t a v&iacute;zparti nyaral&oacute;helyek, strandok, k&uuml;l&ouml;nb&ouml;z\u0151 vend&eacute;gl&aacute;t&oacute;-egys&eacute;gek, kultur&aacute;lis esem&eacute;nyek, fesztiv&aacute;lok ellen\u0151rz&eacute;s&eacute;re a ny&aacute;ri idegenforgalmi f\u0151szezonban.<\/b><\/p>\n<div align=\"justify\">R&eacute;gi&oacute;nkban j&uacute;nius v&eacute;g&eacute;n kezd\u0151dtek a ny&aacute;ri ellen\u0151rz&eacute;sek, melyek f\u0151 c&eacute;lja a fogyaszt&oacute;k vagyoni &eacute;rdekeinek v&eacute;delme, a fogyaszt&oacute;k megk&aacute;ros&iacute;t&aacute;s&aacute;hoz, megt&eacute;veszt&eacute;s&eacute;hez vezet\u0151 szab&aacute;lytalans&aacute;gok felder&iacute;t&eacute;se &eacute;s szankcion&aacute;l&aacute;sa. Nagy hangs&uacute;lyt fektetnek a fiatalkor&uacute;ak v&eacute;delme &eacute;rdek&eacute;ben az alkohol-, illetve a doh&aacute;nyterm&eacute;kek kiszolg&aacute;l&aacute;s&aacute;ra vonatkoz&oacute; t&ouml;rv&eacute;nyi tilalom, valamint az e term&eacute;kek rekl&aacute;moz&aacute;s&aacute;val kapcsolatos szab&aacute;lyok betart&aacute;s&aacute;nak ellen\u0151rz&eacute;s&eacute;re.<\/div>\n<div align=\"justify\">&nbsp;<\/div>\n<p>Fontos elv&aacute;r&aacute;s, hogy a fogyaszt&oacute;k korrekt &eacute;s pontos inform&aacute;ci&oacute;kat kapjanak egy v&aacute;s&aacute;rl&aacute;ssal vagy szolg&aacute;ltat&aacute;ssal kapcsolatban, p&eacute;nz&uuml;k&eacute;rt azt kapj&aacute;k, ami ak&aacute;r a szolg&aacute;ltat&oacute; el\u0151zetes &iacute;g&eacute;rete, ak&aacute;r a jogszab&aacute;lyi rendelkez&eacute;sek alapj&aacute;n elv&aacute;rhat&oacute;. A f&eacute;lrevezet\u0151, megt&eacute;veszt\u0151 vagy egy&eacute;b m&oacute;don tisztess&eacute;gtelen kereskedelmi gyakorlat kisz\u0171r&eacute;se nem csup&aacute;n a fogyaszt&oacute;k, hanem a jogszab&aacute;lyokat &ndash; ezen kereszt&uuml;l a fogyaszt&oacute;i &eacute;rdekeket &ndash; szem el\u0151tt tart&oacute; tisztess&eacute;ges v&aacute;llalkoz&aacute;soknak &eacute;rdekeit is v&eacute;di.<\/p>\n<p>Forr&aacute;s: Egrisz&iacute;n<\/p>\n","protected":false},"excerpt":{"rendered":"<p>&nbsp;<\/p>\n<p>A fogyaszt&oacute;v&eacute;delmi hat&oacute;s&aacute;g id&eacute;n is kiemelt figyelmet ford&iacute;t a v&iacute;zparti nyaral&oacute;helyek, strandok, k&uuml;l&ouml;nb&ouml;z\u0151 vend&eacute;gl&aacute;t&oacute;-egys&eacute;gek, kultur&aacute;lis esem&eacute;nyek, fesztiv&aacute;lok ellen\u0151rz&eacute;s&eacute;re a ny&aacute;ri idegenforgalmi f\u0151szezonban.<br \/>\nR&eacute;gi&oacute;nkban j&uacute;nius v&eacute;g&eacute;n kezd\u0151dtek a ny&aacute;ri ellen\u0151rz&eacute;sek, melyek f\u0151 c&eacute;lja a fogyaszt&oacute;k vagyoni &eacute;rdekeinek v&eacute;delme, a fogyaszt&oacute;k megk&aacute;ros&iacute;t&aacute;s&aacute;hoz, megt&eacute;veszt&eacute;s&eacute;hez vezet\u0151 szab&aacute;lytalans&aacute;gok felder&iacute;t&eacute;se &eacute;s szankcion&aacute;l&aacute;sa. Nagy hangs&uacute;lyt fektetnek a fiatalkor&uacute;ak v&eacute;delme &eacute;rdek&eacute;ben az alkohol-, illetve [&#8230;]<\/p>\n","protected":false},"author":4,"featured_media":0,"comment_status":"closed","ping_status":"closed","sticky":false,"template":"","format":"standard","meta":{"footnotes":""},"categories":[6],"tags":[],"class_list":["post-467","post","type-post","status-publish","format-standard","hentry","category-belfold"],"_links":{"self":[{"href":"https:\/\/www.agriatv.hu\/index.php?rest_route=\/wp\/v2\/posts\/467","targetHints":{"allow":["GET"]}}],"collection":[{"href":"https:\/\/www.agriatv.hu\/index.php?rest_route=\/wp\/v2\/posts"}],"about":[{"href":"https:\/\/www.agriatv.hu\/index.php?rest_route=\/wp\/v2\/types\/post"}],"author":[{"embeddable":true,"href":"https:\/\/www.agriatv.hu\/index.php?rest_route=\/wp\/v2\/users\/4"}],"replies":[{"embeddable":true,"href":"https:\/\/www.agriatv.hu\/index.php?rest_route=%2Fwp%2Fv2%2Fcomments&post=467"}],"version-history":[{"count":1,"href":"https:\/\/www.agriatv.hu\/index.php?rest_route=\/wp\/v2\/posts\/467\/revisions"}],"predecessor-version":[{"id":468,"href":"https:\/\/www.agriatv.hu\/index.php?rest_route=\/wp\/v2\/posts\/467\/revisions\/468"}],"wp:attachment":[{"href":"https:\/\/www.agriatv.hu\/index.php?rest_route=%2Fwp%2Fv2%2Fmedia&parent=467"}],"wp:term":[{"taxonomy":"category","embeddable":true,"href":"https:\/\/www.agriatv.hu\/index.php?rest_route=%2Fwp%2Fv2%2Fcategories&post=467"},{"taxonomy":"post_tag","embeddable":true,"href":"https:\/\/www.agriatv.hu\/index.php?rest_route=%2Fwp%2Fv2%2Ftags&post=467"}],"curies":[{"name":"wp","href":"https:\/\/api.w.org\/{rel}","templated":true}]}}