{"id":4691,"date":"2011-06-29T15:37:19","date_gmt":"2011-06-29T15:37:19","guid":{"rendered":"http:\/\/www.agriatv.hu\/?p=4691"},"modified":"2011-06-30T14:44:50","modified_gmt":"2011-06-30T14:44:50","slug":"autokra-dolt-egy-hatalmas-fa-egerben","status":"publish","type":"post","link":"https:\/\/www.agriatv.hu\/?p=4691","title":{"rendered":"Aut\u00f3kra d\u0151lt egy hatalmas fa Egerben"},"content":{"rendered":"<p><span class=\"nagyit\"> <\/span> <img loading=\"lazy\" decoding=\"async\" class=\"alignleft\" title=\"Az egri t\u0171zolt\u00f3k seg\u00edt\u00e9s\u00e9g\u00e9t k\u00e9rt\u00e9k a kid\u0151lt f\u00e1hoz.  Fot\u00f3: L\u00e9n\u00e1rt M\u00e1rton\" src=\"http:\/\/heol.hu\/lapokkepek\/cikkek\/154000\/154822_doltfa.jpg\" alt=\"Az egri t\u0171zolt\u00f3k seg\u00edt\u00e9s\u00e9g\u00e9t k\u00e9rt\u00e9k a kid\u0151lt f\u00e1hoz.  Fot\u00f3: L\u00e9n\u00e1rt M\u00e1rton\" width=\"154\" height=\"103\" \/> Egy kid\u0151lt fa miatt riasztott\u00e1k az egri t\u0171zolt\u00f3kat a megyesz\u00e9khelyen  szerd\u00e1n d\u00e9lel\u0151tt. A Kossuth Lajos utc\u00e1ban h\u00e1rom parkol\u00f3 szem\u00e9lyaut\u00f3ra  d\u0151lt a monstrum. A szakemberek motoros f\u0171r\u00e9sszel darabolt\u00e1k fel a  d\u00faslomb\u00fa n\u00f6v\u00e9nyt, majd elsz\u00e1ll\u00edtott\u00e1k a helysz\u00ednr\u0151l. A kocsikban  \u00f6sszesen egymilli\u00f3 forintos k\u00e1r keletkezett.<\/p>\n<p><strong>Papp Zsolt<\/strong> t\u0171zolt\u00f3 hadnagy elmondta, hogy n\u00e9gy aut\u00f3  s\u00e9r\u00fclt meg,\u00a0legink\u00e1bb kisebb horpad\u00e1sok keletkeztek rajtuk. \u00dagy tudjuk,  hogy az egyik tulajdonos \u00e9pp g\u00e9pj\u00e1rm\u0171ve mellett tart\u00f3zkodott, de  siker\u00fclt ell\u00e9pnie a kid\u0151l\u0151 fa el\u0151l.<br \/>\nAz \u00f6nkorm\u00e1nyzat vizsg\u00e1lja a  k\u00e1rt\u00e9r\u00edt\u00e9si k\u00f6telezetts\u00e9g\u00e9t, felk\u00e9rt\u00e9k a V\u00e1rosgondoz\u00e1s Eger Kft.-t a  teljes fasor \u00e1llapot\u00e1nak m\u0171szeres felm\u00e9r\u00e9s\u00e9re \u2013 t\u00e1j\u00e9koztatott <strong>D\u00e9r Ferenc<\/strong>,  a V\u00e1rosfejleszt\u00e9si \u00e9s \u2013\u00fczemeltet\u00e9si Iroda vezet\u0151je. Hozz\u00e1tette, hogy a  led\u0151lt fa k\u00f6zel\u00e9ben k\u00f6zm\u0171bont\u00e1s az elm\u00falt \u00e9vekben nem volt, mivel az  eset k\u00f6zvetlen k\u00f6zel\u00e9ben k\u00f6zm\u0171 nem is tal\u00e1lhat\u00f3.<\/p>\n<p>A f\u00e1nak viszonylag kism\u00e9ret\u0171 gy\u00f6k\u00e9rzete volt, az \u00fat \u00e9s a parkol\u00f3k  fel\u00f6li oldalon hi\u00e1nyoztak a t\u00e1maszt\u00f3 gy\u00f6kerek. A fa kid\u0151l\u00e9s\u00e9t az  okozhatta, hogy a megl\u00e9v\u0151 t\u00e1maszt\u00e9kai nem tudt\u00e1k megtartani a nagy  lombkoron\u00e1t, amelynek s\u00falya a nagyobb mennyis\u00e9g\u0171 lehullott csapad\u00e9k  miatt megn\u00f6vekedett.<br \/>\nA Magyar Biztos\u00edt\u00f3k T\u00e1rsas\u00e1ga lapunkat \u00fagy inform\u00e1lta  port\u00e1lunkat: ha az \u00f6nkorm\u00e1nyzat munkat\u00e1rsai nem felel\u0151sek a fa  kid\u0151l\u00e9s\u00e9\u00e9rt, akkor csup\u00e1n a Casco-val rendelkez\u0151 tulajdonosok  sz\u00e1m\u00edthatnak k\u00e1rt\u00e9r\u00edt\u00e9sre.<\/p>\n<p>Forr\u00e1s: <a href=\"http:\/\/heol.hu\">HEOL<\/a><\/p>\n","protected":false},"excerpt":{"rendered":"<p>   Egy kid\u0151lt fa miatt riasztott\u00e1k az egri t\u0171zolt\u00f3kat a megyesz\u00e9khelyen  szerd\u00e1n d\u00e9lel\u0151tt. A Kossuth Lajos utc\u00e1ban h\u00e1rom parkol\u00f3 szem\u00e9lyaut\u00f3ra  d\u0151lt a monstrum. A szakemberek motoros f\u0171r\u00e9sszel darabolt\u00e1k fel a  d\u00faslomb\u00fa n\u00f6v\u00e9nyt, majd elsz\u00e1ll\u00edtott\u00e1k a helysz\u00ednr\u0151l. A kocsikban  \u00f6sszesen egymilli\u00f3 forintos k\u00e1r keletkezett.<br \/>\nPapp Zsolt t\u0171zolt\u00f3 hadnagy elmondta, hogy n\u00e9gy [&#8230;]<\/p>\n","protected":false},"author":4,"featured_media":0,"comment_status":"open","ping_status":"closed","sticky":false,"template":"","format":"standard","meta":{"footnotes":""},"categories":[5],"tags":[102,101,98,99,100],"class_list":["post-4691","post","type-post","status-publish","format-standard","hentry","category-kek-hirek","tag-biztosito","tag-csapadek","tag-kidolt-fa","tag-tuzoltosag","tag-varosgodozas"],"_links":{"self":[{"href":"https:\/\/www.agriatv.hu\/index.php?rest_route=\/wp\/v2\/posts\/4691","targetHints":{"allow":["GET"]}}],"collection":[{"href":"https:\/\/www.agriatv.hu\/index.php?rest_route=\/wp\/v2\/posts"}],"about":[{"href":"https:\/\/www.agriatv.hu\/index.php?rest_route=\/wp\/v2\/types\/post"}],"author":[{"embeddable":true,"href":"https:\/\/www.agriatv.hu\/index.php?rest_route=\/wp\/v2\/users\/4"}],"replies":[{"embeddable":true,"href":"https:\/\/www.agriatv.hu\/index.php?rest_route=%2Fwp%2Fv2%2Fcomments&post=4691"}],"version-history":[{"count":3,"href":"https:\/\/www.agriatv.hu\/index.php?rest_route=\/wp\/v2\/posts\/4691\/revisions"}],"predecessor-version":[{"id":4693,"href":"https:\/\/www.agriatv.hu\/index.php?rest_route=\/wp\/v2\/posts\/4691\/revisions\/4693"}],"wp:attachment":[{"href":"https:\/\/www.agriatv.hu\/index.php?rest_route=%2Fwp%2Fv2%2Fmedia&parent=4691"}],"wp:term":[{"taxonomy":"category","embeddable":true,"href":"https:\/\/www.agriatv.hu\/index.php?rest_route=%2Fwp%2Fv2%2Fcategories&post=4691"},{"taxonomy":"post_tag","embeddable":true,"href":"https:\/\/www.agriatv.hu\/index.php?rest_route=%2Fwp%2Fv2%2Ftags&post=4691"}],"curies":[{"name":"wp","href":"https:\/\/api.w.org\/{rel}","templated":true}]}}