{"id":4710,"date":"2011-06-30T16:08:04","date_gmt":"2011-06-30T16:08:04","guid":{"rendered":"http:\/\/www.agriatv.hu\/?p=4710"},"modified":"2011-06-30T20:52:26","modified_gmt":"2011-06-30T20:52:26","slug":"kidolt-fa-nem-lehetett-elore-latni","status":"publish","type":"post","link":"https:\/\/www.agriatv.hu\/?p=4710","title":{"rendered":"Kid\u0151lt fa: nem lehetett el\u0151re l\u00e1tni"},"content":{"rendered":"<p><a href=\"https:\/\/www.agriatv.hu\/wp-content\/uploads\/2011\/06\/0630fa_V.jpg\"><img loading=\"lazy\" decoding=\"async\" class=\"size-medium wp-image-4711 alignleft\" title=\"0630fa_V\" src=\"https:\/\/www.agriatv.hu\/wp-content\/uploads\/2011\/06\/0630fa_V-300x240.jpg\" alt=\"\" width=\"138\" height=\"111\" srcset=\"https:\/\/www.agriatv.hu\/wp-content\/uploads\/2011\/06\/0630fa_V-300x240.jpg 300w, https:\/\/www.agriatv.hu\/wp-content\/uploads\/2011\/06\/0630fa_V.jpg 720w\" sizes=\"auto, (max-width: 138px) 100vw, 138px\" \/><\/a>A v\u00e1rosi fa\u00e1llom\u00e1ny gondoz\u00e1s\u00e1t k\u00f6zszolg\u00e1ltat\u00e1si szerz\u0151d\u00e9s alapj\u00e1n a  V\u00e1rosgondoz\u00e1s Eger Kft. v\u00e9gzi. A c\u00e9g feladatk\u00f6r\u00e9be tartozik a rendszeres  szemle, a f\u00e1k \u00e1llapot\u00e1nak vizsg\u00e1lata \u00e9s a lehets\u00e9ges vesz\u00e9lyhelyzet  felder\u00edt\u00e9se is. Ez a vizsg\u00e1lat szemrev\u00e9telez\u00e9s alapj\u00e1n, valamint sz\u00fcks\u00e9g  eset\u00e9n speci\u00e1lis favizsg\u00e1l\u00f3 m\u0171szer haszn\u00e1lat\u00e1val t\u00f6rt\u00e9nik, ut\u00f3bbi  esetben felt\u00e1rhat\u00f3 a fa t\u00f6rzs\u00e9n, vagy \u00e1gain el\u0151fordul\u00f3 rejtett \u00fcreg,  korhad\u00e1s, vagy reped\u00e9s is.<\/p>\n<p>A szerda d\u00e9lel\u0151tt folyam\u00e1n  gy\u00f6kerest\u0151l kid\u0151lt Egerben, a Kossuth Lajos utc\u00e1ban egy nyugati ostorfa  (Celtis occidentalis). Szerencs\u00e9re nem s\u00e9r\u00fclt meg senki, de n\u00e9gy  szem\u00e9lyg\u00e9pkocsiban k\u00e1r keletkezett. Az \u00f6nkorm\u00e1nyzat vizsg\u00e1lja a  k\u00e1rt\u00e9r\u00edt\u00e9si k\u00f6telezetts\u00e9g\u00e9t, felel\u0151ss\u00e9g\u00e9t, valamint annak \u00e9rdek\u00e9ben,  hogy m\u00e9g egyszer ne alakuljon ki ilyen v\u00e1ratlan \u00e9s vesz\u00e9lyes helyzet, a  Polg\u00e1rmesteri Hivatal k\u00fcl\u00f6n felk\u00e9rte a V\u00e1rosgondoz\u00e1s Eger Kft-t a teljes  fasor \u00e1llapot\u00e1nak m\u0171szeres felm\u00e9r\u00e9s\u00e9re.<div class=\"wordtube\">\n<div class=\"wordtube single333\" id=\"WT1_1\" style=\"width:320px; height:240px;\">\n<a href=\"http:\/\/www.macromedia.com\/go\/getflashplayer\">Get the Flash Player<\/a> to see the wordTube Media Player.\n<\/div><\/div>\n\t<script type=\"text\/javascript\" defer=\"defer\">\nvar WT1_1 = {\n\tparams : {\n\t\twmode : \"opaque\",\n\t\tallowscriptaccess : \"always\",\n\t\tallownetworking : \"all\",\n\t\tallowfullscreen : \"true\"},\n\tflashvars : {\n\t\tfile : \"http%3A%2F%2Fwww.agriatv.hu%2Fwp-content%2Fuploads%2F2011%2F06%2F0630fa.flv\",\n\t\tvolume : \"80\",\n\t\tbufferlength : \"5\",\n\t\tquality : \"false\",\n\t\t'logo.hide' : \"false\",\n\t\timage : \"http%3A%2F%2Fwww.agriatv.hu%2Fwp-content%2Fuploads%2F2011%2F06%2F0630fa.jpg\",\n\t\ttitle : \"0630fa.flv\",\n\t\tlinktarget : \"_self\"},\n\tattr : {\n\t\tid : \"WT1\",\n\t\tname : \"WT1\"},\n\tstart : function() {\n\t\tswfobject.embedSWF(\"https:\/\/www.agriatv.hu\/\/player.swf\", \"WT1_1\", \"320\", \"240\", \"9.0.0\", false, this.flashvars, this.params , this.attr );\n\t}\n}\nWT1_1.start();\n\t<\/script>\nAz ut\u00f3lagos vizsg\u00e1lat meg\u00e1llap\u00edtotta, hogy a f\u00e1nak viszonylag kism\u00e9ret\u0171  gy\u00f6k\u00e9rzete volt, az \u00fat \u00e9s a parkol\u00f3k fel\u00f6li oldalon hi\u00e1nyoztak a  t\u00e1maszt\u00f3 gy\u00f6kerek. A fa kid\u0151l\u00e9s\u00e9t azt okozhatta, hogy a megl\u00e9v\u0151  t\u00e1maszt\u00e9kai nem tudt\u00e1k megtartani a nagy lombkoron\u00e1t, melynek s\u00falya a  nagyobb mennyis\u00e9g\u0171 lehullott csapad\u00e9k miatt megn\u00f6vekedett.<\/p>\n","protected":false},"excerpt":{"rendered":"<p>A v\u00e1rosi fa\u00e1llom\u00e1ny gondoz\u00e1s\u00e1t k\u00f6zszolg\u00e1ltat\u00e1si szerz\u0151d\u00e9s alapj\u00e1n a  V\u00e1rosgondoz\u00e1s Eger Kft. v\u00e9gzi. A c\u00e9g feladatk\u00f6r\u00e9be tartozik a rendszeres  szemle, a f\u00e1k \u00e1llapot\u00e1nak vizsg\u00e1lata \u00e9s a lehets\u00e9ges vesz\u00e9lyhelyzet  felder\u00edt\u00e9se is. Ez a vizsg\u00e1lat szemrev\u00e9telez\u00e9s alapj\u00e1n, valamint sz\u00fcks\u00e9g  eset\u00e9n speci\u00e1lis favizsg\u00e1l\u00f3 m\u0171szer haszn\u00e1lat\u00e1val t\u00f6rt\u00e9nik, ut\u00f3bbi  esetben felt\u00e1rhat\u00f3 a fa t\u00f6rzs\u00e9n, vagy \u00e1gain [&#8230;]<\/p>\n","protected":false},"author":4,"featured_media":0,"comment_status":"open","ping_status":"closed","sticky":false,"template":"","format":"standard","meta":{"footnotes":""},"categories":[5],"tags":[41,102,116,115],"class_list":["post-4710","post","type-post","status-publish","format-standard","hentry","category-kek-hirek","tag-baleset","tag-biztosito","tag-fa","tag-varosgondozas"],"_links":{"self":[{"href":"https:\/\/www.agriatv.hu\/index.php?rest_route=\/wp\/v2\/posts\/4710","targetHints":{"allow":["GET"]}}],"collection":[{"href":"https:\/\/www.agriatv.hu\/index.php?rest_route=\/wp\/v2\/posts"}],"about":[{"href":"https:\/\/www.agriatv.hu\/index.php?rest_route=\/wp\/v2\/types\/post"}],"author":[{"embeddable":true,"href":"https:\/\/www.agriatv.hu\/index.php?rest_route=\/wp\/v2\/users\/4"}],"replies":[{"embeddable":true,"href":"https:\/\/www.agriatv.hu\/index.php?rest_route=%2Fwp%2Fv2%2Fcomments&post=4710"}],"version-history":[{"count":5,"href":"https:\/\/www.agriatv.hu\/index.php?rest_route=\/wp\/v2\/posts\/4710\/revisions"}],"predecessor-version":[{"id":4715,"href":"https:\/\/www.agriatv.hu\/index.php?rest_route=\/wp\/v2\/posts\/4710\/revisions\/4715"}],"wp:attachment":[{"href":"https:\/\/www.agriatv.hu\/index.php?rest_route=%2Fwp%2Fv2%2Fmedia&parent=4710"}],"wp:term":[{"taxonomy":"category","embeddable":true,"href":"https:\/\/www.agriatv.hu\/index.php?rest_route=%2Fwp%2Fv2%2Fcategories&post=4710"},{"taxonomy":"post_tag","embeddable":true,"href":"https:\/\/www.agriatv.hu\/index.php?rest_route=%2Fwp%2Fv2%2Ftags&post=4710"}],"curies":[{"name":"wp","href":"https:\/\/api.w.org\/{rel}","templated":true}]}}