{"id":4716,"date":"2011-06-30T16:14:46","date_gmt":"2011-06-30T16:14:46","guid":{"rendered":"http:\/\/www.agriatv.hu\/?p=4716"},"modified":"2011-07-13T23:59:21","modified_gmt":"2011-07-13T23:59:21","slug":"julius-1-je-a-kormanytisztviselok-napja","status":"publish","type":"post","link":"https:\/\/www.agriatv.hu\/?p=4716","title":{"rendered":"J\u00falius 1-je a Korm\u00e1nytisztvisel\u0151k Napja"},"content":{"rendered":"<p><span class=\"rg_ctlv\"><a id=\"rg_hl\" class=\"rg_hl\" href=\"http:\/\/www.google.hu\/imgres?imgurl=http:\/\/www.egeron.hu\/images\/2011\/01\/20\/lapozos_453_20110120194422_150.jpg&amp;imgrefurl=http:\/\/www.egeron.hu\/eger\/kormanyhivatali-kievezesek-heves-megyeben&amp;usg=__jdHRkeKGRd4c4puTRtMP2IhI-1w=&amp;h=86&amp;w=140&amp;sz=4&amp;hl=hu&amp;start=0&amp;zoom=1&amp;tbnid=qP63A6NXGwCmqM:&amp;tbnh=68&amp;tbnw=112&amp;ei=2J8MTtSyHIjvsgaf7rWTDw&amp;prev=\/search%3Fq%3Dkorm%25C3%25A1nyhivatal%2Beger%26hl%3Dhu%26sa%3DX%26biw%3D1157%26bih%3D598%26tbm%3Disch%26prmd%3Divns&amp;itbs=1&amp;iact=hc&amp;vpx=185&amp;vpy=163&amp;dur=1161&amp;hovh=68&amp;hovw=112&amp;tx=109&amp;ty=21&amp;page=1&amp;ndsp=15&amp;ved=1t:429,r:0,s:0\"><img loading=\"lazy\" decoding=\"async\" id=\"rg_hi\" class=\"rg_hi alignleft\" src=\"http:\/\/t3.gstatic.com\/images?q=tbn:ANd9GcRrMOPv5oN3X4IIsrm9OhvAtXGsap9WtJPPINxePgKUsAamr8yg\" alt=\"\" width=\"132\" height=\"80\" \/><\/a><\/span>J\u00falius<span class=\"rg_ctlv\"> <\/span> 1-je a korm\u00e1nytisztvisel\u0151k, a korm\u00e1nyzati \u00fcgykezel\u0151k, valamint a fizikai alkalmazottak sz\u00e1m\u00e1ra is munkasz\u00fcneti nap.<\/p>\n<p>Mivel az \u00fcgyf\u00e9lszolg\u00e1lati feladatok ell\u00e1t\u00e1sa, folyamatoss\u00e1g\u00e1nak fenntart\u00e1sa ezen a napon is kiemelt fontoss\u00e1g\u00fa, ez\u00e9rt az \u00fcgyf\u00e9lszolg\u00e1latokon dolgoz\u00f3k a Korm\u00e1nytisztvisel\u0151k Napj\u00e1n is a szok\u00e1sos munkarendben v\u00e9gzik majd teend\u0151iket.<\/p>\n<p><strong> <\/strong><\/p>\n<ul>\n<li><strong>A Heves Megyei      Korm\u00e1nyhivatal Integr\u00e1lt \u00dcgyf\u00e9lszolg\u00e1lati Irod\u00e1ja,<\/strong> a Korm\u00e1nyablak 8-20      \u00f3r\u00e1ig v\u00e1rja az \u00fcgyfeleket.<\/li>\n<li><strong>A Heves Megyei      Korm\u00e1nyhivatal Eg\u00e9szs\u00e9gbiztos\u00edt\u00e1si P\u00e9nzt\u00e1ri Szakigazgat\u00e1si Szerv\u00e9nek<\/strong> egri      \u00e9s gy\u00f6ngy\u00f6si \u00fcgyf\u00e9lszolg\u00e1lat\u00e1n a szok\u00e1sos p\u00e9nteki \u00fcgyf\u00e9lszolg\u00e1lati rend      szerint 8-12 \u00f3r\u00e1ig lesz \u00fcgyf\u00e9lfogad\u00e1s.<\/li>\n<li><strong>A Heves Megyei      Korm\u00e1nyhivatal Nyugd\u00edjbiztos\u00edt\u00e1si Igazgat\u00f3s\u00e1g\u00e1n <\/strong>Egerben \u00e9s Gy\u00f6ngy\u00f6s\u00f6n<strong> <\/strong>8-12 \u00f3r\u00e1ig fogadj\u00e1k az \u00fcgyfeleket.<\/li>\n<li><strong>A Heves Megyei Korm\u00e1nyhivatal      F\u00f6ldhivatal <\/strong>5 \u00fcgyf\u00e9lszolg\u00e1lat\u00e1n (Eger, Gy\u00f6ngy\u00f6s,      F\u00fczesabony, Hatvan, Heves)<strong> <\/strong>a szok\u00e1sos p\u00e9nteki      \u00fcgyf\u00e9lszolg\u00e1lati rend szerint 8-12 \u00f3r\u00e1ig lesz \u00fcgyf\u00e9lfogad\u00e1s.<\/li>\n<li><strong>A Heves Megyei      Korm\u00e1nyhivatal Fogyaszt\u00f3v\u00e9delmi Fel\u00fcgyel\u0151s\u00e9g <\/strong>egri \u00fcgyf\u00e9lszolg\u00e1lata      8-12 \u00f3r\u00e1ig tart nyitva.<\/li>\n<li><strong>A Heves Megyei      Korm\u00e1nyhivatal K\u00f6zleked\u00e9si Fel\u00fcgyelet <\/strong>egri \u00fcgyf\u00e9lszolg\u00e1lata<strong> <\/strong>8-14 \u00f3r\u00e1ig v\u00e1rja az \u00fcgyfeleket.<\/li>\n<li><strong>A Heves megy\u00e9ben m\u0171k\u00f6d\u0151      Munka\u00fcgyi K\u00f6zpont<\/strong> \u00fcgyf\u00e9lszolg\u00e1latai is m\u0171k\u00f6dnek 8-14 \u00f3r\u00e1ig.<\/li>\n<\/ul>\n<p>&nbsp;<\/p>\n<p>&nbsp;<\/p>\n","protected":false},"excerpt":{"rendered":"<p>J\u00falius  1-je a korm\u00e1nytisztvisel\u0151k, a korm\u00e1nyzati \u00fcgykezel\u0151k, valamint a fizikai alkalmazottak sz\u00e1m\u00e1ra is munkasz\u00fcneti nap.<br \/>\nMivel az \u00fcgyf\u00e9lszolg\u00e1lati feladatok ell\u00e1t\u00e1sa, folyamatoss\u00e1g\u00e1nak fenntart\u00e1sa ezen a napon is kiemelt fontoss\u00e1g\u00fa, ez\u00e9rt az \u00fcgyf\u00e9lszolg\u00e1latokon dolgoz\u00f3k a Korm\u00e1nytisztvisel\u0151k Napj\u00e1n is a szok\u00e1sos munkarendben v\u00e9gzik majd teend\u0151iket.<\/p>\n<p>A Heves Megyei      Korm\u00e1nyhivatal Integr\u00e1lt \u00dcgyf\u00e9lszolg\u00e1lati Irod\u00e1ja, a [&#8230;]<\/p>\n","protected":false},"author":4,"featured_media":0,"comment_status":"open","ping_status":"open","sticky":false,"template":"","format":"standard","meta":{"footnotes":""},"categories":[6],"tags":[163,118],"class_list":["post-4716","post","type-post","status-publish","format-standard","hentry","category-belfold","tag-julius-1","tag-kormanytisztviselo"],"_links":{"self":[{"href":"https:\/\/www.agriatv.hu\/index.php?rest_route=\/wp\/v2\/posts\/4716","targetHints":{"allow":["GET"]}}],"collection":[{"href":"https:\/\/www.agriatv.hu\/index.php?rest_route=\/wp\/v2\/posts"}],"about":[{"href":"https:\/\/www.agriatv.hu\/index.php?rest_route=\/wp\/v2\/types\/post"}],"author":[{"embeddable":true,"href":"https:\/\/www.agriatv.hu\/index.php?rest_route=\/wp\/v2\/users\/4"}],"replies":[{"embeddable":true,"href":"https:\/\/www.agriatv.hu\/index.php?rest_route=%2Fwp%2Fv2%2Fcomments&post=4716"}],"version-history":[{"count":9,"href":"https:\/\/www.agriatv.hu\/index.php?rest_route=\/wp\/v2\/posts\/4716\/revisions"}],"predecessor-version":[{"id":4718,"href":"https:\/\/www.agriatv.hu\/index.php?rest_route=\/wp\/v2\/posts\/4716\/revisions\/4718"}],"wp:attachment":[{"href":"https:\/\/www.agriatv.hu\/index.php?rest_route=%2Fwp%2Fv2%2Fmedia&parent=4716"}],"wp:term":[{"taxonomy":"category","embeddable":true,"href":"https:\/\/www.agriatv.hu\/index.php?rest_route=%2Fwp%2Fv2%2Fcategories&post=4716"},{"taxonomy":"post_tag","embeddable":true,"href":"https:\/\/www.agriatv.hu\/index.php?rest_route=%2Fwp%2Fv2%2Ftags&post=4716"}],"curies":[{"name":"wp","href":"https:\/\/api.w.org\/{rel}","templated":true}]}}