{"id":4761,"date":"2011-07-04T20:42:58","date_gmt":"2011-07-04T20:42:58","guid":{"rendered":"http:\/\/www.agriatv.hu\/?p=4761"},"modified":"2011-07-04T20:44:59","modified_gmt":"2011-07-04T20:44:59","slug":"vedekezesi-felhivas","status":"publish","type":"post","link":"https:\/\/www.agriatv.hu\/?p=4761","title":{"rendered":"V\u00e9dekez\u00e9si felh\u00edv\u00e1s"},"content":{"rendered":"<p>&nbsp;<\/p>\n<p><img loading=\"lazy\" decoding=\"async\" class=\"alignleft\" src=\"http:\/\/www.egriszin.hu\/RenderedContents\/IndexImages\/7\/7897-20110704141903-hernyo.JPG\" alt=\"\" width=\"150\" height=\"93\" \/><\/p>\n<p><strong>A Heves Megyei Korm\u00e1nyhivatal N\u00f6v\u00e9ny- \u00e9s Talajv\u00e9delmi Igazgat\u00f3s\u00e1ga  felh\u00edvja a gy\u00fcm\u00f6lcstermel\u0151k figyelm\u00e9t, hogy az amerikai feh\u00e9r  medvelepke (Hyphantria cunea) els\u0151 nemzed\u00e9k\u00e9nek herny\u00f3f\u00e9szkeit a kor\u00e1bbi  \u00e9vekhez k\u00e9pest j\u00f3val nagyobb sz\u00e1mban \u00e9szleltek utak ment\u00e9n, h\u00e1zi  kertekben \u00e9s elhagyatott gy\u00fcm\u00f6lcs\u00f6s\u00f6kben.<\/strong><\/p>\n<p>Kedvez\u0151 id\u0151j\u00e1r\u00e1s eset\u00e9n ak\u00e1r a m\u00e1sodik nemzed\u00e9k t\u00f6meges  fell\u00e9p\u00e9s\u00e9vel is sz\u00e1molhatunk. B\u00e1r ez a faj nem kifejezetten  mez\u0151gazdas\u00e1gi k\u00e1rtev\u0151, komoly k\u00e1rokat okozhat a gy\u00fcm\u00f6lcs\u00fcltetv\u00e9nyekben  is (pl. szilva, alma, di\u00f3, cseresznye) egyes \u00e1gr\u00e9szek, ill. f\u00e1k  tarr\u00e1g\u00e1s\u00e1val.<\/p>\n<p>A fiatal herny\u00f3k csoportosan \u00e9lnek az \u00f6sszesz\u0151tt  hajt\u00e1scs\u00facsokon, sz\u00f6ved\u00e9k v\u00e9delm\u00e9ben. Er\u0151s fert\u0151z\u00e9s eset\u00e9n sz\u00fcks\u00e9g  lehet a l\u00e1rv\u00e1k kel\u00e9s\u00e9t k\u00f6vet\u0151en mihamarabb elv\u00e9gzett v\u00e9dekez\u00e9sre, az  adott kult\u00far\u00e1ban enged\u00e9lyezett rovar\u00f6l\u0151 k\u00e9sz\u00edtm\u00e9nnyel. Gyeng\u00e9bb fert\u0151z\u00e9s  eset\u00e9n a f\u00e9szkek lev\u00e1g\u00e1sa \u00e9s megsemmis\u00edt\u00e9se is elegend\u0151, m\u00e9g miel\u0151tt a  l\u00e1rv\u00e1k elhagyj\u00e1k a f\u00e9szkeket \u00e9s sz\u00e9tm\u00e1sznak a f\u00e1k koron\u00e1j\u00e1ban.<br \/>\nA  Heves Megyei Korm\u00e1nyhivatal N\u00f6v\u00e9ny- \u00e9s Talajv\u00e9delmi Igazgat\u00f3s\u00e1ga  felh\u00edvja tov\u00e1bb\u00e1 a termel\u0151k figyelm\u00e9t, hogy mind a sz\u00e1nt\u00f3f\u00f6ldi  n\u00f6v\u00e9nyeken, mind a gy\u00fcm\u00f6lcs\u00f6s\u00f6kben a kedvez\u0151 id\u0151j\u00e1r\u00e1s k\u00f6zepette fenn\u00e1ll a  lev\u00e9ltetvek beteleped\u00e9s\u00e9nek \u00e9s gyors felszaporod\u00e1s\u00e1nak lehet\u0151s\u00e9ge.  K\u00e1rt\u00e9tel\u00fck nemcsak a levelek sz\u00edvogat\u00e1s\u00e1ban rejlik, hanem a n\u00f6v\u00e9nyi  v\u00edrusok terjeszt\u00e9s\u00e9ben is. Sz\u00e1mos kult\u00far\u00e1ban, \u00edgy pl. napraforg\u00f3ban a  fekete r\u00e9pa-lev\u00e9ltet\u0171 \u00e9s a s\u00e1rga szilva-lev\u00e9ltet\u0171 egyedei m\u00e1r  meglehet\u0151sen nagy sz\u00e1mban vannak jelen a fiatal hajt\u00e1sok cs\u00facsain, a  levelek fon\u00e1kj\u00e1n \u00e9s a vir\u00e1gzaton. Alm\u00e1ban a z\u00f6ld alma-lev\u00e9ltet\u0171 telepei  figyelhet\u0151k meg nagyobb sz\u00e1mban. A lev\u00e9ltetvek el\u0151rejelz\u00e9s\u00e9hez  haszn\u00e1lhatunk s\u00e1rga ragad\u00f3s csapd\u00e1kat, illetve figyelj\u00fck a  n\u00f6v\u00e9ny\u00e1llom\u00e1nyban megjelen\u0151 els\u0151 telepeiket.<\/p>\n<p>A lev\u00e9ltetvek  elleni v\u00e9dekez\u00e9sre t\u00f6bb rovar\u00f6l\u0151 hat\u00e1s\u00fa k\u00e9sz\u00edtm\u00e9ny k\u00f6z\u00fcl v\u00e1laszthatunk,  melyeket ak\u00e1r gomba\u00f6l\u0151 szerekkel egy\u00fctt is kijuttathatunk.<br \/>\nV\u00e9g\u00fcl az  \u00e9lelmiszerl\u00e1ncr\u00f3l \u00e9s hat\u00f3s\u00e1gi fel\u00fcgyeletr\u0151l sz\u00f3l\u00f3 2008. \u00e9vi XLVI.  t\u00f6rv\u00e9ny 17.\u00a7 (4.) bekezd\u00e9se alapj\u00e1n, a f\u00f6ldhaszn\u00e1l\u00f3 k\u00f6teles az adott \u00e9v  j\u00fanius 30. napj\u00e1ig az ingatlanon a parlagf\u0171 vir\u00e1gbimb\u00f3j\u00e1nak kialakul\u00e1s\u00e1t  megakad\u00e1lyozni, \u00e9s ezt k\u00f6vet\u0151en ezt az \u00e1llapotot a veget\u00e1ci\u00f3s id\u0151szak  v\u00e9g\u00e9ig folyamatosan fenntartani.<br \/>\nK\u00e9rj\u00fck a f\u00f6ldhaszn\u00e1l\u00f3kat, hogy tegyenek eleget v\u00e9dekez\u00e9si k\u00f6telezetts\u00e9g\u00fcknek, a hat\u00f3s\u00e1gi elj\u00e1r\u00e1s elker\u00fcl\u00e9se \u00e9rdek\u00e9ben.<\/p>\n","protected":false},"excerpt":{"rendered":"<p>&nbsp;<\/p>\n<p>A Heves Megyei Korm\u00e1nyhivatal N\u00f6v\u00e9ny- \u00e9s Talajv\u00e9delmi Igazgat\u00f3s\u00e1ga  felh\u00edvja a gy\u00fcm\u00f6lcstermel\u0151k figyelm\u00e9t, hogy az amerikai feh\u00e9r  medvelepke (Hyphantria cunea) els\u0151 nemzed\u00e9k\u00e9nek herny\u00f3f\u00e9szkeit a kor\u00e1bbi  \u00e9vekhez k\u00e9pest j\u00f3val nagyobb sz\u00e1mban \u00e9szleltek utak ment\u00e9n, h\u00e1zi  kertekben \u00e9s elhagyatott gy\u00fcm\u00f6lcs\u00f6s\u00f6kben.<br \/>\nKedvez\u0151 id\u0151j\u00e1r\u00e1s eset\u00e9n ak\u00e1r a m\u00e1sodik nemzed\u00e9k t\u00f6meges  fell\u00e9p\u00e9s\u00e9vel is sz\u00e1molhatunk. B\u00e1r ez a [&#8230;]<\/p>\n","protected":false},"author":4,"featured_media":0,"comment_status":"open","ping_status":"closed","sticky":false,"template":"","format":"standard","meta":{"footnotes":""},"categories":[6],"tags":[130,129,128,127],"class_list":["post-4761","post","type-post","status-publish","format-standard","hentry","category-belfold","tag-fertozes","tag-hernyo","tag-talajvedelem","tag-vedekezes"],"_links":{"self":[{"href":"https:\/\/www.agriatv.hu\/index.php?rest_route=\/wp\/v2\/posts\/4761","targetHints":{"allow":["GET"]}}],"collection":[{"href":"https:\/\/www.agriatv.hu\/index.php?rest_route=\/wp\/v2\/posts"}],"about":[{"href":"https:\/\/www.agriatv.hu\/index.php?rest_route=\/wp\/v2\/types\/post"}],"author":[{"embeddable":true,"href":"https:\/\/www.agriatv.hu\/index.php?rest_route=\/wp\/v2\/users\/4"}],"replies":[{"embeddable":true,"href":"https:\/\/www.agriatv.hu\/index.php?rest_route=%2Fwp%2Fv2%2Fcomments&post=4761"}],"version-history":[{"count":4,"href":"https:\/\/www.agriatv.hu\/index.php?rest_route=\/wp\/v2\/posts\/4761\/revisions"}],"predecessor-version":[{"id":4764,"href":"https:\/\/www.agriatv.hu\/index.php?rest_route=\/wp\/v2\/posts\/4761\/revisions\/4764"}],"wp:attachment":[{"href":"https:\/\/www.agriatv.hu\/index.php?rest_route=%2Fwp%2Fv2%2Fmedia&parent=4761"}],"wp:term":[{"taxonomy":"category","embeddable":true,"href":"https:\/\/www.agriatv.hu\/index.php?rest_route=%2Fwp%2Fv2%2Fcategories&post=4761"},{"taxonomy":"post_tag","embeddable":true,"href":"https:\/\/www.agriatv.hu\/index.php?rest_route=%2Fwp%2Fv2%2Ftags&post=4761"}],"curies":[{"name":"wp","href":"https:\/\/api.w.org\/{rel}","templated":true}]}}