{"id":4769,"date":"2011-07-05T20:56:42","date_gmt":"2011-07-05T20:56:42","guid":{"rendered":"http:\/\/www.agriatv.hu\/?p=4769"},"modified":"2011-07-05T20:57:46","modified_gmt":"2011-07-05T20:57:46","slug":"magyarorszag-eu-s-elnoksege-idejen-kevesebb-videki-programra-kerult-sor-a-tervezettnel","status":"publish","type":"post","link":"https:\/\/www.agriatv.hu\/?p=4769","title":{"rendered":"Magyarorsz\u00e1g EU-s eln\u00f6ks\u00e9ge idej\u00e9n kevesebb vid\u00e9ki programra ker\u00fclt sor a tervezettn\u00e9l"},"content":{"rendered":"<p><a href=\"https:\/\/www.agriatv.hu\/wp-content\/uploads\/2011\/07\/0705mszp_V.jpg\"><img loading=\"lazy\" decoding=\"async\" class=\"alignleft size-medium wp-image-4771\" title=\"0705mszp_V\" src=\"https:\/\/www.agriatv.hu\/wp-content\/uploads\/2011\/07\/0705mszp_V-300x240.jpg\" alt=\"\" width=\"113\" height=\"90\" srcset=\"https:\/\/www.agriatv.hu\/wp-content\/uploads\/2011\/07\/0705mszp_V-300x240.jpg 300w, https:\/\/www.agriatv.hu\/wp-content\/uploads\/2011\/07\/0705mszp_V.jpg 720w\" sizes=\"auto, (max-width: 113px) 100vw, 113px\" \/><\/a>Alapj\u00e1ban ellentmond\u00e1sos a magyar EU-s eln\u00f6ks\u00e9g meg\u00edt\u00e9l\u00e9se, szakmai szempontb\u00f3l nem voltak bakik, erre az id\u0151re esik a romastrat\u00e9gia elfogad\u00e1sa, Horv\u00e1torsz\u00e1g EU-s csatlakoz\u00e1s\u00e1nak elfogad\u00e1sa, -mondta<\/p>\n<p><strong>Szab\u00f3 Gyula <\/strong>az Eur\u00f3pai Uni\u00f3 R\u00e9gi\u00f3k Bizotts\u00e1g\u00e1nak tagja. Az viszont kudarc, hogy a keleti partners\u00e9gi korm\u00e1nyf\u0151i cs\u00facstal\u00e1lkoz\u00f3ra nem ker\u00fclt sor, \u00edgy sz\u00e1mos vid\u00e9ki k\u00eds\u00e9r\u0151program is elmaradt, amely az orsz\u00e1g jobb bemutat\u00e1s\u00e1t seg\u00edtette volna. Ez viszont h\u00e1tr\u00e1nyosan \u00e9rintette a Budapest, G\u00f6d\u00f6ll\u0151h\u00f6z k\u00f6zeli megy\u00e9ket, idegenforgalmilag frekvent\u00e1lt t\u00e9rs\u00e9geket, \u00edgy Heves megy\u00e9t is.<\/p>\n<p>A korm\u00e1ny l\u00e1that\u00f3an nem tett semmit, hogy az eln\u00f6ks\u00e9ge idej\u00e9n enyh\u00edtse a belpolitikai szemben\u00e1ll\u00e1st, S\u0151t a m\u00e9diat\u00f6rv\u00e9ny, \u00faj alapt\u00f6rv\u00e9ny elfogad\u00e1sa sor\u00e1n szembeker\u00fclt az eur\u00f3pai int\u00e9zm\u00e9nyekkel is.<div class=\"wordtube\">\n<div class=\"wordtube single336\" id=\"WT1_1\" style=\"width:320px; height:240px;\">\n<a href=\"http:\/\/www.macromedia.com\/go\/getflashplayer\">Get the Flash Player<\/a> to see the wordTube Media Player.\n<\/div><\/div>\n\t<script type=\"text\/javascript\" defer=\"defer\">\nvar WT1_1 = {\n\tparams : {\n\t\twmode : \"opaque\",\n\t\tallowscriptaccess : \"always\",\n\t\tallownetworking : \"all\",\n\t\tallowfullscreen : \"true\"},\n\tflashvars : {\n\t\tfile : \"http%3A%2F%2Fwww.agriatv.hu%2Fwp-content%2Fuploads%2F2011%2F07%2F0705mszp.flv\",\n\t\tvolume : \"80\",\n\t\tbufferlength : \"5\",\n\t\tquality : \"false\",\n\t\t'logo.hide' : \"false\",\n\t\timage : \"http%3A%2F%2Fwww.agriatv.hu%2Fwp-content%2Fuploads%2F2011%2F07%2F0705mszp.jpg\",\n\t\ttitle : \"0705mszp.flv\",\n\t\tlinktarget : \"_self\"},\n\tattr : {\n\t\tid : \"WT1\",\n\t\tname : \"WT1\"},\n\tstart : function() {\n\t\tswfobject.embedSWF(\"https:\/\/www.agriatv.hu\/\/player.swf\", \"WT1_1\", \"320\", \"240\", \"9.0.0\", false, this.flashvars, this.params , this.attr );\n\t}\n}\nWT1_1.start();\n\t<\/script>\n<\/p>\n<p>A korm\u00e1ny nem haszn\u00e1lta ki azt a lehet\u0151s\u00e9get sem, hogy az Eur\u00f3pai Uni\u00f3 m\u0171k\u00f6d\u00e9s\u00e9t jobban megismertesse az orsz\u00e1g lakoss\u00e1g\u00e1val.<\/p>\n<p>Az eln\u00f6ks\u00e9g t\u00f6bb lehet\u0151s\u00e9get teremthetett volna az orsz\u00e1g preszt\u00edzs\u00e9nek n\u00f6vel\u00e9s\u00e9re, ehhez viszont bar\u00e1ts\u00e1gos politikai k\u00f6rnyezetre volna sz\u00fcks\u00e9g.<\/p>\n","protected":false},"excerpt":{"rendered":"<p>Alapj\u00e1ban ellentmond\u00e1sos a magyar EU-s eln\u00f6ks\u00e9g meg\u00edt\u00e9l\u00e9se, szakmai szempontb\u00f3l nem voltak bakik, erre az id\u0151re esik a romastrat\u00e9gia elfogad\u00e1sa, Horv\u00e1torsz\u00e1g EU-s csatlakoz\u00e1s\u00e1nak elfogad\u00e1sa, -mondta<br \/>\nSzab\u00f3 Gyula az Eur\u00f3pai Uni\u00f3 R\u00e9gi\u00f3k Bizotts\u00e1g\u00e1nak tagja. Az viszont kudarc, hogy a keleti partners\u00e9gi korm\u00e1nyf\u0151i cs\u00facstal\u00e1lkoz\u00f3ra nem ker\u00fclt sor, \u00edgy sz\u00e1mos vid\u00e9ki k\u00eds\u00e9r\u0151program is elmaradt, amely az orsz\u00e1g jobb bemutat\u00e1s\u00e1t seg\u00edtette [&#8230;]<\/p>\n","protected":false},"author":4,"featured_media":0,"comment_status":"open","ping_status":"closed","sticky":false,"template":"","format":"standard","meta":{"footnotes":""},"categories":[6,7,3],"tags":[136,76,70,135],"class_list":["post-4769","post","type-post","status-publish","format-standard","hentry","category-belfold","category-kulfold","category-politika","tag-elnokseg","tag-eu","tag-heves-megye","tag-szabo-gyula"],"_links":{"self":[{"href":"https:\/\/www.agriatv.hu\/index.php?rest_route=\/wp\/v2\/posts\/4769","targetHints":{"allow":["GET"]}}],"collection":[{"href":"https:\/\/www.agriatv.hu\/index.php?rest_route=\/wp\/v2\/posts"}],"about":[{"href":"https:\/\/www.agriatv.hu\/index.php?rest_route=\/wp\/v2\/types\/post"}],"author":[{"embeddable":true,"href":"https:\/\/www.agriatv.hu\/index.php?rest_route=\/wp\/v2\/users\/4"}],"replies":[{"embeddable":true,"href":"https:\/\/www.agriatv.hu\/index.php?rest_route=%2Fwp%2Fv2%2Fcomments&post=4769"}],"version-history":[{"count":6,"href":"https:\/\/www.agriatv.hu\/index.php?rest_route=\/wp\/v2\/posts\/4769\/revisions"}],"predecessor-version":[{"id":4776,"href":"https:\/\/www.agriatv.hu\/index.php?rest_route=\/wp\/v2\/posts\/4769\/revisions\/4776"}],"wp:attachment":[{"href":"https:\/\/www.agriatv.hu\/index.php?rest_route=%2Fwp%2Fv2%2Fmedia&parent=4769"}],"wp:term":[{"taxonomy":"category","embeddable":true,"href":"https:\/\/www.agriatv.hu\/index.php?rest_route=%2Fwp%2Fv2%2Fcategories&post=4769"},{"taxonomy":"post_tag","embeddable":true,"href":"https:\/\/www.agriatv.hu\/index.php?rest_route=%2Fwp%2Fv2%2Ftags&post=4769"}],"curies":[{"name":"wp","href":"https:\/\/api.w.org\/{rel}","templated":true}]}}