{"id":4777,"date":"2011-07-06T11:50:42","date_gmt":"2011-07-06T11:50:42","guid":{"rendered":"http:\/\/www.agriatv.hu\/?p=4777"},"modified":"2011-07-06T11:50:42","modified_gmt":"2011-07-06T11:50:42","slug":"egerszaloki-ifjusagi-talalkozo-es-lelkigyakorlat-2011","status":"publish","type":"post","link":"https:\/\/www.agriatv.hu\/?p=4777","title":{"rendered":"Egerszal\u00f3ki Ifj\u00fas\u00e1gi Tal\u00e1lkoz\u00f3 \u00e9s Lelkigyakorlat 2011"},"content":{"rendered":"<p>&nbsp;<\/p>\n<p><img loading=\"lazy\" decoding=\"async\" class=\"alignleft\" src=\"http:\/\/www.egriszin.hu\/RenderedContents\/IndexImages\/7\/7909-20110706121508-P1090356.JPG\" alt=\"\" width=\"150\" height=\"113\" \/><\/p>\n<p><strong>Id\u00e9n j\u00falius 13-a \u00e9s 17-e k\u00f6z\u00f6tt rendezik meg a 29. Egerszal\u00f3ki Ifj\u00fas\u00e1gi Tal\u00e1lkoz\u00f3 \u00e9s Lelkigyakorlatot, amely t\u00f6bb \u00e9vtizede magyar katolikus fiatalok sz\u00e1zait vonzza a K\u00e1rp\u00e1t-medence minden pontj\u00e1r\u00f3l \u2013 hangzott el a ma d\u00e9lel\u0151tti sajt\u00f3t\u00e1j\u00e9koztat\u00f3n.<\/strong><\/p>\n<div align=\"justify\">A Magyar Katolikus P\u00fcsp\u00f6ki Konferencia \u00e1ltal meghirdetett Csal\u00e1d \u00c9ve kapcs\u00e1n a tal\u00e1lkoz\u00f3 idei t\u00e9m\u00e1ja a csal\u00e1d lesz. A f\u0151 gondolat kifejt\u00e9s\u00e9t \u00e9s elm\u00e9ly\u00edt\u00e9s\u00e9t seg\u00edtik az egyh\u00e1zi \u00e9s a civil \u00e9letb\u0151l h\u00edvott el\u0151ad\u00f3k \u00e9s a kiscsoportos m\u0171helyfoglalkoz\u00e1sok is, amelyek lehet\u0151s\u00e9get ny\u00fajtanak a fiataloknak az elhangzottak feldolgoz\u00e1s\u00e1ra, \u00e9lm\u00e9nyeik \u00e9s gondolataik megoszt\u00e1s\u00e1ra \u2013 mondta <em>Szarvas Istv\u00e1n<\/em> egyh\u00e1zmegyei ifj\u00fas\u00e1gi referens.<br \/>\nA fiatalok <em>Ker\u00e9nyi Lajos<\/em> piarista \u00e9s <em>Terny\u00e1k Csaba <\/em>\u00e9rsek mellett id\u00e9n tal\u00e1lkozhatnak majd t\u00f6bbek k\u00f6zt <em>B\u00edr\u00f3 L\u00e1szl\u00f3<\/em> t\u00e1bori p\u00fcsp\u00f6kkel, <em>Beer Mikl\u00f3s<\/em> v\u00e1ci megy\u00e9sp\u00fcsp\u00f6kkel, <em>Kormosn\u00e9 Debreceni Zsuzs\u00e1val<\/em> a Nemzeti Er\u0151forr\u00e1s Miniszt\u00e9rium Csal\u00e1dpolitikai F\u0151oszt\u00e1ly\u00e1nak, N\u00e9pesed\u00e9si \u00e9s Csal\u00e1d\u00fcgyi Oszt\u00e1ly vezet\u0151j\u00e9vel is.<\/div>\n<div align=\"justify\"><\/div>\n<div align=\"justify\">A tal\u00e1lkoz\u00f3r\u00f3l \u00e9s a jelentkez\u00e9s m\u00f3dj\u00e1r\u00f3l tov\u00e1bbi inform\u00e1ci\u00f3 a www.szalokitalalkozok.hu oldalon tal\u00e1lhat\u00f3.<\/div>\n<div align=\"justify\">Forr\u00e1s: <a href=\"http:\/\/egriszin.hu\">Egrisz\u00edn<\/a><\/div>\n","protected":false},"excerpt":{"rendered":"<p>&nbsp;<\/p>\n<p>Id\u00e9n j\u00falius 13-a \u00e9s 17-e k\u00f6z\u00f6tt rendezik meg a 29. Egerszal\u00f3ki Ifj\u00fas\u00e1gi Tal\u00e1lkoz\u00f3 \u00e9s Lelkigyakorlatot, amely t\u00f6bb \u00e9vtizede magyar katolikus fiatalok sz\u00e1zait vonzza a K\u00e1rp\u00e1t-medence minden pontj\u00e1r\u00f3l \u2013 hangzott el a ma d\u00e9lel\u0151tti sajt\u00f3t\u00e1j\u00e9koztat\u00f3n.<br \/>\nA Magyar Katolikus P\u00fcsp\u00f6ki Konferencia \u00e1ltal meghirdetett Csal\u00e1d \u00c9ve kapcs\u00e1n a tal\u00e1lkoz\u00f3 idei t\u00e9m\u00e1ja a csal\u00e1d lesz. A f\u0151 gondolat kifejt\u00e9s\u00e9t \u00e9s [&#8230;]<\/p>\n","protected":false},"author":4,"featured_media":0,"comment_status":"open","ping_status":"closed","sticky":false,"template":"","format":"standard","meta":{"footnotes":""},"categories":[6,8,4],"tags":[141,138,140,137,139],"class_list":["post-4777","post","type-post","status-publish","format-standard","hentry","category-belfold","category-kultura","category-szabadido","tag-csalad-eve","tag-egerszalok","tag-ersek","tag-lelkigyakorlat","tag-puspok"],"_links":{"self":[{"href":"https:\/\/www.agriatv.hu\/index.php?rest_route=\/wp\/v2\/posts\/4777","targetHints":{"allow":["GET"]}}],"collection":[{"href":"https:\/\/www.agriatv.hu\/index.php?rest_route=\/wp\/v2\/posts"}],"about":[{"href":"https:\/\/www.agriatv.hu\/index.php?rest_route=\/wp\/v2\/types\/post"}],"author":[{"embeddable":true,"href":"https:\/\/www.agriatv.hu\/index.php?rest_route=\/wp\/v2\/users\/4"}],"replies":[{"embeddable":true,"href":"https:\/\/www.agriatv.hu\/index.php?rest_route=%2Fwp%2Fv2%2Fcomments&post=4777"}],"version-history":[{"count":1,"href":"https:\/\/www.agriatv.hu\/index.php?rest_route=\/wp\/v2\/posts\/4777\/revisions"}],"predecessor-version":[{"id":4778,"href":"https:\/\/www.agriatv.hu\/index.php?rest_route=\/wp\/v2\/posts\/4777\/revisions\/4778"}],"wp:attachment":[{"href":"https:\/\/www.agriatv.hu\/index.php?rest_route=%2Fwp%2Fv2%2Fmedia&parent=4777"}],"wp:term":[{"taxonomy":"category","embeddable":true,"href":"https:\/\/www.agriatv.hu\/index.php?rest_route=%2Fwp%2Fv2%2Fcategories&post=4777"},{"taxonomy":"post_tag","embeddable":true,"href":"https:\/\/www.agriatv.hu\/index.php?rest_route=%2Fwp%2Fv2%2Ftags&post=4777"}],"curies":[{"name":"wp","href":"https:\/\/api.w.org\/{rel}","templated":true}]}}