{"id":4779,"date":"2011-07-06T11:53:01","date_gmt":"2011-07-06T11:53:01","guid":{"rendered":"http:\/\/www.agriatv.hu\/?p=4779"},"modified":"2011-07-06T11:53:01","modified_gmt":"2011-07-06T11:53:01","slug":"pataki-zita-jo-idot-visz-egerbe-az-ecset-re","status":"publish","type":"post","link":"https:\/\/www.agriatv.hu\/?p=4779","title":{"rendered":"Pataki Zita j\u00f3 id\u0151t visz Egerbe az ECSET-re!"},"content":{"rendered":"<p>&nbsp;<\/p>\n<p><img loading=\"lazy\" decoding=\"async\" class=\"alignleft\" src=\"http:\/\/www.egriszin.hu\/RenderedContents\/IndexImages\/7\/7912-20110706125253-Pataki_Zita.jpg\" alt=\"\" width=\"150\" height=\"101\" \/><\/p>\n<p><strong>Eger a k\u00f6vetkez\u0151 helysz\u00edne az Egy Csepp Figyelem Alap\u00edtv\u00e1ny Egy Csepp Teszt (ECSET) sz\u0171r\u0151-k\u00f6r\u00fatj\u00e1nak. A k\u00f6r\u00fat c\u00e9lja felh\u00edvni a figyelmet a cukorbetegs\u00e9g megel\u0151z\u00e9s\u00e9re, \u00e9s a rendszeres sz\u0171r\u00e9sek fontoss\u00e1g\u00e1ra.<\/strong><\/p>\n<p>Egerben \u201eecsetel\u201d p\u00e9nteken az Er\u0151s Ant\u00f3nia \u00e1ltal l\u00e9trehozott Egy Csepp Figyelem Alap\u00edtv\u00e1ny.\u00a0 Az Egy CSEpp Teszt kilencedik \u00e1llom\u00e1s\u00e1n Pataki Zita lesz a vend\u00e9g, aki Heves megye sz\u00fcl\u00f6ttek\u00e9nt b\u00edztatja a helyieket arra, hogy min\u00e9l t\u00f6bben vegyenek r\u00e9szt a sz\u0171r\u00e9seken. J\u00falius 8-\u00e1n az egri Dob\u00f3 t\u00e9ren lesz ingyenes sz\u0171r\u00e9s 11 \u00e9s 16 \u00f3ra k\u00f6z\u00f6tt.<\/p>\n<p>Az alap\u00edtv\u00e1ny szlogenje: \u201eEgyszer \u00e9l\u00fcnk\u201d., amit Pataki Zita is mag\u00e1\u00e9nak \u00e9rez. R\u00e9szben mert november elsej\u00e9n sz\u00fcletett, \u00edgy \u2013ahogy \u0151 mondta- 18 \u00e9ves kor\u00e1ig minden sz\u00fclet\u00e9snapj\u00e1t a temet\u0151ben \u00fcnnepelte. \u0150 hamar r\u00e1j\u00f6tt, hogy vigy\u00e1zni kell mag\u00e1ra, \u00e9let\u00e9t \u00f6r\u00f6mmel \u00e9s odafigyel\u00e9ssel kell \u00e9lnie. Ezt tan\u00e1csolja mindenkinek<\/p>\n<p>A n\u00e9pszer\u0171 id\u0151j\u00e1r\u00e1s-jelent\u0151 a j\u00f3 id\u0151t is mag\u00e1val hozza, \u00edgy pomp\u00e1s naps\u00fct\u00e9sben tudhat meg t\u00f6bbet minden \u00e9rdekl\u0151d\u0151 saj\u00e1t eg\u00e9szs\u00e9gi \u00e1llapot\u00e1r\u00f3l. A helysz\u00ednen az Elektronika 77 Kft. n\u0151v\u00e9rei v\u00e9rcukorszintet, az Accutrend munkat\u00e1rsai koleszterint, a Dr. HU szakemberei pedig v\u00e9rnyom\u00e1st, testzs\u00edr sz\u00e1zal\u00e9kot, testt\u00f6meget, testmagass\u00e1got \u00e9s hask\u00f6rfogatot m\u00e9rnek. A rizik\u00f3 felm\u00e9r\u00e9s alapj\u00e1n a Smart Med k\u00e9pvisel\u0151i kisz\u00e1molj\u00e1k, hogy kinek mennyire kell tartania a cukorbetegs\u00e9g,a magas v\u00e9rnyom\u00e1s,\u00a0 vagy a magas koleszterinszint kialakul\u00e1s\u00e1t\u00f3l jelenlegi \u00e9letm\u00f3dja mellett.<\/p>\n<p>Az orsz\u00e1gj\u00e1r\u00f3 k\u00f6r\u00fat c\u00e9lja els\u0151sorban, hogy fel\u00e9bressze az eg\u00e9szs\u00e9gtudatoss\u00e1got, illetve &#8211; az alap\u00edtv\u00e1ny c\u00e9lkit\u0171z\u00e9seivel \u00f6sszhangban &#8211; felh\u00edvja a figyelmet a cukorbetegs\u00e9gre, amely a legfrissebb felm\u00e9r\u00e9sek szerint Magyarorsz\u00e1gon mintegy m\u00e1sf\u00e9l milli\u00f3 embert \u00e9rint; ebb\u0151l k\u00f6r\u00fclbel\u00fcl 750 ezren nem tudnak arr\u00f3l, hogy cukorbetegek.<\/p>\n<p>Az orsz\u00e1gj\u00e1r\u00f3 k\u00f6r\u00fat verseny is: \u0151szre kider\u00fcl, hogy melyik Magyarorsz\u00e1g &#8222;legeg\u00e9szs\u00e9gesebb v\u00e1rosa&#8221;. A d\u00edjat november 13-\u00e1n vas\u00e1rnap, a Syma Csarnokban, a hatodik Egy Csepp Vil\u00e1gnapon adja \u00e1t az Alap\u00edtv\u00e1ny. Tavaly a tr\u00f3fe\u00e1t Szeged vitte el, \u00d6rd\u00f6g N\u00f3ra vezet\u00e9s\u00e9vel.<\/p>\n<p>P\u00e9nteken mindenkit sok szeretettel v\u00e1r Pataki Zita \u00e9s az Egy Csepp Figyelem Alap\u00edtv\u00e1ny a Dob\u00f3 t\u00e9ren. Min\u00e9l t\u00f6bb eg\u00e9szs\u00e9ges emberrel tal\u00e1lkoznak, ann\u00e1l nagyobb Eger es\u00e9lye a \u201elegeg\u00e9szs\u00e9gesebb v\u00e1ros\u201d c\u00edmre!<\/p>\n","protected":false},"excerpt":{"rendered":"<p>&nbsp;<\/p>\n<p>Eger a k\u00f6vetkez\u0151 helysz\u00edne az Egy Csepp Figyelem Alap\u00edtv\u00e1ny Egy Csepp Teszt (ECSET) sz\u0171r\u0151-k\u00f6r\u00fatj\u00e1nak. A k\u00f6r\u00fat c\u00e9lja felh\u00edvni a figyelmet a cukorbetegs\u00e9g megel\u0151z\u00e9s\u00e9re, \u00e9s a rendszeres sz\u0171r\u00e9sek fontoss\u00e1g\u00e1ra.<br \/>\nEgerben \u201eecsetel\u201d p\u00e9nteken az Er\u0151s Ant\u00f3nia \u00e1ltal l\u00e9trehozott Egy Csepp Figyelem Alap\u00edtv\u00e1ny.\u00a0 Az Egy CSEpp Teszt kilencedik \u00e1llom\u00e1s\u00e1n Pataki Zita lesz a vend\u00e9g, aki Heves megye sz\u00fcl\u00f6ttek\u00e9nt b\u00edztatja [&#8230;]<\/p>\n","protected":false},"author":4,"featured_media":0,"comment_status":"open","ping_status":"closed","sticky":false,"template":"","format":"standard","meta":{"footnotes":""},"categories":[6,19,4],"tags":[143,144,142],"class_list":["post-4779","post","type-post","status-publish","format-standard","hentry","category-belfold","category-egeszseg","category-szabadido","tag-egeszseg-2","tag-testzsir","tag-vercukor"],"_links":{"self":[{"href":"https:\/\/www.agriatv.hu\/index.php?rest_route=\/wp\/v2\/posts\/4779","targetHints":{"allow":["GET"]}}],"collection":[{"href":"https:\/\/www.agriatv.hu\/index.php?rest_route=\/wp\/v2\/posts"}],"about":[{"href":"https:\/\/www.agriatv.hu\/index.php?rest_route=\/wp\/v2\/types\/post"}],"author":[{"embeddable":true,"href":"https:\/\/www.agriatv.hu\/index.php?rest_route=\/wp\/v2\/users\/4"}],"replies":[{"embeddable":true,"href":"https:\/\/www.agriatv.hu\/index.php?rest_route=%2Fwp%2Fv2%2Fcomments&post=4779"}],"version-history":[{"count":1,"href":"https:\/\/www.agriatv.hu\/index.php?rest_route=\/wp\/v2\/posts\/4779\/revisions"}],"predecessor-version":[{"id":4780,"href":"https:\/\/www.agriatv.hu\/index.php?rest_route=\/wp\/v2\/posts\/4779\/revisions\/4780"}],"wp:attachment":[{"href":"https:\/\/www.agriatv.hu\/index.php?rest_route=%2Fwp%2Fv2%2Fmedia&parent=4779"}],"wp:term":[{"taxonomy":"category","embeddable":true,"href":"https:\/\/www.agriatv.hu\/index.php?rest_route=%2Fwp%2Fv2%2Fcategories&post=4779"},{"taxonomy":"post_tag","embeddable":true,"href":"https:\/\/www.agriatv.hu\/index.php?rest_route=%2Fwp%2Fv2%2Ftags&post=4779"}],"curies":[{"name":"wp","href":"https:\/\/api.w.org\/{rel}","templated":true}]}}