{"id":4781,"date":"2011-07-06T11:55:37","date_gmt":"2011-07-06T11:55:37","guid":{"rendered":"http:\/\/www.agriatv.hu\/?p=4781"},"modified":"2011-07-06T11:55:37","modified_gmt":"2011-07-06T11:55:37","slug":"elfogadta-az-orszaggyules-habis-laszlo-es-kosa-lajos-kozos-javaslatat","status":"publish","type":"post","link":"https:\/\/www.agriatv.hu\/?p=4781","title":{"rendered":"Elfogadta az Orsz\u00e1ggy\u0171l\u00e9s Habis L\u00e1szl\u00f3 \u00e9s K\u00f3sa Lajos k\u00f6z\u00f6s javaslat\u00e1t"},"content":{"rendered":"<p>&nbsp;<\/p>\n<p><img loading=\"lazy\" decoding=\"async\" class=\"alignleft\" src=\"http:\/\/www.egriszin.hu\/RenderedContents\/IndexImages\/7\/7913-20110706134955-P1090353.JPG\" alt=\"\" width=\"150\" height=\"113\" \/><\/p>\n<p><strong>Szakmai \u00e9s politikai egyeztet\u00e9s zajlik az \u00faj \u00f6nkorm\u00e1nyzati t\u00f6rv\u00e9ny koncepci\u00f3j\u00e1r\u00f3l. Ennek kapcs\u00e1n v\u00e1rhat\u00f3an m\u00f3dosulnak majd az ad\u00f3ss\u00e1grendez\u00e9s szab\u00e1lyai is. A t\u00f6bb \u00f6nkorm\u00e1nyzatn\u00e1l \u2013 t\u00f6bbek k\u00f6z\u00f6tt a Heves Megyei \u00d6nkorm\u00e1nyzatn\u00e1l \u2013 kialakult helyzet miatt azonban azonnali beavatkoz\u00e1s v\u00e1lt indokoltt\u00e1. Ennek alapj\u00e1n dolgozott ki K\u00f3sa Lajos (FIDESZ) \u00e9s Habis L\u00e1szl\u00f3 (KDNP) k\u00f6z\u00f6s javaslatot, amelyet az Orsz\u00e1ggy\u0171l\u00e9s 2011. j\u00falius 4-i \u00fcl\u00e9s\u00e9n elfogadott.<\/strong><\/p>\n<div align=\"justify\"><em>Habis L\u00e1szl\u00f3<\/em> a ma d\u00e9lel\u0151tti sajt\u00f3t\u00e1j\u00e9koztat\u00f3n elmondta: a t\u00f6rv\u00e9ny egyik c\u00e9lja az, hogy a jelenlegi ingatlanpiaci helyzetben ne lehessen elk\u00f3tyavety\u00e9lni a neh\u00e9z helyzetbe ker\u00fclt \u00f6nkorm\u00e1nyzatok ingatlanvagyon\u00e1t. Ez\u00e9rt kiker\u00fclt az ad\u00f3ss\u00e1grendez\u00e9sbe vonhat\u00f3 vagyoni k\u00f6rb\u0151l mindazon l\u00e9tes\u00edtm\u00e9nyek k\u00f6re, mely feladat ell\u00e1t\u00e1s\u00e1hoz az \u00e1llam t\u00e1mogat\u00e1st, hozz\u00e1j\u00e1rul\u00e1st biztos\u00edt.<br \/>\nFontos szempont azonban a hitelez\u0151i k\u00f6vetel\u00e9sek lehet\u0151s\u00e9g szerinti megt\u00e9r\u00fcl\u00e9se is. Ez az\u00e9rt fontos, hogy az \u00f6nkorm\u00e1nyzati sz\u00e1ll\u00edt\u00f3k, illetve a hitelez\u0151i bankok ne v\u00e1llaljanak t\u00falzott kock\u00e1zatot. A javaslat elfogad\u00e1sa biztos\u00edtotta azt, hogy b\u0151v\u00fclj\u00f6n az ad\u00f3ss\u00e1grendez\u00e9sbe bevonhat\u00f3 (adott esetben a j\u00f6v\u0151ben keletkez\u0151) bev\u00e9telek k\u00f6re.<\/div>\n<div align=\"justify\">A kor\u00e1bbin\u00e1l kedvez\u0151bb felt\u00e9teleket teremt az \u00faj t\u00f6rv\u00e9ny a reorganiz\u00e1ci\u00f3s k\u00f6lts\u00e9gvet\u00e9s \u00e9s a hitelez\u0151i egyezs\u00e9g l\u00e9trej\u00f6tt\u00e9nek biztos\u00edt\u00e1s\u00e1hoz sz\u00fcks\u00e9ges hitel tekintet\u00e9ben is.<br \/>\nHabis L\u00e1szl\u00f3 hozz\u00e1tette: a Heves Megyei \u00d6nkorm\u00e1nyzat szempontj\u00e1b\u00f3l is jelent\u0151s az a v\u00e1ltoz\u00e1s, amely lehet\u0151v\u00e9 teszi az ad\u00f3ss\u00e1grendez\u00e9s sor\u00e1n a r\u00e9g\u00e9szeti \u00f6r\u00f6ks\u00e9g v\u00e9delm\u00e9t megyei m\u00fazeumi szervezet fenntart\u00e1s\u00e1val, a megyei k\u00f6zlev\u00e9lt\u00e1r m\u0171k\u00f6dtet\u00e9s\u00e9t, megyei k\u00f6zm\u0171vel\u0151d\u00e9si int\u00e9zm\u00e9ny fenntart\u00e1s\u00e1t, a megv\u00e1ltozott munkak\u00e9pess\u00e9g\u0171eket foglalkoztat\u00f3 k\u00f6zhaszn\u00fa szervezetek ir\u00e1ny\u00e1ban fenn\u00e1ll\u00f3 k\u00f6telezetts\u00e9gek teljes\u00edt\u00e9s\u00e9t, \u00e9s mindazon feladatok ell\u00e1t\u00e1s\u00e1t, amelyhez az Orsz\u00e1ggy\u0171l\u00e9s normat\u00edv \u00e1llami hozz\u00e1j\u00e1rul\u00e1st, \u00e1llami t\u00e1mogat\u00e1st \u00e1llap\u00edt meg.<br \/>\nAz elfogadott t\u00f6rv\u00e9nyjavaslat az 1 milli\u00e1rd forint \u00e9ves k\u00f6lts\u00e9gvet\u00e9si f\u0151\u00f6sszeget meghalad\u00f3 \u00f6nkorm\u00e1nyzatok eset\u00e9ben lehet\u0151s\u00e9get ad a folyamatban l\u00e9v\u0151 ad\u00f3ss\u00e1grendez\u00e9si elj\u00e1r\u00e1sokban az \u00faj szab\u00e1lyok alkalmaz\u00e1s\u00e1ra.<br \/>\nHabis L\u00e1szl\u00f3 kiemelte: az illet\u00e9kes miniszter egyedi d\u00f6nt\u00e9se alapj\u00e1n az ad\u00f3ss\u00e1grendez\u00e9s id\u0151szak\u00e1ban is teljes\u00edthet\u0151k a kiad\u00e1sok az Eur\u00f3pai Uni\u00f3s t\u00e1mogat\u00e1ssal megval\u00f3sul\u00f3 beruh\u00e1z\u00e1sokra. Hasonl\u00f3 m\u00f3don az un. reorganiz\u00e1ci\u00f3s tervben is szerepelhetnek beruh\u00e1z\u00e1sok.<\/div>\n","protected":false},"excerpt":{"rendered":"<p>&nbsp;<\/p>\n<p>Szakmai \u00e9s politikai egyeztet\u00e9s zajlik az \u00faj \u00f6nkorm\u00e1nyzati t\u00f6rv\u00e9ny koncepci\u00f3j\u00e1r\u00f3l. Ennek kapcs\u00e1n v\u00e1rhat\u00f3an m\u00f3dosulnak majd az ad\u00f3ss\u00e1grendez\u00e9s szab\u00e1lyai is. A t\u00f6bb \u00f6nkorm\u00e1nyzatn\u00e1l \u2013 t\u00f6bbek k\u00f6z\u00f6tt a Heves Megyei \u00d6nkorm\u00e1nyzatn\u00e1l \u2013 kialakult helyzet miatt azonban azonnali beavatkoz\u00e1s v\u00e1lt indokoltt\u00e1. Ennek alapj\u00e1n dolgozott ki K\u00f3sa Lajos (FIDESZ) \u00e9s Habis L\u00e1szl\u00f3 (KDNP) k\u00f6z\u00f6s javaslatot, amelyet az Orsz\u00e1ggy\u0171l\u00e9s 2011. [&#8230;]<\/p>\n","protected":false},"author":4,"featured_media":0,"comment_status":"open","ping_status":"closed","sticky":false,"template":"","format":"standard","meta":{"footnotes":""},"categories":[6,3],"tags":[52,146,145],"class_list":["post-4781","post","type-post","status-publish","format-standard","hentry","category-belfold","category-politika","tag-habis-laszlo","tag-hitelezo","tag-torveny"],"_links":{"self":[{"href":"https:\/\/www.agriatv.hu\/index.php?rest_route=\/wp\/v2\/posts\/4781","targetHints":{"allow":["GET"]}}],"collection":[{"href":"https:\/\/www.agriatv.hu\/index.php?rest_route=\/wp\/v2\/posts"}],"about":[{"href":"https:\/\/www.agriatv.hu\/index.php?rest_route=\/wp\/v2\/types\/post"}],"author":[{"embeddable":true,"href":"https:\/\/www.agriatv.hu\/index.php?rest_route=\/wp\/v2\/users\/4"}],"replies":[{"embeddable":true,"href":"https:\/\/www.agriatv.hu\/index.php?rest_route=%2Fwp%2Fv2%2Fcomments&post=4781"}],"version-history":[{"count":1,"href":"https:\/\/www.agriatv.hu\/index.php?rest_route=\/wp\/v2\/posts\/4781\/revisions"}],"predecessor-version":[{"id":4782,"href":"https:\/\/www.agriatv.hu\/index.php?rest_route=\/wp\/v2\/posts\/4781\/revisions\/4782"}],"wp:attachment":[{"href":"https:\/\/www.agriatv.hu\/index.php?rest_route=%2Fwp%2Fv2%2Fmedia&parent=4781"}],"wp:term":[{"taxonomy":"category","embeddable":true,"href":"https:\/\/www.agriatv.hu\/index.php?rest_route=%2Fwp%2Fv2%2Fcategories&post=4781"},{"taxonomy":"post_tag","embeddable":true,"href":"https:\/\/www.agriatv.hu\/index.php?rest_route=%2Fwp%2Fv2%2Ftags&post=4781"}],"curies":[{"name":"wp","href":"https:\/\/api.w.org\/{rel}","templated":true}]}}