{"id":4783,"date":"2011-07-07T16:45:48","date_gmt":"2011-07-07T16:45:48","guid":{"rendered":"http:\/\/www.agriatv.hu\/?p=4783"},"modified":"2011-07-11T09:11:10","modified_gmt":"2011-07-11T09:11:10","slug":"bikaver-unnep-az-ersekkertben","status":"publish","type":"post","link":"https:\/\/www.agriatv.hu\/?p=4783","title":{"rendered":"Bikav\u00e9r \u00fcnnep az \u00c9rsekkertben"},"content":{"rendered":"<p><a href=\"https:\/\/www.agriatv.hu\/wp-content\/uploads\/2011\/07\/0707bikaver_v.jpg\"><img loading=\"lazy\" decoding=\"async\" class=\"alignleft size-medium wp-image-4784\" title=\"0707bikaver_v\" src=\"https:\/\/www.agriatv.hu\/wp-content\/uploads\/2011\/07\/0707bikaver_v-300x240.jpg\" alt=\"\" width=\"118\" height=\"94\" srcset=\"https:\/\/www.agriatv.hu\/wp-content\/uploads\/2011\/07\/0707bikaver_v-300x240.jpg 300w, https:\/\/www.agriatv.hu\/wp-content\/uploads\/2011\/07\/0707bikaver_v.jpg 720w\" sizes=\"auto, (max-width: 118px) 100vw, 118px\" \/><\/a><strong>P\u00e9nteken<\/strong><strong> kezd\u0151dik \u00e9s vas\u00e1rnapig tart Eger hagyom\u00e1nyosan legnagyobb borgasztron\u00f3miai rendezv\u00e9nye, a Bikav\u00e9r \u00dcnnep \u00faj helysz\u00ednen, az \u00c9rsekkertben v\u00e1rja a l\u00e1togat\u00f3kat, amely a boroz\u00e1s \u00e9s a hozz\u00e1 ill\u0151 \u00e9tkek k\u00f3stol\u00e1sa mellett sz\u00e1mtalan k\u00eds\u00e9r\u0151 programmal b\u0151v\u00fcl.<\/strong><\/p>\n<p align=\"justify\">A XV. Egri Bikav\u00e9r \u00dcnnep Szent Don\u00e1t Napj\u00e1n traktoros felvonul\u00e1ssal, gyorsul\u00e1si- \u00e9s sz\u00e9ps\u00e9gversennyel, valamint a \u201eBikav\u00e9r Kollekci\u00f3\u201d bemutat\u00f3j\u00e1val \u00e9s \u201eBorlop\u00f3 versennyel\u201d is gazdagodik. K\u00e9t sz\u00ednpadon elt\u00e9r\u0151 st\u00edlusban folyamatos koncertek sz\u00f3rakoztatj\u00e1k a l\u00e1togat\u00f3kat.<\/p>\n<div class=\"wordtube\">\n<div class=\"wordtube single337\" id=\"WT1_1\" style=\"width:320px; height:240px;\">\n<a href=\"http:\/\/www.macromedia.com\/go\/getflashplayer\">Get the Flash Player<\/a> to see the wordTube Media Player.\n<\/div><\/div>\n\t<script type=\"text\/javascript\" defer=\"defer\">\nvar WT1_1 = {\n\tparams : {\n\t\twmode : \"opaque\",\n\t\tallowscriptaccess : \"always\",\n\t\tallownetworking : \"all\",\n\t\tallowfullscreen : \"true\"},\n\tflashvars : {\n\t\tfile : \"http%3A%2F%2Fwww.agriatv.hu%2Fwp-content%2Fuploads%2F2011%2F07%2F0707bikaver.flv\",\n\t\tvolume : \"80\",\n\t\tbufferlength : \"5\",\n\t\tquality : \"false\",\n\t\t'logo.hide' : \"false\",\n\t\timage : \"http%3A%2F%2Fwww.agriatv.hu%2Fwp-content%2Fuploads%2F2011%2F07%2F0707bikaver.jpg\",\n\t\ttitle : \"0707bikaver.flv\",\n\t\tlinktarget : \"_self\"},\n\tattr : {\n\t\tid : \"WT1\",\n\t\tname : \"WT1\"},\n\tstart : function() {\n\t\tswfobject.embedSWF(\"https:\/\/www.agriatv.hu\/\/player.swf\", \"WT1_1\", \"320\", \"240\", \"9.0.0\", false, this.flashvars, this.params , this.attr );\n\t}\n}\nWT1_1.start();\n\t<\/script>\n\n","protected":false},"excerpt":{"rendered":"<p>P\u00e9nteken kezd\u0151dik \u00e9s vas\u00e1rnapig tart Eger hagyom\u00e1nyosan legnagyobb borgasztron\u00f3miai rendezv\u00e9nye, a Bikav\u00e9r \u00dcnnep \u00faj helysz\u00ednen, az \u00c9rsekkertben v\u00e1rja a l\u00e1togat\u00f3kat, amely a boroz\u00e1s \u00e9s a hozz\u00e1 ill\u0151 \u00e9tkek k\u00f3stol\u00e1sa mellett sz\u00e1mtalan k\u00eds\u00e9r\u0151 programmal b\u0151v\u00fcl.<br \/>\nA XV. Egri Bikav\u00e9r \u00dcnnep Szent Don\u00e1t Napj\u00e1n traktoros felvonul\u00e1ssal, gyorsul\u00e1si- \u00e9s sz\u00e9ps\u00e9gversennyel, valamint a \u201eBikav\u00e9r Kollekci\u00f3\u201d bemutat\u00f3j\u00e1val \u00e9s \u201eBorlop\u00f3 versennyel\u201d is [&#8230;]<\/p>\n","protected":false},"author":4,"featured_media":0,"comment_status":"open","ping_status":"closed","sticky":false,"template":"","format":"standard","meta":{"footnotes":""},"categories":[6,8,4],"tags":[155,156],"class_list":["post-4783","post","type-post","status-publish","format-standard","hentry","category-belfold","category-kultura","category-szabadido","tag-bikaver","tag-szent-donat"],"_links":{"self":[{"href":"https:\/\/www.agriatv.hu\/index.php?rest_route=\/wp\/v2\/posts\/4783","targetHints":{"allow":["GET"]}}],"collection":[{"href":"https:\/\/www.agriatv.hu\/index.php?rest_route=\/wp\/v2\/posts"}],"about":[{"href":"https:\/\/www.agriatv.hu\/index.php?rest_route=\/wp\/v2\/types\/post"}],"author":[{"embeddable":true,"href":"https:\/\/www.agriatv.hu\/index.php?rest_route=\/wp\/v2\/users\/4"}],"replies":[{"embeddable":true,"href":"https:\/\/www.agriatv.hu\/index.php?rest_route=%2Fwp%2Fv2%2Fcomments&post=4783"}],"version-history":[{"count":4,"href":"https:\/\/www.agriatv.hu\/index.php?rest_route=\/wp\/v2\/posts\/4783\/revisions"}],"predecessor-version":[{"id":4787,"href":"https:\/\/www.agriatv.hu\/index.php?rest_route=\/wp\/v2\/posts\/4783\/revisions\/4787"}],"wp:attachment":[{"href":"https:\/\/www.agriatv.hu\/index.php?rest_route=%2Fwp%2Fv2%2Fmedia&parent=4783"}],"wp:term":[{"taxonomy":"category","embeddable":true,"href":"https:\/\/www.agriatv.hu\/index.php?rest_route=%2Fwp%2Fv2%2Fcategories&post=4783"},{"taxonomy":"post_tag","embeddable":true,"href":"https:\/\/www.agriatv.hu\/index.php?rest_route=%2Fwp%2Fv2%2Ftags&post=4783"}],"curies":[{"name":"wp","href":"https:\/\/api.w.org\/{rel}","templated":true}]}}