{"id":4789,"date":"2011-07-08T16:23:45","date_gmt":"2011-07-08T16:23:45","guid":{"rendered":"http:\/\/www.agriatv.hu\/?p=4789"},"modified":"2011-07-08T21:39:38","modified_gmt":"2011-07-08T21:39:38","slug":"cel-a-digitalis-megujulas","status":"publish","type":"post","link":"https:\/\/www.agriatv.hu\/?p=4789","title":{"rendered":"C\u00e9l a digit\u00e1lis meg\u00fajul\u00e1s"},"content":{"rendered":"<p><strong><a href=\"https:\/\/www.agriatv.hu\/wp-content\/uploads\/2011\/07\/0708fidesz_V.jpg\"><img loading=\"lazy\" decoding=\"async\" class=\"alignleft size-medium wp-image-4790\" title=\"0708fidesz_V\" src=\"https:\/\/www.agriatv.hu\/wp-content\/uploads\/2011\/07\/0708fidesz_V-300x240.jpg\" alt=\"\" width=\"117\" height=\"94\" srcset=\"https:\/\/www.agriatv.hu\/wp-content\/uploads\/2011\/07\/0708fidesz_V-300x240.jpg 300w, https:\/\/www.agriatv.hu\/wp-content\/uploads\/2011\/07\/0708fidesz_V.jpg 720w\" sizes=\"auto, (max-width: 117px) 100vw, 117px\" \/><\/a>A Nemzeti Fejleszt\u00e9si miniszt\u00e9rium infokommunik\u00e1ci\u00f3\u00e9rt felel\u0151s \u00e1llamtitk\u00e1ra. Dr. Nyitrai Zsolt p\u00e9ntek d\u00e9lel\u0151tt sajt\u00f3t\u00e1j\u00e9koztat\u00f3n jelentette be az \u00daj Sz\u00e9chenyi Terv kis- \u00e9s k\u00f6z\u00e9pv\u00e1llalkoz\u00f3i szektort t\u00e1mogat\u00f3 leg\u00fajabb p\u00e1ly\u00e1zati lehet\u0151s\u00e9get, mely j\u00falius 1-t\u0151l ig\u00e9nyelhet\u0151.<\/strong><\/p>\n<p align=\"justify\">K\u00f6zel tizenegy Milli\u00e1rd Ft p\u00e1ly\u00e1zati keret \u00e1ll a v\u00e1llalkoz\u00e1sok rendelkez\u00e9s\u00e9re, melyet informatikai infrastrukt\u00farafejleszt\u00e9sre haszn\u00e1lhatnak fel. A v\u00e1llalkoz\u00e1s a p\u00e1ly\u00e1zat keretein bel\u00fcl tudja korszer\u0171s\u00edteni mind a k\u00fcld\u0151, mind a bels\u0151 informatikai folyamatait. Gyors\u00edthatja d\u00f6nt\u00e9shozatali \u00e9s c\u00e9gvezet\u00e9si folyamatait, p\u00e9ld\u00e1ul a p\u00e9nz\u00fcgyi, a rakt\u00e1roz\u00e1si, vagy a logisztikai ter\u00fcletet, ezzel egy id\u0151ben meg\u00faj\u00edthatja\u00a0 a v\u00e1llalt honlapj\u00e1t, web\u00e1ruh\u00e1zat hozhat l\u00e9tre. A p\u00e1ly\u00e1zati ki\u00edr\u00e1s rendk\u00edv\u00fcl komplex, hiszen keretein bel\u00fcl lehet\u0151s\u00e9g ny\u00edlik t\u00f6bbek k\u00f6z\u00f6tt hardver- \u00e9s szoftverbeszerz\u00e9sre, vagy ak\u00e1r a sz\u00fcks\u00e9ges digit\u00e1lis k\u00e9szs\u00e9gek fejleszt\u00e9s\u00e9re is, teh\u00e1t informatikai tov\u00e1bbk\u00e9pz\u00e9sre, tr\u00e9ningekre.<\/p>\n<p align=\"justify\"><em>Dr. Nyitrai Zsolt<\/em> a t\u00e1j\u00e9koztat\u00f3n elmondta: Egy v\u00e1llalkoz\u00e1s versenyk\u00e9pess\u00e9ge szempontj\u00e1b\u00f3l rendk\u00edv\u00fcl fontos egy korszer\u0171 weboldal megl\u00e9te. A p\u00e1ly\u00e1zat els\u0151dleges c\u00e9lja a hazai kis- \u00e9s k\u00f6z\u00e9pes v\u00e1llalkoz\u00e1sok j\u00f6vedelemtermel\u0151 k\u00e9pess\u00e9g\u00e9nek er\u0151s\u00edt\u00e9se inform\u00e1ci\u00f3s \u00e9s kommunik\u00e1ci\u00f3s technol\u00f3giai megold\u00e1sok alkalmaz\u00e1s\u00e1n kereszt\u00fcl. Biztatom, hogy \u00e9ljenek a p\u00e1ly\u00e1zati lehet\u0151s\u00e9ggel, hiszen a vissza nem t\u00e9r\u00edtend\u0151 t\u00e1mogat\u00e1s \u00f6sszege 1-t\u0151l 10 milli\u00f3 Ft-ig terjed, ami 40-50 %-os finansz\u00edroz\u00e1st jelent.<br \/>\nA p\u00e1ly\u00e1zati elb\u00edr\u00e1l\u00e1s kapcs\u00e1n jelent\u0151s v\u00e1ltoz\u00e1s, hogy egyszer\u0171s\u00f6dik \u00e9s gyorsabb lesz, hiszen a beny\u00fajt\u00e1st k\u00f6vet\u0151en m\u00e1r 45 napon bel\u00fcl al\u00e1\u00edrhat\u00f3 a t\u00e1mogat\u00e1si szerz\u0151d\u00e9s.<div class=\"wordtube\">\n<div class=\"wordtube single338\" id=\"WT1_1\" style=\"width:320px; height:240px;\">\n<a href=\"http:\/\/www.macromedia.com\/go\/getflashplayer\">Get the Flash Player<\/a> to see the wordTube Media Player.\n<\/div><\/div>\n\t<script type=\"text\/javascript\" defer=\"defer\">\nvar WT1_1 = {\n\tparams : {\n\t\twmode : \"opaque\",\n\t\tallowscriptaccess : \"always\",\n\t\tallownetworking : \"all\",\n\t\tallowfullscreen : \"true\"},\n\tflashvars : {\n\t\tfile : \"http%3A%2F%2Fwww.agriatv.hu%2Fwp-content%2Fuploads%2F2011%2F07%2F0708fidesz.flv\",\n\t\tvolume : \"80\",\n\t\tbufferlength : \"5\",\n\t\tquality : \"false\",\n\t\t'logo.hide' : \"false\",\n\t\timage : \"http%3A%2F%2Fwww.agriatv.hu%2Fwp-content%2Fuploads%2F2011%2F07%2F0708fidesz.jpg\",\n\t\ttitle : \"0708fidesz.flv\",\n\t\tlinktarget : \"_self\"},\n\tattr : {\n\t\tid : \"WT1\",\n\t\tname : \"WT1\"},\n\tstart : function() {\n\t\tswfobject.embedSWF(\"https:\/\/www.agriatv.hu\/\/player.swf\", \"WT1_1\", \"320\", \"240\", \"9.0.0\", false, this.flashvars, this.params , this.attr );\n\t}\n}\nWT1_1.start();\n\t<\/script>\n<\/p>\n<p align=\"justify\">A t\u00e1mogat\u00e1sra gazdas\u00e1gi t\u00e1rsas\u00e1gok, egy\u00e9ni v\u00e1llalkoz\u00f3k, sz\u00f6vetkezetek, kamar\u00e1k, nonprofit szervezetek, v\u00e1llalkoz\u00e1sok \u00e9rdekk\u00e9pviselet\u00e9t ell\u00e1t\u00f3 szervezetek \u00e9s kereskedelmi-szakmai szervezetek, sz\u00f6vets\u00e9gek ny\u00fajthatj\u00e1k be p\u00e1ly\u00e1zatukat 2011. j\u00falius 1. \u2013 2012. december 31-ig, illetve a keret\u00f6sszeg kiapad\u00e1s\u00e1ig lehet.<\/p>\n<p align=\"justify\">Forr\u00e1s: <a href=\"http:\/\/egriszin.hu\">Egrisz\u00edn<\/a><\/p>\n","protected":false},"excerpt":{"rendered":"<p>A Nemzeti Fejleszt\u00e9si miniszt\u00e9rium infokommunik\u00e1ci\u00f3\u00e9rt felel\u0151s \u00e1llamtitk\u00e1ra. Dr. Nyitrai Zsolt p\u00e9ntek d\u00e9lel\u0151tt sajt\u00f3t\u00e1j\u00e9koztat\u00f3n jelentette be az \u00daj Sz\u00e9chenyi Terv kis- \u00e9s k\u00f6z\u00e9pv\u00e1llalkoz\u00f3i szektort t\u00e1mogat\u00f3 leg\u00fajabb p\u00e1ly\u00e1zati lehet\u0151s\u00e9get, mely j\u00falius 1-t\u0151l ig\u00e9nyelhet\u0151.<br \/>\nK\u00f6zel tizenegy Milli\u00e1rd Ft p\u00e1ly\u00e1zati keret \u00e1ll a v\u00e1llalkoz\u00e1sok rendelkez\u00e9s\u00e9re, melyet informatikai infrastrukt\u00farafejleszt\u00e9sre haszn\u00e1lhatnak fel. A v\u00e1llalkoz\u00e1s a p\u00e1ly\u00e1zat keretein bel\u00fcl tudja korszer\u0171s\u00edteni mind a [&#8230;]<\/p>\n","protected":false},"author":4,"featured_media":0,"comment_status":"open","ping_status":"closed","sticky":false,"template":"","format":"standard","meta":{"footnotes":""},"categories":[6,3],"tags":[148,78,96,75,147],"class_list":["post-4789","post","type-post","status-publish","format-standard","hentry","category-belfold","category-politika","tag-digitalis","tag-nyitrai-zsolt","tag-palyazat","tag-vallalkozas","tag-versenykepesseg"],"_links":{"self":[{"href":"https:\/\/www.agriatv.hu\/index.php?rest_route=\/wp\/v2\/posts\/4789","targetHints":{"allow":["GET"]}}],"collection":[{"href":"https:\/\/www.agriatv.hu\/index.php?rest_route=\/wp\/v2\/posts"}],"about":[{"href":"https:\/\/www.agriatv.hu\/index.php?rest_route=\/wp\/v2\/types\/post"}],"author":[{"embeddable":true,"href":"https:\/\/www.agriatv.hu\/index.php?rest_route=\/wp\/v2\/users\/4"}],"replies":[{"embeddable":true,"href":"https:\/\/www.agriatv.hu\/index.php?rest_route=%2Fwp%2Fv2%2Fcomments&post=4789"}],"version-history":[{"count":4,"href":"https:\/\/www.agriatv.hu\/index.php?rest_route=\/wp\/v2\/posts\/4789\/revisions"}],"predecessor-version":[{"id":4792,"href":"https:\/\/www.agriatv.hu\/index.php?rest_route=\/wp\/v2\/posts\/4789\/revisions\/4792"}],"wp:attachment":[{"href":"https:\/\/www.agriatv.hu\/index.php?rest_route=%2Fwp%2Fv2%2Fmedia&parent=4789"}],"wp:term":[{"taxonomy":"category","embeddable":true,"href":"https:\/\/www.agriatv.hu\/index.php?rest_route=%2Fwp%2Fv2%2Fcategories&post=4789"},{"taxonomy":"post_tag","embeddable":true,"href":"https:\/\/www.agriatv.hu\/index.php?rest_route=%2Fwp%2Fv2%2Ftags&post=4789"}],"curies":[{"name":"wp","href":"https:\/\/api.w.org\/{rel}","templated":true}]}}