{"id":4926,"date":"2011-07-26T20:29:44","date_gmt":"2011-07-26T20:29:44","guid":{"rendered":"http:\/\/www.agriatv.hu\/?p=4926"},"modified":"2011-07-26T20:33:00","modified_gmt":"2011-07-26T20:33:00","slug":"megvan-az-egri-fc-uj-tamogatoja","status":"publish","type":"post","link":"https:\/\/www.agriatv.hu\/?p=4926","title":{"rendered":"Megvan az Egri FC \u00faj t\u00e1mogat\u00f3ja"},"content":{"rendered":"<p>&nbsp;<\/p>\n<p><img loading=\"lazy\" decoding=\"async\" class=\"alignleft\" src=\"http:\/\/www.egriszin.hu\/RenderedContents\/IndexImages\/7\/7988-20110726152828-egri_fc.png\" alt=\"\" width=\"150\" height=\"97\" \/><\/p>\n<p><strong>Lez\u00e1rultak a hosszas \u00e9s a nyilv\u00e1noss\u00e1got kiz\u00e1r\u00f3 t\u00e1rgyal\u00e1sok az NB II-es Egri FC \u00faj t\u00e1mogat\u00f3j\u00e1val. Kil\u00e9t\u00e9t saj\u00e1t k\u00e9r\u00e9s\u00e9re, \u00e9s a csapat \u00e9rdekei miatt egy ideig m\u00e9g nem szeretn\u00e9k felfedni, de az \u00d6nkorm\u00e1nyzat k\u00f6zl\u00e9se szerint nagyon komoly mec\u00e9n\u00e1sr\u00f3l van sz\u00f3, aki hat\u00e1rozott elk\u00e9pzel\u00e9sekkel \u00e9rkezett Egerbe.<\/strong><\/p>\n<p align=\"justify\">A befektet\u0151 keres\u00e9s\u00e9vel kapcsolatos akad\u00e1lyok mostanra elh\u00e1rultak, a meg\u00fajul\u00f3 csapat szil\u00e1rd alapr\u00f3l indulhat, a finansz\u00edroz\u00e1si h\u00e1tt\u00e9r 100%-ban biztos\u00edtott. Az \u00f6nkorm\u00e1nyzat a tavalyi 19,5 milli\u00f3 forintnyi t\u00e1mogat\u00e1s ut\u00e1n megemelt \u00f6sszeget biztos\u00edt a fels\u0151bb oszt\u00e1lyban indul\u00f3 Egri FC m\u0171k\u00f6dtet\u00e9s\u00e9hez. A t\u00e1mogat\u00f3 annyit k\u00e9rt, hogy Eger v\u00e1rosa minden eszk\u00f6zzel \u00e1lljon a klub munk\u00e1ja mell\u00e9, legyen teljesen egy\u00e9rtelm\u0171 \u00e9s korrekt a k\u00f6z\u00f6s munka.<\/p>\n<p><em>R\u00e1zsi Botond<\/em> kifejtette: rem\u00e9lik, hogy a futball ir\u00e1nti szerelm\u00e9t kor\u00e1bban hossz\u00fa \u00e9veken \u00e1t bizony\u00edt\u00f3, komoly c\u00e9lokat megfogalmaz\u00f3 t\u00e1mogat\u00f3 \u00e9rkez\u00e9s\u00e9vel a tavalyi sikerek ut\u00e1n m\u00e9g szebb id\u0151szak k\u00f6vetkezhet az egri, s ezzel a heves megyei labdar\u00fag\u00e1sban. Az Egri FC-t m\u0171k\u00f6dtet\u0151 v\u00e1llalkoz\u00e1s tulajdonosa jelenleg <em>Kocsis Zolt\u00e1n <\/em>\u00fcgyvezet\u0151, az \u00fajonnan bel\u00e9p\u0151 f\u00e9l azt a t\u00e1j\u00e9koztat\u00e1st adta, hogy az egri k\u00f6r\u00fclm\u00e9nyek alapos megismer\u00e9se ut\u00e1n v\u00e1rhat\u00f3an tulajdonosi szerepet v\u00e1llal Egerben.<br \/>\nA l\u00e9tes\u00edtm\u00e9nyeket az akkor m\u00e9g \u00e9rdekl\u0151d\u0151k\u00e9nt \u00e9rkez\u0151 f\u00e9l j\u00faniusban megtekintette, \u00e9s a l\u00e1tottakkal nagyon el\u00e9gedett volt. Az \u00d6nkorm\u00e1nyzat az \u00fczemeltet\u0151 Egri V\u00e1rosi Sportiskol\u00e1val szoros egy\u00fcttm\u0171k\u00f6d\u00e9sben halad\u00e9ktalanul megkezdi a V\u00e1rosi Stadion NB II-re val\u00f3 felk\u00e9sz\u00edt\u00e9s\u00e9t, ez a munka egy korszer\u0171, automata \u00f6nt\u00f6z\u0151rendszer telep\u00edt\u00e9s\u00e9vel indul, \u00e9s hamarosan meg\u00e9rkezik a mobil elektronikus eredm\u00e9nyjelz\u0151 t\u00e1bla, melyet a fels\u0151v\u00e1rosi l\u00e9tes\u00edtm\u00e9nyben is haszn\u00e1lhatnak. A V\u00e1rosi Stadiont m\u0171k\u00f6dtet\u0151 EVSI a szezonkezdetre minden el\u0151\u00edr\u00e1snak eleget tesz \u2013 \u00e1ll Eger Megyei Jog\u00fa V\u00e1ros \u00d6nkorm\u00e1nyzata k\u00f6zlem\u00e9ny\u00e9ben.<\/p>\n","protected":false},"excerpt":{"rendered":"<p>&nbsp;<\/p>\n<p>Lez\u00e1rultak a hosszas \u00e9s a nyilv\u00e1noss\u00e1got kiz\u00e1r\u00f3 t\u00e1rgyal\u00e1sok az NB II-es Egri FC \u00faj t\u00e1mogat\u00f3j\u00e1val. Kil\u00e9t\u00e9t saj\u00e1t k\u00e9r\u00e9s\u00e9re, \u00e9s a csapat \u00e9rdekei miatt egy ideig m\u00e9g nem szeretn\u00e9k felfedni, de az \u00d6nkorm\u00e1nyzat k\u00f6zl\u00e9se szerint nagyon komoly mec\u00e9n\u00e1sr\u00f3l van sz\u00f3, aki hat\u00e1rozott elk\u00e9pzel\u00e9sekkel \u00e9rkezett Egerbe.<br \/>\nA befektet\u0151 keres\u00e9s\u00e9vel kapcsolatos akad\u00e1lyok mostanra elh\u00e1rultak, a meg\u00fajul\u00f3 csapat szil\u00e1rd alapr\u00f3l [&#8230;]<\/p>\n","protected":false},"author":4,"featured_media":0,"comment_status":"open","ping_status":"closed","sticky":false,"template":"","format":"standard","meta":{"footnotes":""},"categories":[11],"tags":[215,218,217,216],"class_list":["post-4926","post","type-post","status-publish","format-standard","hentry","category-sport","tag-egri-fc","tag-finanszirozas","tag-onkormanyzat","tag-tamogato"],"_links":{"self":[{"href":"https:\/\/www.agriatv.hu\/index.php?rest_route=\/wp\/v2\/posts\/4926","targetHints":{"allow":["GET"]}}],"collection":[{"href":"https:\/\/www.agriatv.hu\/index.php?rest_route=\/wp\/v2\/posts"}],"about":[{"href":"https:\/\/www.agriatv.hu\/index.php?rest_route=\/wp\/v2\/types\/post"}],"author":[{"embeddable":true,"href":"https:\/\/www.agriatv.hu\/index.php?rest_route=\/wp\/v2\/users\/4"}],"replies":[{"embeddable":true,"href":"https:\/\/www.agriatv.hu\/index.php?rest_route=%2Fwp%2Fv2%2Fcomments&post=4926"}],"version-history":[{"count":3,"href":"https:\/\/www.agriatv.hu\/index.php?rest_route=\/wp\/v2\/posts\/4926\/revisions"}],"predecessor-version":[{"id":4932,"href":"https:\/\/www.agriatv.hu\/index.php?rest_route=\/wp\/v2\/posts\/4926\/revisions\/4932"}],"wp:attachment":[{"href":"https:\/\/www.agriatv.hu\/index.php?rest_route=%2Fwp%2Fv2%2Fmedia&parent=4926"}],"wp:term":[{"taxonomy":"category","embeddable":true,"href":"https:\/\/www.agriatv.hu\/index.php?rest_route=%2Fwp%2Fv2%2Fcategories&post=4926"},{"taxonomy":"post_tag","embeddable":true,"href":"https:\/\/www.agriatv.hu\/index.php?rest_route=%2Fwp%2Fv2%2Ftags&post=4926"}],"curies":[{"name":"wp","href":"https:\/\/api.w.org\/{rel}","templated":true}]}}