{"id":496,"date":"2010-07-14T11:37:50","date_gmt":"2010-07-14T11:37:50","guid":{"rendered":"http:\/\/www.agriatv.hu\/?p=496"},"modified":"2010-07-14T11:37:50","modified_gmt":"2010-07-14T11:37:50","slug":"hosegriado","status":"publish","type":"post","link":"https:\/\/www.agriatv.hu\/?p=496","title":{"rendered":"H\u0151s\u00e9griad\u00f3!"},"content":{"rendered":"<p class=\"cikkcikkei\">&nbsp;<\/p>\n<p><img decoding=\"async\" align=\"left\" class=\"kiskepcikkhez\" src=\"http:\/\/www.egriszin.hu\/RenderedContents\/IndexImages\/5\/5792-20100714132656-W.jpg\" title=\"\" \/><\/p>\n<p><b>Harmadik fokozaton a h\u0151s&eacute;griaszt&aacute;st. A rendk&iacute;v&uuml;li melegre val&oacute; tekintettel harmadik fokozat&uacute;ra emelte m&aacute;t&oacute;l a h\u0151s&eacute;griad&oacute;t az Orsz&aacute;gos Tisztif\u0151orvosi Szolg&aacute;lat. Aki teheti tart&oacute;zkodjon h\u0171v&ouml;s helyen, &eacute;s fogyasszon sok folyad&eacute;kot.<\/b><\/p>\n<p align=\"justify\">A meteorol&oacute;giai el\u0151rejelz&eacute;si adatok alapj&aacute;n Dr. Paller Judit, Orsz&aacute;gos Tisztif\u0151orvos Asszony, 2010. j&uacute;lius 14-t\u0151l 2010. j&uacute;lius 18-ig a h\u0151s&eacute;griaszt&aacute;st III. fokozat&uacute;ra emelte. Az el\u0151rejelz&eacute;sek szerint a v&aacute;rhat&oacute; napi &aacute;tlagh\u0151m&eacute;rs&eacute;klet el&eacute;ri a 27 C&ordm;-ot, ami fokozott k&eacute;sz&uuml;lts&eacute;get ig&eacute;nyel.<\/p>\n<p align=\"justify\">Forr&aacute;s: Egrisz&iacute;n<\/p>\n","protected":false},"excerpt":{"rendered":"<p>&nbsp;<\/p>\n<p>Harmadik fokozaton a h\u0151s&eacute;griaszt&aacute;st. A rendk&iacute;v&uuml;li melegre val&oacute; tekintettel harmadik fokozat&uacute;ra emelte m&aacute;t&oacute;l a h\u0151s&eacute;griad&oacute;t az Orsz&aacute;gos Tisztif\u0151orvosi Szolg&aacute;lat. Aki teheti tart&oacute;zkodjon h\u0171v&ouml;s helyen, &eacute;s fogyasszon sok folyad&eacute;kot.<br \/>\nA meteorol&oacute;giai el\u0151rejelz&eacute;si adatok alapj&aacute;n Dr. Paller Judit, Orsz&aacute;gos Tisztif\u0151orvos Asszony, 2010. j&uacute;lius 14-t\u0151l 2010. j&uacute;lius 18-ig a h\u0151s&eacute;griaszt&aacute;st III. fokozat&uacute;ra emelte. Az el\u0151rejelz&eacute;sek szerint a v&aacute;rhat&oacute; napi [&#8230;]<\/p>\n","protected":false},"author":4,"featured_media":0,"comment_status":"closed","ping_status":"closed","sticky":false,"template":"","format":"standard","meta":{"footnotes":""},"categories":[6],"tags":[],"class_list":["post-496","post","type-post","status-publish","format-standard","hentry","category-belfold"],"_links":{"self":[{"href":"https:\/\/www.agriatv.hu\/index.php?rest_route=\/wp\/v2\/posts\/496","targetHints":{"allow":["GET"]}}],"collection":[{"href":"https:\/\/www.agriatv.hu\/index.php?rest_route=\/wp\/v2\/posts"}],"about":[{"href":"https:\/\/www.agriatv.hu\/index.php?rest_route=\/wp\/v2\/types\/post"}],"author":[{"embeddable":true,"href":"https:\/\/www.agriatv.hu\/index.php?rest_route=\/wp\/v2\/users\/4"}],"replies":[{"embeddable":true,"href":"https:\/\/www.agriatv.hu\/index.php?rest_route=%2Fwp%2Fv2%2Fcomments&post=496"}],"version-history":[{"count":1,"href":"https:\/\/www.agriatv.hu\/index.php?rest_route=\/wp\/v2\/posts\/496\/revisions"}],"predecessor-version":[{"id":497,"href":"https:\/\/www.agriatv.hu\/index.php?rest_route=\/wp\/v2\/posts\/496\/revisions\/497"}],"wp:attachment":[{"href":"https:\/\/www.agriatv.hu\/index.php?rest_route=%2Fwp%2Fv2%2Fmedia&parent=496"}],"wp:term":[{"taxonomy":"category","embeddable":true,"href":"https:\/\/www.agriatv.hu\/index.php?rest_route=%2Fwp%2Fv2%2Fcategories&post=496"},{"taxonomy":"post_tag","embeddable":true,"href":"https:\/\/www.agriatv.hu\/index.php?rest_route=%2Fwp%2Fv2%2Ftags&post=496"}],"curies":[{"name":"wp","href":"https:\/\/api.w.org\/{rel}","templated":true}]}}