{"id":4961,"date":"2011-07-30T12:01:56","date_gmt":"2011-07-30T12:01:56","guid":{"rendered":"http:\/\/www.agriatv.hu\/?p=4961"},"modified":"2011-08-01T05:58:00","modified_gmt":"2011-08-01T05:58:00","slug":"vizsgafilmek-galaestje","status":"publish","type":"post","link":"https:\/\/www.agriatv.hu\/?p=4961","title":{"rendered":"Vizsgafilmek g\u00e1laestje"},"content":{"rendered":"<p><img loading=\"lazy\" decoding=\"async\" class=\"alignleft\" src=\"http:\/\/www.egriszin.hu\/RenderedContents\/IndexImages\/8\/8014-20110730113534-galaest_filmes.JPG\" alt=\"\" width=\"150\" height=\"113\" \/><\/p>\n<p><strong>G\u00e1laesttel z\u00e1rul az Ill\u00e9s Gy\u00f6rgy eml\u00e9k\u00e9re rendezett Nemzetk\u00f6zi Filmm\u0171hely. A vizsgafilmek vet\u00edt\u00e9s\u00e9re j\u00falius 30-\u00e1n, szombaton 20 \u00f3r\u00e1t\u00f3l ker\u00fcl sor az Agria Moziban, melyre szeretettel v\u00e1rnak minden \u00e9rdekl\u0151d\u0151t. <\/strong><\/p>\n<div align=\"justify\">Az imm\u00e1r negyedik alkalommal megrendezett Filmm\u0171hely k\u00e9t hete alatt, n\u00e9gy nemzet \u00f6t egyetem\u00e9nek alkot\u00f3i nemzetk\u00f6zi team munk\u00e1ban, felk\u00e9sz\u00fclt szakemberek vezet\u00e9s\u00e9vel k\u00e9sz\u00edtettek filmeket p\u00e1r perces r\u00f6vidfilm, anim\u00e1ci\u00f3s k\u00eds\u00e9rleti film \u00e9s kreat\u00edv dokumentumfilm m\u0171fajokban. A vizsgafilmek g\u00e1laestj\u00e9re j\u00falius 30-\u00e1n, szombaton 20 \u00f3r\u00e1t\u00f3l ker\u00fcl sor az Agria Moziban, melyre szeretettel v\u00e1rnak minden \u00e9rdekl\u0151d\u0151t. A bel\u00e9p\u00e9s d\u00edjtalan.<\/div>\n","protected":false},"excerpt":{"rendered":"<p>G\u00e1laesttel z\u00e1rul az Ill\u00e9s Gy\u00f6rgy eml\u00e9k\u00e9re rendezett Nemzetk\u00f6zi Filmm\u0171hely. A vizsgafilmek vet\u00edt\u00e9s\u00e9re j\u00falius 30-\u00e1n, szombaton 20 \u00f3r\u00e1t\u00f3l ker\u00fcl sor az Agria Moziban, melyre szeretettel v\u00e1rnak minden \u00e9rdekl\u0151d\u0151t.<br \/>\nAz imm\u00e1r negyedik alkalommal megrendezett Filmm\u0171hely k\u00e9t hete alatt, n\u00e9gy nemzet \u00f6t egyetem\u00e9nek alkot\u00f3i nemzetk\u00f6zi team munk\u00e1ban, felk\u00e9sz\u00fclt szakemberek vezet\u00e9s\u00e9vel k\u00e9sz\u00edtettek filmeket p\u00e1r perces r\u00f6vidfilm, anim\u00e1ci\u00f3s k\u00eds\u00e9rleti film [&#8230;]<\/p>\n","protected":false},"author":4,"featured_media":0,"comment_status":"open","ping_status":"closed","sticky":false,"template":"","format":"standard","meta":{"footnotes":""},"categories":[8,9,4],"tags":[230,231],"class_list":["post-4961","post","type-post","status-publish","format-standard","hentry","category-kultura","category-oktatas","category-szabadido","tag-filmmuhely","tag-illes-gyorgy"],"_links":{"self":[{"href":"https:\/\/www.agriatv.hu\/index.php?rest_route=\/wp\/v2\/posts\/4961","targetHints":{"allow":["GET"]}}],"collection":[{"href":"https:\/\/www.agriatv.hu\/index.php?rest_route=\/wp\/v2\/posts"}],"about":[{"href":"https:\/\/www.agriatv.hu\/index.php?rest_route=\/wp\/v2\/types\/post"}],"author":[{"embeddable":true,"href":"https:\/\/www.agriatv.hu\/index.php?rest_route=\/wp\/v2\/users\/4"}],"replies":[{"embeddable":true,"href":"https:\/\/www.agriatv.hu\/index.php?rest_route=%2Fwp%2Fv2%2Fcomments&post=4961"}],"version-history":[{"count":3,"href":"https:\/\/www.agriatv.hu\/index.php?rest_route=\/wp\/v2\/posts\/4961\/revisions"}],"predecessor-version":[{"id":4968,"href":"https:\/\/www.agriatv.hu\/index.php?rest_route=\/wp\/v2\/posts\/4961\/revisions\/4968"}],"wp:attachment":[{"href":"https:\/\/www.agriatv.hu\/index.php?rest_route=%2Fwp%2Fv2%2Fmedia&parent=4961"}],"wp:term":[{"taxonomy":"category","embeddable":true,"href":"https:\/\/www.agriatv.hu\/index.php?rest_route=%2Fwp%2Fv2%2Fcategories&post=4961"},{"taxonomy":"post_tag","embeddable":true,"href":"https:\/\/www.agriatv.hu\/index.php?rest_route=%2Fwp%2Fv2%2Ftags&post=4961"}],"curies":[{"name":"wp","href":"https:\/\/api.w.org\/{rel}","templated":true}]}}