{"id":498,"date":"2010-07-14T20:46:04","date_gmt":"2010-07-14T20:46:04","guid":{"rendered":"http:\/\/www.agriatv.hu\/?p=498"},"modified":"2010-07-14T20:56:45","modified_gmt":"2010-07-14T20:56:45","slug":"aki-egyszer-itt-jart-az-kesobb-is-visszajon","status":"publish","type":"post","link":"https:\/\/www.agriatv.hu\/?p=498","title":{"rendered":"Aki egyszer itt j\u00e1rt, az k\u00e9s\u0151bb is visszaj\u00f6n"},"content":{"rendered":"<p><a href=\"javascript: void(0);\" onclick=\"javascript:window.open('\/galeria\/40998','kepgaleria','height=690,width=1020,status=no,toolbar=no,menubar=no,resizable=no,scrollbars=no,titlebar=no')\"><span class=\"nagyit\">&nbsp; <\/span> <img loading=\"lazy\" decoding=\"async\" align=\"left\" alt=\"Az egerszal\u00f3ki tal\u00e1lkoz\u00f3 egyik f\u0151 kezdem\u00e9nyez\u0151je, Ker\u00e9nyi Lajos atya (k\u00f6z\u00e9pen) mindig sz\u00edvesen besz\u00e9lget a fiatalokkal. Fot\u00f3: \u00d6tv\u00f6s Imre\" height=\"86\" src=\"http:\/\/heol.hu\/lapokkepek\/cikkek\/119000\/119436_lelkigyakorlat.jpg\" style=\"width: 130px; height: 86px;\" title=\"Az egerszal\u00f3ki tal\u00e1lkoz\u00f3 egyik f\u0151 kezdem\u00e9nyez\u0151je, Ker\u00e9nyi Lajos atya (k\u00f6z\u00e9pen) mindig sz\u00edvesen besz\u00e9lget a fiatalokkal. Fot\u00f3: \u00d6tv\u00f6s Imre\" width=\"130\" \/> <\/a><strong>Elkezd\u0151d&ouml;tt a csaknem h&aacute;rom &eacute;vtizedes Ifj&uacute;s&aacute;gi Tal&aacute;lkoz&oacute; &eacute;s Lelkigyakorlat Egerszal&oacute;kon. &Eacute;vr\u0151l &eacute;vre t&ouml;bb fiatal &eacute;rkezik itthonr&oacute;l &eacute;s k&uuml;lf&ouml;ldr\u0151l egyar&aacute;nt.<\/strong><\/p>\n<p>Az egerszal&oacute;ki templomkertben m&aacute;r&nbsp;szerda d&eacute;lut&aacute;n rengeteg s&aacute;tor &aacute;llt, sz&oacute;lt a zene, a f&uuml;v&ouml;n, a k\u0151ker&iacute;t&eacute;seken &uuml;ld&ouml;g&eacute;lve minden&uuml;tt fiatalok besz&eacute;lgettek. Pedig m&eacute;g &eacute;ppenhogy csak elkezd\u0151d&ouml;tt az <strong>Egerszal&oacute;ki Ifj&uacute;s&aacute;gi Tal&aacute;lkoz&oacute; &eacute;s Lelkigyakorlat<\/strong>, amit imm&aacute;r 28. alkalommal tartanak, vas&aacute;rnapig. Az orsz&aacute;g minden pontj&aacute;r&oacute;l, de k&uuml;lf&ouml;ldr\u0151l is &eacute;rkeztek &eacute;s &eacute;rkeznek r&eacute;sztvev\u0151k. Egy&ouml;ntet\u0171en azt &aacute;ll&iacute;tj&aacute;k, aki egyszer j&aacute;rt itt, visszak&iacute;v&aacute;nkozik a k&ouml;vetkez\u0151 &eacute;vekben is.<\/p>\n<p>&ndash; Mi Szlov&aacute;ki&aacute;b&oacute;l, &Eacute;rsek&uacute;jv&aacute;rr&oacute;l j&ouml;tt&uuml;nk egy h&uacute;szf\u0151s csoporttal, t&ouml;bben m&aacute;r tavaly is itt voltunk, &eacute;s nagyon j&oacute;l &eacute;rezt&uuml;k magunkat &ndash; mondja <strong>Puss Anik&oacute;<\/strong>, <strong>So&oacute;s &Eacute;va<\/strong> &eacute;s <strong>Kassa Veronika<\/strong>. &ndash; Legink&aacute;bb a kiscsoportos foglalkoz&aacute;sok tetszenek, de az eg&eacute;sz rendezv&eacute;ny hangulata megfogott benn&uuml;nket. Nagyszer\u0171 lehet\u0151s&eacute;g a felt&ouml;lt\u0151d&eacute;sre, a lelki elm&eacute;ly&uuml;l&eacute;sre. N&aacute;lunk a szlov&aacute;k fiataloknak sok hasonl&oacute; rendezv&eacute;nyt szerveznek, de a magyaroknak is vannak ilyen &ouml;sszej&ouml;veteleik.<\/p>\n<p>Id\u0151k&ouml;zben meg&eacute;rkezik a rendezv&eacute;ny egyik f\u0151 kezdem&eacute;nyez\u0151je, <strong>Ker&eacute;nyi Lajos<\/strong> atya. Besz&eacute;lget, interj&uacute;t ad, majd kor&aacute;t meghazudtol&oacute; frissess&eacute;ggel letelepszik a f\u0171re, a fiatalok k&ouml;z&eacute;. &Eacute;s k&ouml;zben folyamatosan mosolyog, mosolyog &eacute;s mosolyog.<br \/>\n\t&ndash; Annak idej&eacute;n, 28 &eacute;ve nagy teret kapott az ateizmus. Azt mondtuk, Uram, ez &iacute;gy nem mehet tov&aacute;bb &ndash; eml&eacute;kszik vissza a kezdetekre Lajos atya. &ndash; Igenis f&ouml;lkelhet&uuml;nk a hit n&eacute;lk&uuml;li vil&aacute;gb&oacute;l. Tenn&uuml;nk kellett valamit, nagy feladat v&aacute;rt r&aacute;nk. Ez az &eacute;bred&eacute;s id\u0151szaka.<\/p>\n<p>Lajos atya azt mondja, f&aacute;rads&aacute;gos munk&aacute;juk meghozta az eredm&eacute;nyt, egyre t&ouml;bb a h&iacute;v\u0151 fiatal, b&aacute;r m&eacute;g mindig kevesen vannak. Mindenesetre biztat&oacute;, hogy &eacute;vr\u0151l &eacute;vre t&ouml;bben j&ouml;nnek az egerszal&oacute;ki &ouml;sszej&ouml;vetelre. A rendezv&eacute;nyen azonban nem csup&aacute;n a lelkigyakorlatok, az el\u0151ad&aacute;sok, a szentmis&eacute;k, a koncertek v&aacute;rj&aacute;k a fiatalokat, hanem a t&aacute;rsas&aacute;g is. Hiszen ahol sok, hasonl&oacute; &eacute;rdekl\u0151d&eacute;si k&ouml;r\u0171 ember gy\u0171lik &ouml;ssze, ott csak j&oacute; lehet a hangulat.<\/p>\n<p>Forr&aacute;s: Heol<\/p>\n","protected":false},"excerpt":{"rendered":"<p>&nbsp;   Elkezd\u0151d&ouml;tt a csaknem h&aacute;rom &eacute;vtizedes Ifj&uacute;s&aacute;gi Tal&aacute;lkoz&oacute; &eacute;s Lelkigyakorlat Egerszal&oacute;kon. &Eacute;vr\u0151l &eacute;vre t&ouml;bb fiatal &eacute;rkezik itthonr&oacute;l &eacute;s k&uuml;lf&ouml;ldr\u0151l egyar&aacute;nt.<br \/>\nAz egerszal&oacute;ki templomkertben m&aacute;r&nbsp;szerda d&eacute;lut&aacute;n rengeteg s&aacute;tor &aacute;llt, sz&oacute;lt a zene, a f&uuml;v&ouml;n, a k\u0151ker&iacute;t&eacute;seken &uuml;ld&ouml;g&eacute;lve minden&uuml;tt fiatalok besz&eacute;lgettek. Pedig m&eacute;g &eacute;ppenhogy csak elkezd\u0151d&ouml;tt az Egerszal&oacute;ki Ifj&uacute;s&aacute;gi Tal&aacute;lkoz&oacute; &eacute;s Lelkigyakorlat, amit imm&aacute;r 28. alkalommal [&#8230;]<\/p>\n","protected":false},"author":4,"featured_media":0,"comment_status":"closed","ping_status":"closed","sticky":false,"template":"","format":"standard","meta":{"footnotes":""},"categories":[1],"tags":[],"class_list":["post-498","post","type-post","status-publish","format-standard","hentry","category-nincs-kategorizalva"],"_links":{"self":[{"href":"https:\/\/www.agriatv.hu\/index.php?rest_route=\/wp\/v2\/posts\/498","targetHints":{"allow":["GET"]}}],"collection":[{"href":"https:\/\/www.agriatv.hu\/index.php?rest_route=\/wp\/v2\/posts"}],"about":[{"href":"https:\/\/www.agriatv.hu\/index.php?rest_route=\/wp\/v2\/types\/post"}],"author":[{"embeddable":true,"href":"https:\/\/www.agriatv.hu\/index.php?rest_route=\/wp\/v2\/users\/4"}],"replies":[{"embeddable":true,"href":"https:\/\/www.agriatv.hu\/index.php?rest_route=%2Fwp%2Fv2%2Fcomments&post=498"}],"version-history":[{"count":2,"href":"https:\/\/www.agriatv.hu\/index.php?rest_route=\/wp\/v2\/posts\/498\/revisions"}],"predecessor-version":[{"id":501,"href":"https:\/\/www.agriatv.hu\/index.php?rest_route=\/wp\/v2\/posts\/498\/revisions\/501"}],"wp:attachment":[{"href":"https:\/\/www.agriatv.hu\/index.php?rest_route=%2Fwp%2Fv2%2Fmedia&parent=498"}],"wp:term":[{"taxonomy":"category","embeddable":true,"href":"https:\/\/www.agriatv.hu\/index.php?rest_route=%2Fwp%2Fv2%2Fcategories&post=498"},{"taxonomy":"post_tag","embeddable":true,"href":"https:\/\/www.agriatv.hu\/index.php?rest_route=%2Fwp%2Fv2%2Ftags&post=498"}],"curies":[{"name":"wp","href":"https:\/\/api.w.org\/{rel}","templated":true}]}}