{"id":4997,"date":"2011-08-05T20:14:38","date_gmt":"2011-08-05T20:14:38","guid":{"rendered":"http:\/\/www.agriatv.hu\/?p=4997"},"modified":"2011-08-05T20:14:38","modified_gmt":"2011-08-05T20:14:38","slug":"dr-sos-tamas-szerint-a-kormany-megalazza-a-dolgozokat","status":"publish","type":"post","link":"https:\/\/www.agriatv.hu\/?p=4997","title":{"rendered":"Dr. S\u00f3s Tam\u00e1s szerint a korm\u00e1ny megal\u00e1zza a dolgoz\u00f3kat"},"content":{"rendered":"<p><a href=\"https:\/\/www.agriatv.hu\/wp-content\/uploads\/2011\/08\/0805mszp_V.jpg\"><img loading=\"lazy\" decoding=\"async\" class=\"alignleft size-medium wp-image-4998\" title=\"0805mszp_V\" src=\"https:\/\/www.agriatv.hu\/wp-content\/uploads\/2011\/08\/0805mszp_V-300x240.jpg\" alt=\"\" width=\"124\" height=\"99\" srcset=\"https:\/\/www.agriatv.hu\/wp-content\/uploads\/2011\/08\/0805mszp_V-300x240.jpg 300w, https:\/\/www.agriatv.hu\/wp-content\/uploads\/2011\/08\/0805mszp_V.jpg 720w\" sizes=\"auto, (max-width: 124px) 100vw, 124px\" \/><\/a><strong>A Munka T\u00f6rv\u00e9nyk\u00f6nyv\u00e9nek tervezete kiszolg\u00e1ltatott helyzetbe hozza a munkav\u00e1llal\u00f3kat a munkaad\u00f3kkal szemben \u2013 mondta p\u00e9ntek d\u00e9lel\u0151tti egri sajt\u00f3t\u00e1j\u00e9koztat\u00f3j\u00e1n Dr. S\u00f3s Tam\u00e1s, orsz\u00e1ggy\u0171l\u00e9si k\u00e9pvisel\u0151. <\/strong><\/p>\n<p align=\"justify\">\u00a0Az MSZP megyei eln\u00f6ke szerint a korm\u00e1ny megal\u00e1zza a dolgoz\u00f3kat, a munkav\u00e1llal\u00f3k jogainak csorb\u00edt\u00e1sa ellen mindenk\u00e9ppen fel kell l\u00e9pni. Elmondta: arra k\u00e9ri a v\u00e1laszt\u00f3polg\u00e1rokat, dolgoz\u00f3kat, hogy keress\u00e9k fel Heves megye hat v\u00e1laszt\u00f3ker\u00fclet\u00e9ben a korm\u00e1nyp\u00e1rti orsz\u00e1ggy\u0171l\u00e9si k\u00e9pvisel\u0151ket, \u00e9s szembes\u00edts\u00e9k \u0151ket azzal, hogy mit tesznek akkor, amikor ezt a t\u00f6rv\u00e9nytervezetet megszavazz\u00e1k. Hozz\u00e1tette: mindent megtesz majd az\u00e9rt, hogy a korm\u00e1nyp\u00e1rti t\u00f6bbs\u00e9g ne fogadja el a t\u00f6rv\u00e9nytervezetet.<br \/>\n<em>Dr. S\u00f3s Tam\u00e1s<\/em> kiemelte: a Munka T\u00f6rv\u00e9nyk\u00f6nyve jelent\u0151sen cs\u00f6kkenti a fizet\u00e9seket, az \u00e9jszakai m\u0171szakp\u00f3tl\u00e9k a jelenlegi 50%-r\u00f3l 15%-ra cs\u00f6kken, az eddigi 20%-os d\u00e9lut\u00e1ni m\u0171szakp\u00f3tl\u00e9k pedig nem is szerepel a tervezetben.<div class=\"wordtube\">\n<div class=\"wordtube single351\" id=\"WT1_1\" style=\"width:320px; height:240px;\">\n<a href=\"http:\/\/www.macromedia.com\/go\/getflashplayer\">Get the Flash Player<\/a> to see the wordTube Media Player.\n<\/div><\/div>\n\t<script type=\"text\/javascript\" defer=\"defer\">\nvar WT1_1 = {\n\tparams : {\n\t\twmode : \"opaque\",\n\t\tallowscriptaccess : \"always\",\n\t\tallownetworking : \"all\",\n\t\tallowfullscreen : \"true\"},\n\tflashvars : {\n\t\tfile : \"http%3A%2F%2Fwww.agriatv.hu%2Fwp-content%2Fuploads%2F2011%2F08%2F0805mszp.flv\",\n\t\tvolume : \"80\",\n\t\tbufferlength : \"5\",\n\t\tquality : \"false\",\n\t\t'logo.hide' : \"false\",\n\t\timage : \"http%3A%2F%2Fwww.agriatv.hu%2Fwp-content%2Fuploads%2F2011%2F08%2F0805mszp.jpg\",\n\t\ttitle : \"0805mszp.flv\",\n\t\tlinktarget : \"_self\"},\n\tattr : {\n\t\tid : \"WT1\",\n\t\tname : \"WT1\"},\n\tstart : function() {\n\t\tswfobject.embedSWF(\"https:\/\/www.agriatv.hu\/\/player.swf\", \"WT1_1\", \"320\", \"240\", \"9.0.0\", false, this.flashvars, this.params , this.attr );\n\t}\n}\nWT1_1.start();\n\t<\/script>\n<\/p>\n<p align=\"justify\">Az orsz\u00e1ggy\u0171l\u00e9si k\u00e9pvisel\u0151 v\u00e9g\u00fcl elmondta: a Fidesz \u00fajra bizony\u00edtotta, hogy szoci\u00e1lisan \u00e9rz\u00e9ketlen, t\u00e1rsadalmi egyeztet\u00e9sekre alkalmatlan. Az Eur\u00f3pai Uni\u00f3 t\u00f6rekv\u00e9seit a mag\u00e1n\u00e9let \u00e9s a munka \u00f6sszeegyeztet\u00e9s\u00e9vel kapcsolatban nem tiszteli.<\/p>\n<p align=\"justify\">Forr\u00e1s: <a href=\"http:\/\/egriszin.hu\">Egrisz\u00edn<\/a><\/p>\n<p>&nbsp;<\/p>\n","protected":false},"excerpt":{"rendered":"<p>A Munka T\u00f6rv\u00e9nyk\u00f6nyv\u00e9nek tervezete kiszolg\u00e1ltatott helyzetbe hozza a munkav\u00e1llal\u00f3kat a munkaad\u00f3kkal szemben \u2013 mondta p\u00e9ntek d\u00e9lel\u0151tti egri sajt\u00f3t\u00e1j\u00e9koztat\u00f3j\u00e1n Dr. S\u00f3s Tam\u00e1s, orsz\u00e1ggy\u0171l\u00e9si k\u00e9pvisel\u0151.<br \/>\n\u00a0Az MSZP megyei eln\u00f6ke szerint a korm\u00e1ny megal\u00e1zza a dolgoz\u00f3kat, a munkav\u00e1llal\u00f3k jogainak csorb\u00edt\u00e1sa ellen mindenk\u00e9ppen fel kell l\u00e9pni. Elmondta: arra k\u00e9ri a v\u00e1laszt\u00f3polg\u00e1rokat, dolgoz\u00f3kat, hogy keress\u00e9k fel Heves megye hat v\u00e1laszt\u00f3ker\u00fclet\u00e9ben [&#8230;]<\/p>\n","protected":false},"author":4,"featured_media":0,"comment_status":"open","ping_status":"closed","sticky":false,"template":"","format":"standard","meta":{"footnotes":""},"categories":[6,3],"tags":[79,252,253,68,33],"class_list":["post-4997","post","type-post","status-publish","format-standard","hentry","category-belfold","category-politika","tag-mszp","tag-munka","tag-munkavallalo","tag-sos-tamas","tag-szakszervezet"],"_links":{"self":[{"href":"https:\/\/www.agriatv.hu\/index.php?rest_route=\/wp\/v2\/posts\/4997","targetHints":{"allow":["GET"]}}],"collection":[{"href":"https:\/\/www.agriatv.hu\/index.php?rest_route=\/wp\/v2\/posts"}],"about":[{"href":"https:\/\/www.agriatv.hu\/index.php?rest_route=\/wp\/v2\/types\/post"}],"author":[{"embeddable":true,"href":"https:\/\/www.agriatv.hu\/index.php?rest_route=\/wp\/v2\/users\/4"}],"replies":[{"embeddable":true,"href":"https:\/\/www.agriatv.hu\/index.php?rest_route=%2Fwp%2Fv2%2Fcomments&post=4997"}],"version-history":[{"count":3,"href":"https:\/\/www.agriatv.hu\/index.php?rest_route=\/wp\/v2\/posts\/4997\/revisions"}],"predecessor-version":[{"id":5001,"href":"https:\/\/www.agriatv.hu\/index.php?rest_route=\/wp\/v2\/posts\/4997\/revisions\/5001"}],"wp:attachment":[{"href":"https:\/\/www.agriatv.hu\/index.php?rest_route=%2Fwp%2Fv2%2Fmedia&parent=4997"}],"wp:term":[{"taxonomy":"category","embeddable":true,"href":"https:\/\/www.agriatv.hu\/index.php?rest_route=%2Fwp%2Fv2%2Fcategories&post=4997"},{"taxonomy":"post_tag","embeddable":true,"href":"https:\/\/www.agriatv.hu\/index.php?rest_route=%2Fwp%2Fv2%2Ftags&post=4997"}],"curies":[{"name":"wp","href":"https:\/\/api.w.org\/{rel}","templated":true}]}}