{"id":5014,"date":"2011-08-07T19:16:50","date_gmt":"2011-08-07T19:16:50","guid":{"rendered":"http:\/\/www.agriatv.hu\/?p=5014"},"modified":"2011-08-08T21:56:12","modified_gmt":"2011-08-08T21:56:12","slug":"blazso-marton-es-modos-gabriella-nyerte-a-bukk-maratont","status":"publish","type":"post","link":"https:\/\/www.agriatv.hu\/?p=5014","title":{"rendered":"Blazs\u00f3 M\u00e1rton \u00e9s M\u00f3dos Gabriella nyerte a B\u00fckk Maratont"},"content":{"rendered":"<p>&nbsp;<\/p>\n<p><img loading=\"lazy\" decoding=\"async\" class=\"alignleft\" src=\"http:\/\/www.egriszin.hu\/RenderedContents\/IndexImages\/8\/8051-20110807224035-bukk2011.JPG\" alt=\"\" width=\"150\" height=\"112\" \/><\/p>\n<p><strong>Az Egeres-v\u00f6lgy Sportfesztiv\u00e1l z\u00e1r\u00f3esem\u00e9nyek\u00e9nt vas\u00e1rnap rendezt\u00e9k meg a 11. alkalommal ki\u00edrt B\u00fckk Maratont.\u00a0 A fels\u0151t\u00e1rk\u00e1nyi hegyiker\u00e9kp\u00e1ros esem\u00e9nyen 1200 nevez\u0151b\u0151l t\u00f6bb mint ezren rajtoltak el.<\/strong><\/p>\n<p>A tavalyi sorozat \u00f6sszetett gy\u0151ztese, <em>Blazs\u00f3 M\u00e1rton<\/em> b\u0151 t\u00edz percet vert a m\u00e1sodikk\u00e9nt befut\u00f3 <em>Gr\u00f3sz B\u00e9l\u00e1ra<\/em>, hasonl\u00f3an <em>M\u00f3dos Gabriell\u00e1hoz<\/em>, aki <em>Michelberger Szilvia<\/em> el\u0151tt \u00e9rt vissza az Egeres-v\u00f6lgyi c\u00e9lba. A B\u00fckk Maraton mez\u0151ny\u00e9t rom\u00e1n \u00e9s szlov\u00e1k kerekesek tett\u00e9k nemzetk\u00f6ziv\u00e9. A versenyz\u0151k a 37, 58, vagy a 92 kilom\u00e9teres t\u00e1v k\u00f6z\u00fcl v\u00e1laszthattak.<\/p>\n<p>&#8211; <em>Az elm\u00falt napok es\u0151z\u00e9sei ellen\u00e9re ide\u00e1lis volt a p\u00e1lya. Tavalyhoz k\u00e9pest a parkol\u00f3t megn\u00f6velt\u00fck, illetve \u00fajdons\u00e1gk\u00e9nt szervezt\u00fck meg a h\u00e1romnapos sportfesztiv\u00e1lt, melynek keret\u00e9ben terepfut\u00e1sra, cross-country versenyre is sor ker\u00fclt. A versenyz\u0151k el\u00e9gedettek voltak, j\u00f6v\u0151re is hasonl\u00f3 rendezv\u00e9nyben gondolkodom.<\/em> \u2013 mondta Nagy \u00c1d\u00e1m f\u0151szervez\u0151.<\/p>\n<p>A Top Maraton sorozat 4., egyben z\u00e1r\u00f3 \u00e1llom\u00e1s\u00e1ra augusztus 28-\u00e1n ker\u00fcl sor. A jubileumi, 10. M\u00e1tra Maraton rajt-c\u00e9l ter\u00fclete a Gy\u00f6ngy\u00f6s-S\u00e1st\u00f3n tal\u00e1lhat\u00f3 Oxyg\u00e9n Adrenalin Parkban lesz ki\u00e9p\u00edtve. B\u0151vebb inform\u00e1ci\u00f3k: www.matramaraton.hu .<\/p>\n<p>Top Maraton sorozat 3. \u00e1llom\u00e1s \u2013 XI. B\u00fckk Maraton, eredm\u00e9nyek:<br \/>\nTeljes eredm\u00e9nylista:<\/p>\n<p>F\u00e9rfiak, hossz\u00fa t\u00e1v (92 km):<br \/>\n1. Blazs\u00f3 M\u00e1rton (Bike Team Szeged) 4:02:59 \u00f3ra<br \/>\n2. Gr\u00f3sz B\u00e9la (Fillari Team Buda\u00f6rs) 4:13:51<br \/>\n3. Reznik S\u00e1ndor (PCCC) 4:36:43<br \/>\nAz abszol\u00fat kateg\u00f3ri\u00e1ban Horv\u00e1th Csaba (KTM-Erste Leasing) v\u00e9gzett a harmadik helyen, 4:33:37 \u00f3r\u00e1s id\u0151eredm\u00e9nnyel.<\/p>\n<p>N\u0151k, k\u00f6z\u00e9pt\u00e1v (58 km):<br \/>\n1. M\u00f3dos Gabriella (Merida Maraton Team-CST) 3:02:14 \u00f3ra<br \/>\n2. Michelberger Szilvia (Fillari Team Buda\u00f6rs) 3:14:22<br \/>\n3. Rozsnyai Mariann (Meditech SC) 3:30:22<br \/>\nAz abszol\u00fat kateg\u00f3ri\u00e1ban Cseh Veronika (KTM-Erste Leasing) szerezte meg a harmadik helyet, 3:21:42-es id\u0151vel.<\/p>\n<p>Tov\u00e1bbi feln\u0151tt gy\u0151ztesek: Cser G\u00e1bor (Merida Maraton Team-CST) k\u00f6z\u00e9pt\u00e1v, Sz\u00e9csi Tam\u00e1s (Bringabanda SC) \u00e9s Kiss Marina (Tatanka Racing Team) r\u00f6vidt\u00e1v.<\/p>\n","protected":false},"excerpt":{"rendered":"<p>&nbsp;<\/p>\n<p>Az Egeres-v\u00f6lgy Sportfesztiv\u00e1l z\u00e1r\u00f3esem\u00e9nyek\u00e9nt vas\u00e1rnap rendezt\u00e9k meg a 11. alkalommal ki\u00edrt B\u00fckk Maratont.\u00a0 A fels\u0151t\u00e1rk\u00e1nyi hegyiker\u00e9kp\u00e1ros esem\u00e9nyen 1200 nevez\u0151b\u0151l t\u00f6bb mint ezren rajtoltak el.<br \/>\nA tavalyi sorozat \u00f6sszetett gy\u0151ztese, Blazs\u00f3 M\u00e1rton b\u0151 t\u00edz percet vert a m\u00e1sodikk\u00e9nt befut\u00f3 Gr\u00f3sz B\u00e9l\u00e1ra, hasonl\u00f3an M\u00f3dos Gabriell\u00e1hoz, aki Michelberger Szilvia el\u0151tt \u00e9rt vissza az Egeres-v\u00f6lgyi c\u00e9lba. A B\u00fckk Maraton mez\u0151ny\u00e9t [&#8230;]<\/p>\n","protected":false},"author":4,"featured_media":0,"comment_status":"open","ping_status":"closed","sticky":false,"template":"","format":"standard","meta":{"footnotes":""},"categories":[11,4],"tags":[256,255,4417],"class_list":["post-5014","post","type-post","status-publish","format-standard","hentry","category-sport","category-szabadido","tag-bukk-maraton","tag-egres-volgy","tag-sport"],"_links":{"self":[{"href":"https:\/\/www.agriatv.hu\/index.php?rest_route=\/wp\/v2\/posts\/5014","targetHints":{"allow":["GET"]}}],"collection":[{"href":"https:\/\/www.agriatv.hu\/index.php?rest_route=\/wp\/v2\/posts"}],"about":[{"href":"https:\/\/www.agriatv.hu\/index.php?rest_route=\/wp\/v2\/types\/post"}],"author":[{"embeddable":true,"href":"https:\/\/www.agriatv.hu\/index.php?rest_route=\/wp\/v2\/users\/4"}],"replies":[{"embeddable":true,"href":"https:\/\/www.agriatv.hu\/index.php?rest_route=%2Fwp%2Fv2%2Fcomments&post=5014"}],"version-history":[{"count":3,"href":"https:\/\/www.agriatv.hu\/index.php?rest_route=\/wp\/v2\/posts\/5014\/revisions"}],"predecessor-version":[{"id":5022,"href":"https:\/\/www.agriatv.hu\/index.php?rest_route=\/wp\/v2\/posts\/5014\/revisions\/5022"}],"wp:attachment":[{"href":"https:\/\/www.agriatv.hu\/index.php?rest_route=%2Fwp%2Fv2%2Fmedia&parent=5014"}],"wp:term":[{"taxonomy":"category","embeddable":true,"href":"https:\/\/www.agriatv.hu\/index.php?rest_route=%2Fwp%2Fv2%2Fcategories&post=5014"},{"taxonomy":"post_tag","embeddable":true,"href":"https:\/\/www.agriatv.hu\/index.php?rest_route=%2Fwp%2Fv2%2Ftags&post=5014"}],"curies":[{"name":"wp","href":"https:\/\/api.w.org\/{rel}","templated":true}]}}