{"id":5016,"date":"2011-08-08T19:20:46","date_gmt":"2011-08-08T19:20:46","guid":{"rendered":"http:\/\/www.agriatv.hu\/?p=5016"},"modified":"2011-08-08T19:20:46","modified_gmt":"2011-08-08T19:20:46","slug":"eredmenyesen-zarta-az-integra-agria-se-a-bajnoki-szezont","status":"publish","type":"post","link":"https:\/\/www.agriatv.hu\/?p=5016","title":{"rendered":"Eredm\u00e9nyesen z\u00e1rta az Integra Agria SE a bajnoki szezont"},"content":{"rendered":"<p>&nbsp;<\/p>\n<p><img loading=\"lazy\" decoding=\"async\" class=\"alignleft\" src=\"http:\/\/www.egriszin.hu\/RenderedContents\/IndexImages\/8\/8050-20110807000132-P1100025.JPG\" alt=\"\" width=\"150\" height=\"113\" \/><\/p>\n<p><strong>Az Integra Agria Sportegyes\u00fclet az elm\u00falt h\u00e9tv\u00e9g\u00e9n, Miskolcon az Orsz\u00e1gos Gyermek Bajnoks\u00e1ggal befejezte a 2011. \u00e9vi ny\u00e1ri orsz\u00e1gos bajnoki szezont. Az eddigi eredm\u00e9nyekr\u0151l \u00e9s az egyes\u00fcletet \u00e9rint\u0151 h\u00edrekr\u0151l a napokban sajt\u00f3t\u00e1j\u00e9koztat\u00f3 keretein bel\u00fcl sz\u00e1molt be Kripk\u00f3 Zolt\u00e1n eln\u00f6k.<\/strong><\/p>\n<p align=\"justify\">Az egyes\u00fclet versenyz\u0151i t\u00f6bb bajnoks\u00e1gon is rajthoz \u00e1lltak, \u00edgy a feln\u0151tt bajnoks\u00e1gon, az ifj\u00fas\u00e1gi bajnoks\u00e1gon \u00e9s a gyermek bajnoks\u00e1gon.<\/p>\n<p>A 113. Orsz\u00e1gos Feln\u0151tt Bajnoks\u00e1gnak Debrecen volt a h\u00e1zigazd\u00e1ja, ahol az egyes\u00fclet k\u00e9t versenyz\u0151je, <em>Sztankovj\u00e1nszky Anita <\/em>\u00e9s<em> Kov\u00e1cs Dorottya<\/em> \u00e1llt rajthoz. Anita 12. helyez\u00e9st \u00e9rt el a 200 m\u00e9teres pillang\u00f3 \u00fasz\u00e1sban, 24. lett a 100 m\u00e9teres \u00e9s 28. az 50 m\u00e9teres pillang\u00f3\u00fasz\u00e1sban. Dorottya 52. helyezett lett az 50 m\u00e9teres pillang\u00f3\u00fasz\u00e1sban.<\/p>\n<p>Serd\u00fcl\u0151 \u00e9s ifj\u00fas\u00e1gi kor\u00fa versenyz\u0151k hi\u00e1ny\u00e1ban m\u00e9g gyermek koroszt\u00e1ly\u00fa versenyz\u0151kkel \u00e1lltak rajthoz a 83. Orsz\u00e1gos Ifj\u00fas\u00e1gi Bajnoks\u00e1gon, ahol <em>Holl\u00f3 Bal\u00e1zs<\/em> \u00e9rte el a legjobb helyez\u00e9st, 11. lett 400 m\u00e9teres vegyes\u00fasz\u00e1sban.<\/p>\n<p>Miskolc adott otthont a 44. Orsz\u00e1gos Gyermek Bajnoks\u00e1gnak, ahol az Integra Agria SE 11 versenyz\u0151je \u00e1llt rajthoz. A legkellemesebb meglepet\u00e9st <em>Szeivolt Melinda<\/em> okozta, aki az egy \u00e9vvel id\u0151sebbek k\u00f6z\u00f6tt, egyed\u00fcli 11 \u00e9vesk\u00e9nt lett dobog\u00f3s a 12 \u00e9vesek k\u00f6z\u00f6tt. <em>Kripk\u00f3 \u00c1d\u00e1m<\/em> dobog\u00f3 es\u00e9lyesk\u00e9nt \u00e1llt rajthoz, 200 m\u00e9teren bronz\u00e9rmes lett, 100 m\u00e9teren pedig p\u00e1r sz\u00e1zad v\u00e1lasztotta el a dobog\u00f3t\u00f3l, ahol remek id\u0151eredm\u00e9nnyel lett negyedik. <em>V\u00e1lyi Vanda<\/em> nagyot k\u00fczd\u00f6tt a 100 m\u00e9teres gyors\u00fasz\u00e1sban, aminek a jutalma egy orsz\u00e1gos bajnoki bronz\u00e9rem volt.<\/p>\n<p>60. alkalommal rendezt\u00e9k meg az Orsz\u00e1gos Vid\u00e9k Bajnoks\u00e1got, amelynek a sz\u00e9kesfeh\u00e9rv\u00e1ri Csit\u00e1ry uszoda adott otthont. A hatf\u0151s k\u00fcld\u00f6tts\u00e9g egy arany, kett\u0151 ez\u00fcst \u00e9s h\u00e1rom bronz\u00e9rmet szerzett. A legeredm\u00e9nyesebb versenyz\u0151 V\u00e1lyi Vanda volt, aki r\u00e9v\u00e9n vid\u00e9k bajnoki c\u00edm is jutott az Integr\u00e1nak. A 11 \u00e9ves <em>Szedm\u00e1k Enik\u0151<\/em> pillang\u00f3\u00fasz\u00e1sban k\u00e9t \u00e9rmet is nyert az egy \u00e9vvel id\u0151sebbek k\u00f6z\u00f6tt. A 11-12 \u00e9vesek l\u00e1ny vegyes \u00e9s gyorsv\u00e1lt\u00f3ja ez\u00fcst \u00e9s bronz\u00e9rmes lett.<\/p>\n<p>A Szegedi \u00dasz\u00f3 Egylet H\u00f3dmez\u0151v\u00e1s\u00e1rhelyen rendezte meg a 7-8, \u00e9s a 9-10 \u00e9vesek B\u00e9ka-Delfin Derbij\u00e9t. A versenyz\u0151k 12 alkalommal is fel\u00e1llhattak a dobog\u00f3ra \u00e9s az \u00f6sszes\u00edtett pontversenyben az el\u0151kel\u0151 negyedik helyen v\u00e9gzett az Integra a J\u00f6v\u0151 SC, a K\u0151b\u00e1nya SC \u00e9s a rendez\u0151 Szegediek m\u00f6g\u00f6tt. A legkiemelked\u0151bb egri eredm\u00e9ny a 10 \u00e9ves <em>Cseke Petra<\/em> nev\u00e9hez f\u0171z\u0151dik, aki a 200 m\u00e9teres vegyes\u00fasz\u00e1sban a kor\u00e1bbi koroszt\u00e1lyos rekordt\u00f3l mind\u00f6ssze 34 sz\u00e1zad m\u00e1sodpercre elmaradva ez\u00fcst\u00e9rmet szerzett az \u00faj cs\u00facsot \u00fasz\u00f3 gy\u0151ztes m\u00f6g\u00f6tt, 200 m\u00e9ter gyorson pedig bronz\u00e9rmet vehetett \u00e1t. Els\u0151 Integr\u00e1s verseny\u00e9n, nagyszer\u0171en szerepelt <em>Orlando Luca G\u00e1bor<\/em>, aki az 50 m\u00e9teres pillang\u00f3ban bronz\u00e9rmes lett. A 9 \u00e9ves <em>Angyal M\u00e1ty\u00e1s<\/em> a f\u0151 versenysz\u00e1m\u00e1ban, az 50 m\u00e9teres h\u00e1t\u00fasz\u00e1sban m\u00e1sodik helyezett lett. A 7 \u00e9ves <em>Kiss Oliv\u00e9r <\/em>\u00e9s<em> Kov\u00e1cs Attila<\/em> szerezte a legt\u00f6bb Integr\u00e1s \u00e9rmet, \u0151k \u00f6sszesen nyolc alkalommal \u00e1llhattak fel a dobog\u00f3ra. Oklevelet vehettek \u00e1t a 4-5-6. helyezettek, <em>Renn D\u00e1niel <\/em>100 m\u00e9teres mell\u00fasz\u00e1sban nagyszer\u0171en \u00faszott, \u00e9s alig elmaradva a dobog\u00f3t\u00f3l, negyedik lett<\/p>\n<p>Az Orsz\u00e1gos Di\u00e1kolimpi\u00e1n k\u00e9t bronz\u00e9rmet siker\u00fclt nyerni Szeivolt Melinda \u00e9s Angyal M\u00e1ty\u00e1s r\u00e9v\u00e9n.<\/p>\n<p align=\"justify\">\nAz \u00e9rtelmileg s\u00e9r\u00fclt sportol\u00f3k 21 sport\u00e1gban m\u00e9rt\u00e9k \u00f6ssze tud\u00e1sukat Ath\u00e9nben. 125 orsz\u00e1g 7500 versenyz\u0151je k\u00f6z\u00f6tt ott voltak az egriek is. Az Integra Agria SE k\u00e9t versenyz\u0151je kapott lehet\u0151s\u00e9get, hogy az olimpia uszod\u00e1ban k\u00e9pviselje a magyar sz\u00edneket. <em>Malacsek Zs\u00f3fia<\/em> 100 m\u00e9teres gyors\u00fasz\u00e1sban negyedik, m\u00edg 200 m\u00e9teres gyors\u00fasz\u00e1sban hetedik helyet szerzett.\u00a0 Ebben a sport\u00e1gban sem maradtak \u00e9rem n\u00e9lk\u00fcl az egriek, hiszen <em>F\u00f6ldi Marcell<\/em> 200 m\u00e9teres gyors\u00fasz\u00e1sban arany, 100 m\u00e9teres vegyes \u00fasz\u00e1sban ez\u00fcst, m\u00edg a 4 x 50 m\u00e9teres v\u00e1lt\u00f3 tagjak\u00e9nt szint\u00e9n arany\u00e9rmet nyert. A nagyszer\u0171 szerepl\u00e9s ut\u00e1n a magyar csapatot <em>Czene Attila<\/em> sport\u00e9rt felel\u0151s \u00e1llamtitk\u00e1r, <em>Moln\u00e1r Zolt\u00e1n<\/em> a Magyar Olimpia Bizotts\u00e1g f\u0151titk\u00e1ra \u00e9s <em>Balogh G\u00e1bor<\/em> a minisztereln\u00f6k sport\u00fcgyi tan\u00e1csad\u00f3ja k\u00f6sz\u00f6nt\u00f6tte. Az \u00fasz\u00f3knak Czene Attila olimpiai bajnok szem\u00e9lyesen k\u00f6sz\u00f6nte meg a helyt\u00e1ll\u00e1st \u00e9s az el\u00e9rt eredm\u00e9nyeket.<\/p>\n","protected":false},"excerpt":{"rendered":"<p>&nbsp;<\/p>\n<p>Az Integra Agria Sportegyes\u00fclet az elm\u00falt h\u00e9tv\u00e9g\u00e9n, Miskolcon az Orsz\u00e1gos Gyermek Bajnoks\u00e1ggal befejezte a 2011. \u00e9vi ny\u00e1ri orsz\u00e1gos bajnoki szezont. Az eddigi eredm\u00e9nyekr\u0151l \u00e9s az egyes\u00fcletet \u00e9rint\u0151 h\u00edrekr\u0151l a napokban sajt\u00f3t\u00e1j\u00e9koztat\u00f3 keretein bel\u00fcl sz\u00e1molt be Kripk\u00f3 Zolt\u00e1n eln\u00f6k.<br \/>\nAz egyes\u00fclet versenyz\u0151i t\u00f6bb bajnoks\u00e1gon is rajthoz \u00e1lltak, \u00edgy a feln\u0151tt bajnoks\u00e1gon, az ifj\u00fas\u00e1gi bajnoks\u00e1gon \u00e9s a gyermek [&#8230;]<\/p>\n","protected":false},"author":4,"featured_media":0,"comment_status":"open","ping_status":"closed","sticky":false,"template":"","format":"standard","meta":{"footnotes":""},"categories":[11,4],"tags":[169,208],"class_list":["post-5016","post","type-post","status-publish","format-standard","hentry","category-sport","category-szabadido","tag-integra-agria","tag-kripko-zoltan"],"_links":{"self":[{"href":"https:\/\/www.agriatv.hu\/index.php?rest_route=\/wp\/v2\/posts\/5016","targetHints":{"allow":["GET"]}}],"collection":[{"href":"https:\/\/www.agriatv.hu\/index.php?rest_route=\/wp\/v2\/posts"}],"about":[{"href":"https:\/\/www.agriatv.hu\/index.php?rest_route=\/wp\/v2\/types\/post"}],"author":[{"embeddable":true,"href":"https:\/\/www.agriatv.hu\/index.php?rest_route=\/wp\/v2\/users\/4"}],"replies":[{"embeddable":true,"href":"https:\/\/www.agriatv.hu\/index.php?rest_route=%2Fwp%2Fv2%2Fcomments&post=5016"}],"version-history":[{"count":1,"href":"https:\/\/www.agriatv.hu\/index.php?rest_route=\/wp\/v2\/posts\/5016\/revisions"}],"predecessor-version":[{"id":5017,"href":"https:\/\/www.agriatv.hu\/index.php?rest_route=\/wp\/v2\/posts\/5016\/revisions\/5017"}],"wp:attachment":[{"href":"https:\/\/www.agriatv.hu\/index.php?rest_route=%2Fwp%2Fv2%2Fmedia&parent=5016"}],"wp:term":[{"taxonomy":"category","embeddable":true,"href":"https:\/\/www.agriatv.hu\/index.php?rest_route=%2Fwp%2Fv2%2Fcategories&post=5016"},{"taxonomy":"post_tag","embeddable":true,"href":"https:\/\/www.agriatv.hu\/index.php?rest_route=%2Fwp%2Fv2%2Ftags&post=5016"}],"curies":[{"name":"wp","href":"https:\/\/api.w.org\/{rel}","templated":true}]}}