{"id":5018,"date":"2011-08-08T19:22:39","date_gmt":"2011-08-08T19:22:39","guid":{"rendered":"http:\/\/www.agriatv.hu\/?p=5018"},"modified":"2011-08-08T21:55:09","modified_gmt":"2011-08-08T21:55:09","slug":"ittas-volt-a-biciklista","status":"publish","type":"post","link":"https:\/\/www.agriatv.hu\/?p=5018","title":{"rendered":"Ittas volt a biciklista"},"content":{"rendered":"<p>&nbsp;<\/p>\n<p><img loading=\"lazy\" decoding=\"async\" class=\"alignleft\" src=\"http:\/\/www.egriszin.hu\/RenderedContents\/IndexImages\/8\/8053-20110808121029-police.jpg\" alt=\"\" width=\"120\" height=\"150\" \/><\/p>\n<p><strong>Egerben egy borsodszentgy\u00f6rgyi lakos ker\u00e9kp\u00e1rj\u00e1val neki\u00fctk\u00f6z\u00f6tt egy leparkolt szem\u00e9lyg\u00e9pkocsinak. A baleset k\u00f6vetkezt\u00e9ben 8 napon bel\u00fcl gy\u00f3gyul\u00f3 k\u00f6nny\u0171 s\u00e9r\u00fcl\u00e9st szenvedett. Mint kider\u00fclt, ittasan ker\u00e9kp\u00e1rozott. <\/strong><\/p>\n<p align=\"justify\">Egy egri lakos feljelent\u00e9st tett ismeretlen tettes ellen, aki 2011. augusztus 07-\u00e9n Egerben tal\u00e1lhat\u00f3 csal\u00e1di h\u00e1zba a f\u00fcrd\u0151szoba ablak\u00e1nak befesz\u00edt\u00e9s\u00e9vel bement, ott kutat\u00e1st v\u00e9gzett \u00e9s onnan k\u00e9szp\u00e9nzt tulajdon\u00edtott el. A lop\u00e1si k\u00e1r: 80.000 Ft, rong\u00e1l\u00e1si k\u00e1r: 10.000 Ft.<\/p>\n<p>2011. augusztus 07-\u00e9n a d\u00e9lut\u00e1ni \u00f3r\u00e1kban Eger, Egri utc\u00e1ban egy borsodszentgy\u00f6rgyi lakos az \u00e1ltala hajtott ker\u00e9kp\u00e1rral k\u00f6zlekedett a II.R\u00e1k\u00f3czi Ferenc \u00fat ir\u00e1ny\u00e1ba a k\u00fcls\u0151 forgalmi s\u00e1vban. A halad\u00e1sa sor\u00e1n nem tartott kell\u0151 oldalt\u00e1vols\u00e1got a k\u00fcls\u0151 forgalmi s\u00e1vban el\u0151tte az \u00fattal p\u00e1rhuzamosan \u00e1ll\u00f3 egri lakos tulajdon\u00e1t k\u00e9pez\u0151, \u00e1ltala leparkolt \u00e9s h\u00e1trahagyott szem\u00e9lyg\u00e9pkocsi mellett, ez\u00e9rt s\u00farl\u00f3d\u00e1sszer\u0171en neki\u00fctk\u00f6z\u00f6tt a j\u00e1rm\u0171 bal h\u00e1ts\u00f3 sark\u00e1nak. A baleset k\u00f6vetkezt\u00e9ben a ker\u00e9kp\u00e1rt vezet\u0151 borsodszentgy\u00f6rgyi lakos 8 napon bel\u00fcl gy\u00f3gyul\u00f3 k\u00f6nny\u0171 s\u00e9r\u00fcl\u00e9st szenvedett, akit a ment\u0151szolg\u00e1lat az egri k\u00f3rh\u00e1zba sz\u00e1ll\u00edtott. A vele szemben alkalmazott szonda pozit\u00edv \u00e9rt\u00e9ket mutatott.<\/p>\n<p>Egy gy\u00f6ngy\u00f6si lakos feljelent\u00e9st tett ismeretlen tettes ellen, aki 2011. augusztus 04. \u00e9s 2011. augusztus 06. k\u00f6z\u00f6tti id\u0151ben gy\u00f6ngy\u00f6si lak\u00e1sa pincerekesz\u00e9be lakatlefesz\u00edt\u00e9s m\u00f3dszer\u00e9vel behatolt, majd onnan horg\u00e1szbotokat tulajdon\u00edtott el. Lop\u00e1ssal okozott k\u00e1r 95.000 Ft. Rong\u00e1l\u00e1si k\u00e1r 1000 Ft keletkezett.<\/p>\n","protected":false},"excerpt":{"rendered":"<p>&nbsp;<\/p>\n<p>Egerben egy borsodszentgy\u00f6rgyi lakos ker\u00e9kp\u00e1rj\u00e1val neki\u00fctk\u00f6z\u00f6tt egy leparkolt szem\u00e9lyg\u00e9pkocsinak. A baleset k\u00f6vetkezt\u00e9ben 8 napon bel\u00fcl gy\u00f3gyul\u00f3 k\u00f6nny\u0171 s\u00e9r\u00fcl\u00e9st szenvedett. Mint kider\u00fclt, ittasan ker\u00e9kp\u00e1rozott.<br \/>\nEgy egri lakos feljelent\u00e9st tett ismeretlen tettes ellen, aki 2011. augusztus 07-\u00e9n Egerben tal\u00e1lhat\u00f3 csal\u00e1di h\u00e1zba a f\u00fcrd\u0151szoba ablak\u00e1nak befesz\u00edt\u00e9s\u00e9vel bement, ott kutat\u00e1st v\u00e9gzett \u00e9s onnan k\u00e9szp\u00e9nzt tulajdon\u00edtott el. A lop\u00e1si k\u00e1r: [&#8230;]<\/p>\n","protected":false},"author":4,"featured_media":0,"comment_status":"open","ping_status":"closed","sticky":false,"template":"","format":"standard","meta":{"footnotes":""},"categories":[1],"tags":[41,258,257,122],"class_list":["post-5018","post","type-post","status-publish","format-standard","hentry","category-nincs-kategorizalva","tag-baleset","tag-ittas","tag-kerekparos","tag-rendorseg"],"_links":{"self":[{"href":"https:\/\/www.agriatv.hu\/index.php?rest_route=\/wp\/v2\/posts\/5018","targetHints":{"allow":["GET"]}}],"collection":[{"href":"https:\/\/www.agriatv.hu\/index.php?rest_route=\/wp\/v2\/posts"}],"about":[{"href":"https:\/\/www.agriatv.hu\/index.php?rest_route=\/wp\/v2\/types\/post"}],"author":[{"embeddable":true,"href":"https:\/\/www.agriatv.hu\/index.php?rest_route=\/wp\/v2\/users\/4"}],"replies":[{"embeddable":true,"href":"https:\/\/www.agriatv.hu\/index.php?rest_route=%2Fwp%2Fv2%2Fcomments&post=5018"}],"version-history":[{"count":2,"href":"https:\/\/www.agriatv.hu\/index.php?rest_route=\/wp\/v2\/posts\/5018\/revisions"}],"predecessor-version":[{"id":5020,"href":"https:\/\/www.agriatv.hu\/index.php?rest_route=\/wp\/v2\/posts\/5018\/revisions\/5020"}],"wp:attachment":[{"href":"https:\/\/www.agriatv.hu\/index.php?rest_route=%2Fwp%2Fv2%2Fmedia&parent=5018"}],"wp:term":[{"taxonomy":"category","embeddable":true,"href":"https:\/\/www.agriatv.hu\/index.php?rest_route=%2Fwp%2Fv2%2Fcategories&post=5018"},{"taxonomy":"post_tag","embeddable":true,"href":"https:\/\/www.agriatv.hu\/index.php?rest_route=%2Fwp%2Fv2%2Ftags&post=5018"}],"curies":[{"name":"wp","href":"https:\/\/api.w.org\/{rel}","templated":true}]}}