{"id":5070,"date":"2011-08-15T13:49:13","date_gmt":"2011-08-15T13:49:13","guid":{"rendered":"http:\/\/www.agriatv.hu\/?p=5070"},"modified":"2011-08-15T13:49:13","modified_gmt":"2011-08-15T13:49:13","slug":"i-erdeszeti-nyilt-nap","status":"publish","type":"post","link":"https:\/\/www.agriatv.hu\/?p=5070","title":{"rendered":"I. Erd\u00e9szeti Ny\u00edlt Nap"},"content":{"rendered":"<p>&nbsp;<\/p>\n<p><img loading=\"lazy\" decoding=\"async\" class=\"alignleft\" src=\"http:\/\/www.egriszin.hu\/RenderedContents\/IndexImages\/8\/8095-20110815110243-Meghivo_Erdeszeti_Nyilt_Nap-2.jpg\" alt=\"\" width=\"149\" height=\"150\" \/><\/p>\n<p><strong>Az EGERERD\u0150 Zrt. a \u201e2011 Az erd\u0151k nemzetk\u00f6zi \u00e9ve\u201d alkalm\u00e1b\u00f3l szeptember 2-\u00e1n az \u00c9rsekkertben rendezi meg az I. Erd\u00e9szeti Ny\u00edlt Napot.<\/strong><\/p>\n<div align=\"justify\">A rendezv\u00e9ny \u00fcnnep\u00e9lyes megnyit\u00f3j\u00e1ra 9.00 \u00e9s 9.30 k\u00f6z\u00f6tt ker\u00fcl sor a Zenepavilonn\u00e1l, ahol k\u00f6sz\u00f6nt\u0151t mond <em>Dr. Jung L\u00e1szl\u00f3<\/em> \u00e9s <em>Habis L\u00e1szl\u00f3<\/em>, majd el\u00fcltetik az \u00c9v f\u00e1j\u00e1t. Ezt k\u00f6vet\u0151en 9.30-16 \u00f3r\u00e1ig az \u00c9rsekkert ter\u00fclet\u00e9n tal\u00e1lhat\u00f3 standokn\u00e1l szakemberek mutatj\u00e1k majd be az erdei \u00e9l\u0151vil\u00e1got, az erd\u00e9szek sokr\u00e9t\u0171 munk\u00e1j\u00e1t \u00e9s az EGERERD\u0150 Zrt. tev\u00e9kenys\u00e9g\u00e9t.<\/div>\n<p>A rendezv\u00e9ny c\u00e9lja, hogy megismertess\u00e9k a lakoss\u00e1ggal az erd\u00e9szet tev\u00e9kenys\u00e9g\u00e9t, \u00e9s k\u00f6zelebb hozz\u00e1k a term\u00e9szetet az emberekhez.<\/p>\n","protected":false},"excerpt":{"rendered":"<p>&nbsp;<\/p>\n<p>Az EGERERD\u0150 Zrt. a \u201e2011 Az erd\u0151k nemzetk\u00f6zi \u00e9ve\u201d alkalm\u00e1b\u00f3l szeptember 2-\u00e1n az \u00c9rsekkertben rendezi meg az I. Erd\u00e9szeti Ny\u00edlt Napot.<br \/>\nA rendezv\u00e9ny \u00fcnnep\u00e9lyes megnyit\u00f3j\u00e1ra 9.00 \u00e9s 9.30 k\u00f6z\u00f6tt ker\u00fcl sor a Zenepavilonn\u00e1l, ahol k\u00f6sz\u00f6nt\u0151t mond Dr. Jung L\u00e1szl\u00f3 \u00e9s Habis L\u00e1szl\u00f3, majd el\u00fcltetik az \u00c9v f\u00e1j\u00e1t. Ezt k\u00f6vet\u0151en 9.30-16 \u00f3r\u00e1ig az \u00c9rsekkert ter\u00fclet\u00e9n tal\u00e1lhat\u00f3 standokn\u00e1l [&#8230;]<\/p>\n","protected":false},"author":4,"featured_media":0,"comment_status":"open","ping_status":"closed","sticky":false,"template":"","format":"standard","meta":{"footnotes":""},"categories":[4],"tags":[281],"class_list":["post-5070","post","type-post","status-publish","format-standard","hentry","category-szabadido","tag-egererdo"],"_links":{"self":[{"href":"https:\/\/www.agriatv.hu\/index.php?rest_route=\/wp\/v2\/posts\/5070","targetHints":{"allow":["GET"]}}],"collection":[{"href":"https:\/\/www.agriatv.hu\/index.php?rest_route=\/wp\/v2\/posts"}],"about":[{"href":"https:\/\/www.agriatv.hu\/index.php?rest_route=\/wp\/v2\/types\/post"}],"author":[{"embeddable":true,"href":"https:\/\/www.agriatv.hu\/index.php?rest_route=\/wp\/v2\/users\/4"}],"replies":[{"embeddable":true,"href":"https:\/\/www.agriatv.hu\/index.php?rest_route=%2Fwp%2Fv2%2Fcomments&post=5070"}],"version-history":[{"count":1,"href":"https:\/\/www.agriatv.hu\/index.php?rest_route=\/wp\/v2\/posts\/5070\/revisions"}],"predecessor-version":[{"id":5071,"href":"https:\/\/www.agriatv.hu\/index.php?rest_route=\/wp\/v2\/posts\/5070\/revisions\/5071"}],"wp:attachment":[{"href":"https:\/\/www.agriatv.hu\/index.php?rest_route=%2Fwp%2Fv2%2Fmedia&parent=5070"}],"wp:term":[{"taxonomy":"category","embeddable":true,"href":"https:\/\/www.agriatv.hu\/index.php?rest_route=%2Fwp%2Fv2%2Fcategories&post=5070"},{"taxonomy":"post_tag","embeddable":true,"href":"https:\/\/www.agriatv.hu\/index.php?rest_route=%2Fwp%2Fv2%2Ftags&post=5070"}],"curies":[{"name":"wp","href":"https:\/\/api.w.org\/{rel}","templated":true}]}}