{"id":5264,"date":"2011-09-08T15:01:09","date_gmt":"2011-09-08T15:01:09","guid":{"rendered":"http:\/\/www.agriatv.hu\/?p=5264"},"modified":"2011-09-08T15:01:09","modified_gmt":"2011-09-08T15:01:09","slug":"szelektiv-hulladekgyujtes-az-egri-intezmenyekben","status":"publish","type":"post","link":"https:\/\/www.agriatv.hu\/?p=5264","title":{"rendered":"Szelekt\u00edv hullad\u00e9kgy\u0171jt\u00e9s az egri int\u00e9zm\u00e9nyekben"},"content":{"rendered":"<p><a href=\"https:\/\/www.agriatv.hu\/wp-content\/uploads\/2011\/09\/0908szelektiv_V.jpg\"><img loading=\"lazy\" decoding=\"async\" class=\"alignleft size-medium wp-image-5265\" title=\"0908szelektiv_V\" src=\"https:\/\/www.agriatv.hu\/wp-content\/uploads\/2011\/09\/0908szelektiv_V-300x240.jpg\" alt=\"\" width=\"104\" height=\"83\" srcset=\"https:\/\/www.agriatv.hu\/wp-content\/uploads\/2011\/09\/0908szelektiv_V-300x240.jpg 300w, https:\/\/www.agriatv.hu\/wp-content\/uploads\/2011\/09\/0908szelektiv_V.jpg 720w\" sizes=\"auto, (max-width: 104px) 100vw, 104px\" \/><\/a>Az \u00f6nkorm\u00e1nyzat a V\u00e1rosgondoz\u00e1s Eger Kft.-vel k\u00f6z\u00f6sen az \u00fajrahasznos\u00edt\u00e1s sz\u00e9les k\u00f6r\u0171 elterjed\u00e9s\u00e9t szeretn\u00e9 biztos\u00edtani Egerben, ez\u00e9rt a Polg\u00e1rmesteri Hivatal, j\u00f3 p\u00e9ld\u00e1t mutatva, m\u00e1r t\u00f6bb \u00e9p\u00fclet\u00e9ben is megval\u00f3s\u00edtotta a k\u00f6rnyezettudatos hullad\u00e9kgy\u0171jt\u00e9st.<\/p>\n<p>Az elm\u00falt id\u0151szakban a hivatal m\u00e1r tett l\u00e9p\u00e9seket a figyelem felkelt\u00e9se \u00e9rdek\u00e9ben, igyekeztek a lakoss\u00e1ggal megismertetni a gy\u0171jt\u0151szigetes \u00e9s zs\u00e1kos szelekt\u00edv-gy\u0171jt\u00e9s kiakn\u00e1zatlan lehet\u0151s\u00e9geit. Szeptember elsej\u00e9t\u0151l a hivatal minden irod\u00e1ja csatlakozott a k\u00f6rnyezettudatos rendszerhez, \u00edgy a folyos\u00f3kon kihelyezett gy\u0171jt\u0151ed\u00e9nyekbe szelekt\u00edven gy\u0171jthetik a hullad\u00e9kot. A kezdem\u00e9nyez\u00e9s nem csak a titk\u00e1rs\u00e1gokon illetve a k\u00f6ztisztvisel\u0151k k\u00f6r\u00e9ben terjedt el, az \u00fcgyfelek is megtal\u00e1lj\u00e1k a feh\u00e9r, t\u00e1j\u00e9koztat\u00f3 matric\u00e1val ell\u00e1tott ed\u00e9nyeket. \u00a0Az int\u00e9zm\u00e9nyekben a pap\u00edrhullad\u00e9kok, illetve a vegyes hullad\u00e9kok begy\u0171jt\u00e9s\u00e9re szolg\u00e1lnak az ed\u00e9nyek, de PET palackok, tiszt\u00edt\u00f3szerek flakonjai, f\u00f3li\u00e1k, rekl\u00e1mszatyrok, zacsk\u00f3k , aluf\u00f3lia is ker\u00fclhet a szemetesekbe. A hivatal udvar\u00e1n k\u00e9t nagyobb m\u00e9ret\u0171 szelekt\u00edv gy\u0171jt\u0151ed\u00e9nyt is elhelyeztek.<div class=\"wordtube\">\n<div class=\"wordtube single378\" id=\"WT1_1\" style=\"width:320px; height:240px;\">\n<a href=\"http:\/\/www.macromedia.com\/go\/getflashplayer\">Get the Flash Player<\/a> to see the wordTube Media Player.\n<\/div><\/div>\n\t<script type=\"text\/javascript\" defer=\"defer\">\nvar WT1_1 = {\n\tparams : {\n\t\twmode : \"opaque\",\n\t\tallowscriptaccess : \"always\",\n\t\tallownetworking : \"all\",\n\t\tallowfullscreen : \"true\"},\n\tflashvars : {\n\t\tfile : \"http%3A%2F%2Fwww.agriatv.hu%2Fwp-content%2Fuploads%2F2011%2F09%2F0908szelektiv.flv\",\n\t\tvolume : \"80\",\n\t\tbufferlength : \"5\",\n\t\tquality : \"false\",\n\t\t'logo.hide' : \"false\",\n\t\timage : \"http%3A%2F%2Fwww.agriatv.hu%2Fwp-content%2Fuploads%2F2011%2F09%2F0908szelektiv.jpg\",\n\t\ttitle : \"0908szelektiv.flv\",\n\t\tlinktarget : \"_self\"},\n\tattr : {\n\t\tid : \"WT1\",\n\t\tname : \"WT1\"},\n\tstart : function() {\n\t\tswfobject.embedSWF(\"https:\/\/www.agriatv.hu\/\/player.swf\", \"WT1_1\", \"320\", \"240\", \"9.0.0\", false, this.flashvars, this.params , this.attr );\n\t}\n}\nWT1_1.start();\n\t<\/script>\n<\/p>\n<p>A program sikeress\u00e9g\u00e9t mutatja, hogy m\u00e1r t\u00f6bb egri oktat\u00e1si int\u00e9zm\u00e9nyben is bevezett\u00e9k a k\u00f6rnyezettudatos hullad\u00e9kgy\u0171jt\u00e9st, illetve t\u00f6bb iskola, \u00f3voda jelezte csatlakoz\u00e1si sz\u00e1nd\u00e9k\u00e1t a kezdem\u00e9nyez\u00e9shez. A V\u00e1rosgondoz\u00e1s Eger Kft. k\u00fcl- \u00e9s belt\u00e9ri gy\u0171jt\u0151ed\u00e9nyeket biztos\u00edt az int\u00e9zm\u00e9nyek ig\u00e9nyei alapj\u00e1n, melyet k\u00e9thetente sz\u00e1ll\u00edtanak majd el.<\/p>\n<p>A lakoss\u00e1g figyelm\u00e9nek felh\u00edv\u00e1sa fontos az \u00fcgy \u00e9rdek\u00e9ben, hiszen a v\u00e1ros foglalkoztatotts\u00e1gi probl\u00e9m\u00e1ja megold\u00f3dik valamilyen m\u00e9rt\u00e9kben, munk\u00e1t adva a megyesz\u00e9khely lak\u00f3inak.<\/p>\n<p>C\u00e9lunk nem csak a nevel\u00e9si \u00e9s oktat\u00e1si int\u00e9zm\u00e9nyekkel val\u00f3 egy\u00fcttm\u0171k\u00f6d\u00e9s, hanem k\u00fcls\u0151 szerepl\u0151k, nagy c\u00e9gek, gy\u00e1rak bevon\u00e1sa is a programba- mondta S\u00f3s Istv\u00e1n, alpolg\u00e1rmester. A Heves Megyei B\u00fcntet\u00e9s-v\u00e9grehajt\u00e1si Int\u00e9zet, az Eszterh\u00e1zy K\u00e1roly F\u0151iskola \u00e9s a Dr. Kem\u00e9ny Ferenc Sportiskola \u00e9s \u00c1ltal\u00e1nos Iskola\u00a0 is csatlakozott m\u00e1r a k\u00f6rnyezettudatos gy\u0171jt\u00e9si rendszerhez.<\/p>\n<p>Lakoss\u00e1gi szinten is nagy sikert aratott a kezdem\u00e9nyez\u00e9s, az eddigi 5-6 tonna helyett 25 tonna PET palackot sz\u00e1ll\u00edtanak el havonta a h\u00e1zhoz men\u0151 szelekt\u00edv gy\u0171jt\u00e9s sor\u00e1n- mondta Juh\u00e1sz G\u00e9za, a V\u00e1rosgondoz\u00e1s Eger Kft. igazgat\u00f3helyettese.<\/p>\n<p>&nbsp;<\/p>\n","protected":false},"excerpt":{"rendered":"<p>Az \u00f6nkorm\u00e1nyzat a V\u00e1rosgondoz\u00e1s Eger Kft.-vel k\u00f6z\u00f6sen az \u00fajrahasznos\u00edt\u00e1s sz\u00e9les k\u00f6r\u0171 elterjed\u00e9s\u00e9t szeretn\u00e9 biztos\u00edtani Egerben, ez\u00e9rt a Polg\u00e1rmesteri Hivatal, j\u00f3 p\u00e9ld\u00e1t mutatva, m\u00e1r t\u00f6bb \u00e9p\u00fclet\u00e9ben is megval\u00f3s\u00edtotta a k\u00f6rnyezettudatos hullad\u00e9kgy\u0171jt\u00e9st.<br \/>\nAz elm\u00falt id\u0151szakban a hivatal m\u00e1r tett l\u00e9p\u00e9seket a figyelem felkelt\u00e9se \u00e9rdek\u00e9ben, igyekeztek a lakoss\u00e1ggal megismertetni a gy\u0171jt\u0151szigetes \u00e9s zs\u00e1kos szelekt\u00edv-gy\u0171jt\u00e9s kiakn\u00e1zatlan lehet\u0151s\u00e9geit. Szeptember elsej\u00e9t\u0151l a [&#8230;]<\/p>\n","protected":false},"author":4,"featured_media":0,"comment_status":"open","ping_status":"closed","sticky":false,"template":"","format":"standard","meta":{"footnotes":""},"categories":[6],"tags":[359,358,357,360,173,115],"class_list":["post-5264","post","type-post","status-publish","format-standard","hentry","category-belfold","tag-gyujtes","tag-hasznositas","tag-hulladek","tag-intezmeny","tag-sos-istvan","tag-varosgondozas"],"_links":{"self":[{"href":"https:\/\/www.agriatv.hu\/index.php?rest_route=\/wp\/v2\/posts\/5264","targetHints":{"allow":["GET"]}}],"collection":[{"href":"https:\/\/www.agriatv.hu\/index.php?rest_route=\/wp\/v2\/posts"}],"about":[{"href":"https:\/\/www.agriatv.hu\/index.php?rest_route=\/wp\/v2\/types\/post"}],"author":[{"embeddable":true,"href":"https:\/\/www.agriatv.hu\/index.php?rest_route=\/wp\/v2\/users\/4"}],"replies":[{"embeddable":true,"href":"https:\/\/www.agriatv.hu\/index.php?rest_route=%2Fwp%2Fv2%2Fcomments&post=5264"}],"version-history":[{"count":6,"href":"https:\/\/www.agriatv.hu\/index.php?rest_route=\/wp\/v2\/posts\/5264\/revisions"}],"predecessor-version":[{"id":5272,"href":"https:\/\/www.agriatv.hu\/index.php?rest_route=\/wp\/v2\/posts\/5264\/revisions\/5272"}],"wp:attachment":[{"href":"https:\/\/www.agriatv.hu\/index.php?rest_route=%2Fwp%2Fv2%2Fmedia&parent=5264"}],"wp:term":[{"taxonomy":"category","embeddable":true,"href":"https:\/\/www.agriatv.hu\/index.php?rest_route=%2Fwp%2Fv2%2Fcategories&post=5264"},{"taxonomy":"post_tag","embeddable":true,"href":"https:\/\/www.agriatv.hu\/index.php?rest_route=%2Fwp%2Fv2%2Ftags&post=5264"}],"curies":[{"name":"wp","href":"https:\/\/api.w.org\/{rel}","templated":true}]}}