{"id":527,"date":"2010-07-16T10:06:27","date_gmt":"2010-07-16T10:06:27","guid":{"rendered":"http:\/\/www.agriatv.hu\/?p=527"},"modified":"2010-07-16T10:06:27","modified_gmt":"2010-07-16T10:06:27","slug":"3d-kiallitas","status":"publish","type":"post","link":"https:\/\/www.agriatv.hu\/?p=527","title":{"rendered":"3D ki\u00e1ll\u00edt\u00e1s"},"content":{"rendered":"<p class=\"cikkcikkei\">&nbsp;<\/p>\n<p><img decoding=\"async\" align=\"left\" class=\"kiskepcikkhez\" src=\"http:\/\/www.egriszin.hu\/RenderedContents\/IndexImages\/5\/5802-20100716113219-SANY8313.JPG\" title=\"\" \/><\/p>\n<p><b>3 D-s vizu&aacute;lis k&eacute;pfeldolgoz&aacute;si technik&aacute;kat bemutat&oacute; ki&aacute;ll&iacute;t&aacute;s ny&iacute;lt helysz&iacute;ni fot&oacute;z&aacute;si lehet\u0151s&eacute;ggel tegnap d&eacute;lut&aacute;n, a V&aacute;rosh&aacute;za &eacute;p&uuml;let&eacute;ben. A t&aacute;rlat megnyit&oacute;j&aacute;n az &ouml;tletgazda Gerj&aacute;k Istv&aacute;n mutatta be a szemet gy&ouml;ny&ouml;rk&ouml;dtet\u0151 technikai megold&aacute;sokat.<\/b><\/p>\n<p align=\"justify\">A 3D-s technik&aacute;k alapjait megismertet\u0151 interakt&iacute;v ki&aacute;ll&iacute;t&aacute;s &ouml;tlete k&eacute;t egri informatikus Gerj&aacute;k Istv&aacute;n &eacute;s Kir&aacute;ly S&aacute;ndor fej&eacute;ben sz&uuml;letett meg, k&eacute;pfeldolgoz&aacute;si tanulm&aacute;nyaik k&ouml;zben. A bemutat&oacute;n olyan k&eacute;pektechnik&aacute;kkal tal&aacute;lkozhatunk, mint a sztereogram, vagy a v&aacute;rosr&oacute;l k&eacute;sz&uuml;lt 3D-s fot&oacute;k.<br \/>\n\tA tervek szerint a ki&aacute;ll&iacute;t&aacute;s b\u0151v&uuml;l, a l&aacute;togat&oacute;k elk&eacute;sz&iacute;thetik magukr&oacute;l a h&aacute;romdimenzi&oacute;s portr&eacute;jukat, amelyek kiker&uuml;lnek a falakra. A k&eacute;peket egy speci&aacute;lis szem&uuml;veggel lehet l&aacute;tni, a gyerekek sz&aacute;m&aacute;ra a 3D-s rajzol&aacute;si technik&aacute;t is bemutatj&aacute;k.<\/p>\n<p align=\"justify\">Forr&aacute;s: egrisz&iacute;n<\/p>\n","protected":false},"excerpt":{"rendered":"<p>&nbsp;<\/p>\n<p>3 D-s vizu&aacute;lis k&eacute;pfeldolgoz&aacute;si technik&aacute;kat bemutat&oacute; ki&aacute;ll&iacute;t&aacute;s ny&iacute;lt helysz&iacute;ni fot&oacute;z&aacute;si lehet\u0151s&eacute;ggel tegnap d&eacute;lut&aacute;n, a V&aacute;rosh&aacute;za &eacute;p&uuml;let&eacute;ben. A t&aacute;rlat megnyit&oacute;j&aacute;n az &ouml;tletgazda Gerj&aacute;k Istv&aacute;n mutatta be a szemet gy&ouml;ny&ouml;rk&ouml;dtet\u0151 technikai megold&aacute;sokat.<br \/>\nA 3D-s technik&aacute;k alapjait megismertet\u0151 interakt&iacute;v ki&aacute;ll&iacute;t&aacute;s &ouml;tlete k&eacute;t egri informatikus Gerj&aacute;k Istv&aacute;n &eacute;s Kir&aacute;ly S&aacute;ndor fej&eacute;ben sz&uuml;letett meg, k&eacute;pfeldolgoz&aacute;si tanulm&aacute;nyaik k&ouml;zben. A bemutat&oacute;n olyan k&eacute;pektechnik&aacute;kkal [&#8230;]<\/p>\n","protected":false},"author":4,"featured_media":0,"comment_status":"closed","ping_status":"closed","sticky":false,"template":"","format":"standard","meta":{"footnotes":""},"categories":[8],"tags":[],"class_list":["post-527","post","type-post","status-publish","format-standard","hentry","category-kultura"],"_links":{"self":[{"href":"https:\/\/www.agriatv.hu\/index.php?rest_route=\/wp\/v2\/posts\/527","targetHints":{"allow":["GET"]}}],"collection":[{"href":"https:\/\/www.agriatv.hu\/index.php?rest_route=\/wp\/v2\/posts"}],"about":[{"href":"https:\/\/www.agriatv.hu\/index.php?rest_route=\/wp\/v2\/types\/post"}],"author":[{"embeddable":true,"href":"https:\/\/www.agriatv.hu\/index.php?rest_route=\/wp\/v2\/users\/4"}],"replies":[{"embeddable":true,"href":"https:\/\/www.agriatv.hu\/index.php?rest_route=%2Fwp%2Fv2%2Fcomments&post=527"}],"version-history":[{"count":1,"href":"https:\/\/www.agriatv.hu\/index.php?rest_route=\/wp\/v2\/posts\/527\/revisions"}],"predecessor-version":[{"id":528,"href":"https:\/\/www.agriatv.hu\/index.php?rest_route=\/wp\/v2\/posts\/527\/revisions\/528"}],"wp:attachment":[{"href":"https:\/\/www.agriatv.hu\/index.php?rest_route=%2Fwp%2Fv2%2Fmedia&parent=527"}],"wp:term":[{"taxonomy":"category","embeddable":true,"href":"https:\/\/www.agriatv.hu\/index.php?rest_route=%2Fwp%2Fv2%2Fcategories&post=527"},{"taxonomy":"post_tag","embeddable":true,"href":"https:\/\/www.agriatv.hu\/index.php?rest_route=%2Fwp%2Fv2%2Ftags&post=527"}],"curies":[{"name":"wp","href":"https:\/\/api.w.org\/{rel}","templated":true}]}}