{"id":5517,"date":"2011-10-11T20:22:08","date_gmt":"2011-10-11T20:22:08","guid":{"rendered":"http:\/\/www.agriatv.hu\/?p=5517"},"modified":"2011-10-11T20:22:08","modified_gmt":"2011-10-11T20:22:08","slug":"nemzetkozi-konferencia-egerben","status":"publish","type":"post","link":"https:\/\/www.agriatv.hu\/?p=5517","title":{"rendered":"Nemzetk\u00f6zi konferencia Egerben"},"content":{"rendered":"<p><a href=\"https:\/\/www.agriatv.hu\/wp-content\/uploads\/2011\/10\/1011ekf_V.jpg\"><img loading=\"lazy\" decoding=\"async\" class=\"alignleft size-medium wp-image-5520\" title=\"1011ekf_V\" src=\"https:\/\/www.agriatv.hu\/wp-content\/uploads\/2011\/10\/1011ekf_V-300x240.jpg\" alt=\"\" width=\"118\" height=\"94\" srcset=\"https:\/\/www.agriatv.hu\/wp-content\/uploads\/2011\/10\/1011ekf_V-300x240.jpg 300w, https:\/\/www.agriatv.hu\/wp-content\/uploads\/2011\/10\/1011ekf_V.jpg 720w\" sizes=\"auto, (max-width: 118px) 100vw, 118px\" \/><\/a>Nemzetk\u00f6zi informatikai konferenci\u00e1t tartottak ma Egerben, melyet az Eszterh\u00e1zy K\u00e1roly F\u0151iskola szervezett. Az idei program legfontosabb t\u00e9m\u00e1i az inform\u00e1ci\u00f3s t\u00e1rsadalom probl\u00e9m\u00e1i, illetve az inform\u00e1ci\u00f3s- \u00e9s kommunik\u00e1ci\u00f3s technol\u00f3gi\u00e1k r\u00e9szv\u00e9tele az oktat\u00e1sban.<\/p>\n<p>Az esem\u00e9nyt 1992-ben tartott\u00e1k meg els\u0151k\u00e9nt, amit eleinte 2 \u00e9vente, majd k\u00e9s\u0151bb 3 \u00e9vente rendeztek meg. A f\u0151iskola a hazai illetve k\u00fclf\u00f6ldi partnereivel k\u00f6z\u00f6sen rendezi a programot, \u00edgy Malajzi\u00e1ban, Magyarorsz\u00e1gon illetve Egyiptomban is sor ker\u00fcl a konferenci\u00e1ra. A 19 \u00e9ve megrendezett programsorozat alapt\u00e9m\u00e1ja az inform\u00e1ci\u00f3s \u00e9s kommunik\u00e1ci\u00f3s technol\u00f3gi\u00e1k oktat\u00e1sban bet\u00f6lt\u00f6tt szerepe, hiszen az iskol\u00e1k rengeteget k\u00f6ltenek ilyen jelleg\u0171 felszerel\u00e9sekre &#8211; fogalmazott Kis-T\u00f3th Lajos rektor helyettes.<div class=\"wordtube\">\n<div class=\"wordtube single403\" id=\"WT1_1\" style=\"width:320px; height:240px;\">\n<a href=\"http:\/\/www.macromedia.com\/go\/getflashplayer\">Get the Flash Player<\/a> to see the wordTube Media Player.\n<\/div><\/div>\n\t<script type=\"text\/javascript\" defer=\"defer\">\nvar WT1_1 = {\n\tparams : {\n\t\twmode : \"opaque\",\n\t\tallowscriptaccess : \"always\",\n\t\tallownetworking : \"all\",\n\t\tallowfullscreen : \"true\"},\n\tflashvars : {\n\t\tfile : \"http%3A%2F%2Fwww.agriatv.hu%2Fwp-content%2Fuploads%2F2011%2F10%2F1011ekf.flv\",\n\t\tvolume : \"80\",\n\t\tbufferlength : \"5\",\n\t\tquality : \"false\",\n\t\t'logo.hide' : \"false\",\n\t\timage : \"http%3A%2F%2Fwww.agriatv.hu%2Fwp-content%2Fuploads%2F2011%2F10%2F1011ekf.jpg\",\n\t\ttitle : \"1011ekf.flv\",\n\t\tlinktarget : \"_self\"},\n\tattr : {\n\t\tid : \"WT1\",\n\t\tname : \"WT1\"},\n\tstart : function() {\n\t\tswfobject.embedSWF(\"https:\/\/www.agriatv.hu\/\/player.swf\", \"WT1_1\", \"320\", \"240\", \"9.0.0\", false, this.flashvars, this.params , this.attr );\n\t}\n}\nWT1_1.start();\n\t<\/script>\n<\/p>\n<p>A konferenci\u00e1n \u00e1ttekintett\u00e9k t\u00f6bbek k\u00f6z\u00f6tt az inform\u00e1ci\u00f3technol\u00f3gia, szoftvertechnol\u00f3gia \u00e9s az oktat\u00e1stechnol\u00f3gia fejl\u0151d\u00e9s\u00e9t. A programra k\u00f6zel 200 vend\u00e9g regisztr\u00e1lt, k\u00fcl\u00f6nb\u00f6z\u0151 orsz\u00e1gokb\u00f3l \u00e9rkeztek r\u00e9sztvev\u0151k illetve el\u0151ad\u00f3k, \u00fagymint Hollandi\u00e1b\u00f3l, Szlov\u00e1ki\u00e1b\u00f3l, Franciaorsz\u00e1gb\u00f3l, Oroszorsz\u00e1gb\u00f3l. A konferencia mellet k\u00fcl\u00f6nb\u00f6z\u0151 c\u00e9gek term\u00e9keit lehetett megtekinteni, melyeket a Hotel Egerben \u00e1ll\u00edtottak ki.<\/p>\n<p>Az \u00e9rdekl\u0151d\u0151k az interneten \u00e9l\u0151ben k\u00f6vethetik az el\u0151ad\u00e1sokat.<\/p>\n","protected":false},"excerpt":{"rendered":"<p>Nemzetk\u00f6zi informatikai konferenci\u00e1t tartottak ma Egerben, melyet az Eszterh\u00e1zy K\u00e1roly F\u0151iskola szervezett. Az idei program legfontosabb t\u00e9m\u00e1i az inform\u00e1ci\u00f3s t\u00e1rsadalom probl\u00e9m\u00e1i, illetve az inform\u00e1ci\u00f3s- \u00e9s kommunik\u00e1ci\u00f3s technol\u00f3gi\u00e1k r\u00e9szv\u00e9tele az oktat\u00e1sban.<br \/>\nAz esem\u00e9nyt 1992-ben tartott\u00e1k meg els\u0151k\u00e9nt, amit eleinte 2 \u00e9vente, majd k\u00e9s\u0151bb 3 \u00e9vente rendeztek meg. A f\u0151iskola a hazai illetve k\u00fclf\u00f6ldi partnereivel k\u00f6z\u00f6sen rendezi a [&#8230;]<\/p>\n","protected":false},"author":4,"featured_media":0,"comment_status":"open","ping_status":"closed","sticky":false,"template":"","format":"standard","meta":{"footnotes":""},"categories":[9],"tags":[34,491,492,64,494,493],"class_list":["post-5517","post","type-post","status-publish","format-standard","hentry","category-oktatas","tag-ekf","tag-informatika","tag-kommunikacio","tag-konferencia","tag-szoftver","tag-technologia"],"_links":{"self":[{"href":"https:\/\/www.agriatv.hu\/index.php?rest_route=\/wp\/v2\/posts\/5517","targetHints":{"allow":["GET"]}}],"collection":[{"href":"https:\/\/www.agriatv.hu\/index.php?rest_route=\/wp\/v2\/posts"}],"about":[{"href":"https:\/\/www.agriatv.hu\/index.php?rest_route=\/wp\/v2\/types\/post"}],"author":[{"embeddable":true,"href":"https:\/\/www.agriatv.hu\/index.php?rest_route=\/wp\/v2\/users\/4"}],"replies":[{"embeddable":true,"href":"https:\/\/www.agriatv.hu\/index.php?rest_route=%2Fwp%2Fv2%2Fcomments&post=5517"}],"version-history":[{"count":4,"href":"https:\/\/www.agriatv.hu\/index.php?rest_route=\/wp\/v2\/posts\/5517\/revisions"}],"predecessor-version":[{"id":5522,"href":"https:\/\/www.agriatv.hu\/index.php?rest_route=\/wp\/v2\/posts\/5517\/revisions\/5522"}],"wp:attachment":[{"href":"https:\/\/www.agriatv.hu\/index.php?rest_route=%2Fwp%2Fv2%2Fmedia&parent=5517"}],"wp:term":[{"taxonomy":"category","embeddable":true,"href":"https:\/\/www.agriatv.hu\/index.php?rest_route=%2Fwp%2Fv2%2Fcategories&post=5517"},{"taxonomy":"post_tag","embeddable":true,"href":"https:\/\/www.agriatv.hu\/index.php?rest_route=%2Fwp%2Fv2%2Ftags&post=5517"}],"curies":[{"name":"wp","href":"https:\/\/api.w.org\/{rel}","templated":true}]}}