{"id":5541,"date":"2011-10-14T13:24:07","date_gmt":"2011-10-14T13:24:07","guid":{"rendered":"http:\/\/www.agriatv.hu\/?p=5541"},"modified":"2011-10-14T13:24:28","modified_gmt":"2011-10-14T13:24:28","slug":"kampanyt-indit-az-lmp-a-megszoritasok-ellen-a-zold-fordulatert","status":"publish","type":"post","link":"https:\/\/www.agriatv.hu\/?p=5541","title":{"rendered":"Kamp\u00e1nyt ind\u00edt az LMP a megszor\u00edt\u00e1sok ellen, a Z\u00f6ld Fordulat\u00e9rt"},"content":{"rendered":"<p>&nbsp;<\/p>\n<p><img loading=\"lazy\" decoding=\"async\" class=\"alignleft\" src=\"http:\/\/www.egriszin.hu\/RenderedContents\/IndexImages\/8\/8455-20111014132914-lmp.jpg\" alt=\"\" width=\"150\" height=\"93\" \/><\/p>\n<p><strong>Az LMP az orsz\u00e1g tucatnyi v\u00e1ros\u00e1ban kezdett al\u00e1\u00edr\u00e1sgy\u0171jt\u0151 kamp\u00e1nyba cs\u00fct\u00f6rt\u00f6k\u00f6n a megszor\u00edt\u00e1sok ellen, a Z\u00f6ld Fordulat\u00e9rt. V\u00e9lem\u00e9ny\u00fck szerint az igazs\u00e1gtalan, egykulcsos ad\u00f3rendszer nem p\u00f6rgette fel a gazdas\u00e1got \u00e9s \u00f3ri\u00e1si lyukat \u00fct\u00f6tt a k\u00f6lts\u00e9gvet\u00e9sben. A Fidesz emiatt az elm\u00falt 20 \u00e9v legdurv\u00e1bb megszor\u00edt\u00e1saiba kezdett. Ez zs\u00e1kutca, amib\u0151l csak egy gy\u00f6keresen \u00faj program vezetheti ki az orsz\u00e1got &#8211; hangzott el a cs\u00fct\u00f6rt\u00f6ki, egri sajt\u00f3t\u00e1j\u00e9koztat\u00f3n.<br \/>\n<\/strong><\/p>\n<div align=\"justify\">Szil\u00e1gyi L\u00e1szl\u00f3 orsz\u00e1ggy\u0171l\u00e9si k\u00e9pvisel\u0151 elmondta: a Z\u00f6ld Fordulat a becs\u00fcletes munk\u00e1b\u00f3l \u00e9l\u0151k helyett a t\u0151k\u00e9t \u00e9s a k\u00f6rnyezetterhel\u00e9st ad\u00f3ztatja. Az LMP felsz\u00f3l\u00edtja a korm\u00e1nyt, hogy a\u00a0 csal\u00e1dok, gyermekek j\u00f6v\u0151je \u00e9rdek\u00e9ben azonnal cselekedjen.<br \/>\nAz orsz\u00e1ggy\u0171l\u00e9si k\u00e9pvisel\u0151 hozz\u00e1tette: Mostanra teljesen vil\u00e1gos lett, hogy az Orb\u00e1n-korm\u00e1ny gazdas\u00e1gpolitik\u00e1ja cs\u00fafosan megbukott. A Fidesz k\u00e9ptelen teljes\u00edteni \u00edg\u00e9reteit &#8211; nem cs\u00f6kkent a munkan\u00e9lk\u00fclis\u00e9g, szinte \u00e1ll a gazdas\u00e1g, soksz\u00e1zezer ember fizet\u00e9se cs\u00f6kkent. A korm\u00e1ny kapkod \u00e9s minden l\u00e9p\u00e9s\u00e9vel egyre nagyobb bajt okoz.<br \/>\nElhangzott tov\u00e1bb\u00e1: R\u00f6vid id\u0151 alatt kider\u00fclt, hogy az egykulcsos ad\u00f3rendszer zs\u00e1kutca. A gazdagok m\u00e9g gazdagabbak, a szeg\u00e9nyek m\u00e9g szeg\u00e9nyebbek lettek, mik\u00f6zben az orsz\u00e1g t\u00f6bb sz\u00e1z milli\u00e1rd forintt\u00f3l esett el. Emiatt a korm\u00e1ny brut\u00e1lis megszor\u00edt\u00e1sokba kezdett. Nem jut p\u00e9nz az iskol\u00e1kra, az orvosok \u00e9s tan\u00e1rok fizet\u00e9s\u00e9re, a k\u00f3rh\u00e1zakra, az utak k\u00e1ty\u00faz\u00e1s\u00e1ra \u00e9s \u00e1rv\u00edzv\u00e9delemre.<br \/>\nA Fidesz meg akarja v\u00e1ltoztatni a munkat\u00f6rv\u00e9nyk\u00f6nyv\u00e9t. A k\u00e9pvisel\u0151 v\u00e9lem\u00e9nye szerint ez a tervezet azokat b\u00fcnteti, akik becs\u00fcletes munk\u00e1val akarnak egyr\u0151l a kett\u0151re jutni.<br \/>\nHozz\u00e1tette: a Fidesz az oktat\u00e1son is sp\u00f3rolni akar. Iskol\u00e1kat z\u00e1r be,\u00a0 fel\u00e9re akarja cs\u00f6kkenteni a k\u00f6z\u00e9piskol\u00e1ba \u00e9s az ingyenes fels\u0151oktat\u00e1sba j\u00e1r\u00f3 di\u00e1kok sz\u00e1m\u00e1t. Pedig aki az oktat\u00e1st r\u00f6vid\u00edti meg, az a j\u00f6v\u0151t \u00e9li fel. Megfelel\u0151 oktat\u00e1s n\u00e9lk\u00fcl nem lesz gazdas\u00e1gi fejl\u0151d\u00e9s, viszont v\u00e9gzetesen sz\u00e9tszakad az orsz\u00e1g, k\u00e9pzett gazdagokra \u00e9s k\u00e9pzetlen szeg\u00e9nyekre.<br \/>\nV\u00e9lem\u00e9ny\u00fck szerint a Fidesz a devizahiteleseken sem tud seg\u00edteni. Javaslatai nem seg\u00edtik \u00e9rdemben a bajba jutottakat. Azokat, akiket v\u00e9grehajt\u00e1s \u00e9s kilakoltat\u00e1s fenyeget, a v\u00e9gt\u00f6rleszt\u00e9s lehet\u0151s\u00e9ge nem menti meg.<br \/>\nAz LMP szerint ez\u00e9rt azonnali fordulatra van sz\u00fcks\u00e9g. A zs\u00e1kutc\u00e1b\u00f3l csak egy gy\u00f6keresen \u00faj program vezetheti ki az orsz\u00e1got. Az LMP v\u00e9giggondolta \u00e9s kisz\u00e1molta, hogy ez mik\u00e9ppen val\u00f3s\u00edthat\u00f3 meg. A Z\u00f6ld Fordulat a becs\u00fcletes munk\u00e1b\u00f3l \u00e9l\u0151k helyett a t\u0151k\u00e9t \u00e9s a k\u00f6rnyezetterhel\u00e9st ad\u00f3ztatja &#8211; vagyis radik\u00e1lis v\u00e1ltoz\u00e1s megszor\u00edt\u00e1sok \u00e9s az \u00e1llamad\u00f3ss\u00e1g n\u00f6vel\u00e9se n\u00e9lk\u00fcl is el\u00e9rhet\u0151.<\/div>\n<div align=\"justify\">Az LMP Z\u00f6ld Fordulat\u00e1nak legfontosabb elemei:<br \/>\n&#8211; egy igazs\u00e1gos, t\u00f6bbkulcsos ad\u00f3rendszer bevezet\u00e9se<\/div>\n<div align=\"justify\">&#8211; Nemzeti Ingatlanalap fel\u00e1ll\u00edt\u00e1sa \u00e9s kamatplafon bevezet\u00e9se a bajba jutott devizahitelesek sz\u00e1m\u00e1ra<\/div>\n<div align=\"justify\">&#8211; 4%-os j\u00e1rul\u00e9kcs\u00f6kkent\u00e9s a munkahely-teremt\u00e9s\u00e9rt<br \/>\n&#8211; j\u00f6v\u0151biztos, \u00faj z\u00f6ld munkahelyek l\u00e9trehoz\u00e1sa<br \/>\n&#8211; b\u00e9remel\u00e9s \u00e9s befektet\u00e9s az oktat\u00e1sba, az eg\u00e9szs\u00e9g\u00fcgybe<br \/>\n&#8211; a csal\u00e1di p\u00f3tl\u00e9k emel\u00e9se, az \u00f3vodai \u00e9s b\u00f6lcs\u00f6dei f\u00e9r\u0151helyek sz\u00e1m\u00e1nak n\u00f6vel\u00e9se<br \/>\n&#8211; egy biztons\u00e1gosabb Magyarorsz\u00e1g \u00e9rdek\u00e9ben k\u00f6z\u00f6ss\u00e9gi rend\u0151rs\u00e9g fel\u00e1ll\u00edt\u00e1sa<br \/>\n&#8211; egy eg\u00e9szs\u00e9gesebb Magyarorsz\u00e1g \u00e9rdek\u00e9ben a z\u00f6lds\u00e9gek \u00e9s gy\u00fcm\u00f6lcs\u00f6k \u00e1f\u00e1j\u00e1nak cs\u00f6kkent\u00e9se<br \/>\nAz LMP a k\u00f6vetkez\u0151 hetekben ezekhez az int\u00e9zked\u00e9sekhez gy\u0171jt t\u00e1mogat\u00f3 al\u00e1\u00edr\u00e1sokat az orsz\u00e1g sz\u00e1mos v\u00e1ros\u00e1ban. Pet\u00edci\u00f3nkat az utcai kitelep\u00fcl\u00e9seken, \u00e9s a lehetmas.hu weboldalon is al\u00e1\u00edrhatj\u00e1k azok, akik \u00fagy \u00e9rzik, hogy a v\u00e1ltoz\u00e1st m\u00e1r nem lehet tov\u00e1bb halogatni. Egy\u00fattal felsz\u00f3l\u00edtj\u00e1k a korm\u00e1nyt, hogy a csal\u00e1dok, gyermekek j\u00f6v\u0151je \u00e9rdek\u00e9ben, az orsz\u00e1g \u00e9rdek\u00e9ben azonnal cselekedjenek!<\/div>\n","protected":false},"excerpt":{"rendered":"<p>&nbsp;<\/p>\n<p>Az LMP az orsz\u00e1g tucatnyi v\u00e1ros\u00e1ban kezdett al\u00e1\u00edr\u00e1sgy\u0171jt\u0151 kamp\u00e1nyba cs\u00fct\u00f6rt\u00f6k\u00f6n a megszor\u00edt\u00e1sok ellen, a Z\u00f6ld Fordulat\u00e9rt. V\u00e9lem\u00e9ny\u00fck szerint az igazs\u00e1gtalan, egykulcsos ad\u00f3rendszer nem p\u00f6rgette fel a gazdas\u00e1got \u00e9s \u00f3ri\u00e1si lyukat \u00fct\u00f6tt a k\u00f6lts\u00e9gvet\u00e9sben. A Fidesz emiatt az elm\u00falt 20 \u00e9v legdurv\u00e1bb megszor\u00edt\u00e1saiba kezdett. Ez zs\u00e1kutca, amib\u0151l csak egy gy\u00f6keresen \u00faj program vezetheti ki az orsz\u00e1got [&#8230;]<\/p>\n","protected":false},"author":4,"featured_media":0,"comment_status":"open","ping_status":"closed","sticky":false,"template":"","format":"standard","meta":{"footnotes":""},"categories":[6,3],"tags":[224,496],"class_list":["post-5541","post","type-post","status-publish","format-standard","hentry","category-belfold","category-politika","tag-lmp","tag-zold-fordulat"],"_links":{"self":[{"href":"https:\/\/www.agriatv.hu\/index.php?rest_route=\/wp\/v2\/posts\/5541","targetHints":{"allow":["GET"]}}],"collection":[{"href":"https:\/\/www.agriatv.hu\/index.php?rest_route=\/wp\/v2\/posts"}],"about":[{"href":"https:\/\/www.agriatv.hu\/index.php?rest_route=\/wp\/v2\/types\/post"}],"author":[{"embeddable":true,"href":"https:\/\/www.agriatv.hu\/index.php?rest_route=\/wp\/v2\/users\/4"}],"replies":[{"embeddable":true,"href":"https:\/\/www.agriatv.hu\/index.php?rest_route=%2Fwp%2Fv2%2Fcomments&post=5541"}],"version-history":[{"count":3,"href":"https:\/\/www.agriatv.hu\/index.php?rest_route=\/wp\/v2\/posts\/5541\/revisions"}],"predecessor-version":[{"id":5544,"href":"https:\/\/www.agriatv.hu\/index.php?rest_route=\/wp\/v2\/posts\/5541\/revisions\/5544"}],"wp:attachment":[{"href":"https:\/\/www.agriatv.hu\/index.php?rest_route=%2Fwp%2Fv2%2Fmedia&parent=5541"}],"wp:term":[{"taxonomy":"category","embeddable":true,"href":"https:\/\/www.agriatv.hu\/index.php?rest_route=%2Fwp%2Fv2%2Fcategories&post=5541"},{"taxonomy":"post_tag","embeddable":true,"href":"https:\/\/www.agriatv.hu\/index.php?rest_route=%2Fwp%2Fv2%2Ftags&post=5541"}],"curies":[{"name":"wp","href":"https:\/\/api.w.org\/{rel}","templated":true}]}}