{"id":5569,"date":"2011-10-16T20:25:00","date_gmt":"2011-10-16T20:25:00","guid":{"rendered":"http:\/\/www.agriatv.hu\/?p=5569"},"modified":"2011-10-17T06:23:01","modified_gmt":"2011-10-17T06:23:01","slug":"kiallitas-nyilt-kopcsik-lajos-muveibol","status":"publish","type":"post","link":"https:\/\/www.agriatv.hu\/?p=5569","title":{"rendered":"Ki\u00e1ll\u00edt\u00e1s ny\u00edlt Kopcsik Lajos m\u0171veib\u0151l"},"content":{"rendered":"<p><a href=\"https:\/\/www.agriatv.hu\/wp-content\/uploads\/2011\/10\/1016kopcsik_V.jpg\"><img loading=\"lazy\" decoding=\"async\" class=\"alignleft size-medium wp-image-5575\" title=\"1016kopcsik_V\" src=\"https:\/\/www.agriatv.hu\/wp-content\/uploads\/2011\/10\/1016kopcsik_V-300x240.jpg\" alt=\"\" width=\"154\" height=\"102\" \/><\/a>Vas\u00e1rnap d\u00e9lut\u00e1n nyitott\u00e1k meg \u00fcnnep\u00e9lyes keretek k\u00f6z\u00f6tt Kopcsik Lajos v\u00e1ndorki\u00e1ll\u00edt\u00e1s\u00e1t a Hotel Eger \u00e9s Parkban.<\/p>\n<p>A mestercukr\u00e1sz id\u00e9n h\u00e1rmas jubileumot \u00fcnnepelhet, 70. sz\u00fclet\u00e9snapj\u00e1t, 55 \u00e9ve tart\u00f3 munk\u00e1ss\u00e1g\u00e1t illetve 700 alkot\u00e1s\u00e1t. A megnyit\u00f3n Habis L\u00e1szl\u00f3, Eger MJV polg\u00e1rmestere k\u00f6sz\u00f6nt\u00f6tte a Guinnes-rekorder cukr\u00e1szt. A vil\u00e1gbajnok mester elmondta: 55 \u00e9ve szerelmese ennek a szakm\u00e1nak, a munka \u00f6r\u00f6m\u00e9\u00e9rt dolgozik m\u00e9g ma is, semmik\u00e9ppen sem hagyn\u00e1 abba a munk\u00e1j\u00e1t, hiszen \u00f6r\u00f6m\u00e9t leli benne. Csal\u00e1dja mindv\u00e9gig t\u00e1mogatta, feles\u00e9ge m\u00e1r 50 \u00e9ve h\u0171 t\u00e1rsa.<\/p>\n<p>Kopcsik Lajos k\u00fcl\u00f6n k\u00f6sz\u00f6nt\u00f6tte Harmati Juditot, illetve Harmati L\u00e1szl\u00f3t, akik mind szervez\u00e9sben, mind a ki\u00e1ll\u00edt\u00e1s hely\u00e9t illet\u0151en sokat seg\u00edtettek neki. A ki\u00e1ll\u00edt\u00e1son h\u00edres fest\u0151k marcip\u00e1nb\u00f3l k\u00e9sz\u00fclt reprodukci\u00f3it, portr\u00e9it tekinthetik meg a vend\u00e9gek.<div class=\"wordtube\">\n<div class=\"wordtube single410\" id=\"WT1_1\" style=\"width:320px; height:240px;\">\n<a href=\"http:\/\/www.macromedia.com\/go\/getflashplayer\">Get the Flash Player<\/a> to see the wordTube Media Player.\n<\/div><\/div>\n\t<script type=\"text\/javascript\" defer=\"defer\">\nvar WT1_1 = {\n\tparams : {\n\t\twmode : \"opaque\",\n\t\tallowscriptaccess : \"always\",\n\t\tallownetworking : \"all\",\n\t\tallowfullscreen : \"true\"},\n\tflashvars : {\n\t\tfile : \"http%3A%2F%2Fwww.agriatv.hu%2Fwp-content%2Fuploads%2F2011%2F10%2F1016kopcsik.flv\",\n\t\tvolume : \"80\",\n\t\tbufferlength : \"5\",\n\t\tquality : \"false\",\n\t\t'logo.hide' : \"false\",\n\t\timage : \"http%3A%2F%2Fwww.agriatv.hu%2Fwp-content%2Fuploads%2F2011%2F10%2F1016kopcsik.jpg\",\n\t\ttitle : \"1016kopcsik.flv\",\n\t\tlinktarget : \"_self\"},\n\tattr : {\n\t\tid : \"WT1\",\n\t\tname : \"WT1\"},\n\tstart : function() {\n\t\tswfobject.embedSWF(\"https:\/\/www.agriatv.hu\/\/player.swf\", \"WT1_1\", \"320\", \"240\", \"9.0.0\", false, this.flashvars, this.params , this.attr );\n\t}\n}\nWT1_1.start();\n\t<\/script>\n<\/p>\n<p>Arra a k\u00e9rd\u00e9sre v\u00e1laszolva,hogy mi\u00e9rt nem festi meg ezeket a m\u0171veket ink\u00e1bb, azt v\u00e1laszolta hogy: Nekem a cukor az anyagom. \u00a0A szakm\u00e1j\u00e1hoz m\u00e9lt\u00f3an egy \u00f3ri\u00e1si marcip\u00e1ntort\u00e1val k\u00f6sz\u00f6nt\u00f6tt\u00e9k sz\u00fclet\u00e9snapja alkalm\u00e1b\u00f3l.<\/p>\n<p>Az Oscar-d\u00edjas mestercukr\u00e1sz m\u0171veib\u0151l \u00e1ll\u00f3 t\u00e1rlatot okt\u00f3ber 16-t\u00f3l december 1-ig tekinthetik meg az \u00e9rdekl\u0151d\u0151k.<\/p>\n","protected":false},"excerpt":{"rendered":"<p>Vas\u00e1rnap d\u00e9lut\u00e1n nyitott\u00e1k meg \u00fcnnep\u00e9lyes keretek k\u00f6z\u00f6tt Kopcsik Lajos v\u00e1ndorki\u00e1ll\u00edt\u00e1s\u00e1t a Hotel Eger \u00e9s Parkban.<br \/>\nA mestercukr\u00e1sz id\u00e9n h\u00e1rmas jubileumot \u00fcnnepelhet, 70. sz\u00fclet\u00e9snapj\u00e1t, 55 \u00e9ve tart\u00f3 munk\u00e1ss\u00e1g\u00e1t illetve 700 alkot\u00e1s\u00e1t. A megnyit\u00f3n Habis L\u00e1szl\u00f3, Eger MJV polg\u00e1rmestere k\u00f6sz\u00f6nt\u00f6tte a Guinnes-rekorder cukr\u00e1szt. A vil\u00e1gbajnok mester elmondta: 55 \u00e9ve szerelmese ennek a szakm\u00e1nak, a munka \u00f6r\u00f6m\u00e9\u00e9rt dolgozik m\u00e9g [&#8230;]<\/p>\n","protected":false},"author":4,"featured_media":0,"comment_status":"open","ping_status":"closed","sticky":false,"template":"","format":"standard","meta":{"footnotes":""},"categories":[8,4],"tags":[513,512,91,50,511],"class_list":["post-5569","post","type-post","status-publish","format-standard","hentry","category-kultura","category-szabadido","tag-cukor","tag-guiness-rekord","tag-kiallitas","tag-kopcsik-lajos","tag-oscar-dij"],"_links":{"self":[{"href":"https:\/\/www.agriatv.hu\/index.php?rest_route=\/wp\/v2\/posts\/5569","targetHints":{"allow":["GET"]}}],"collection":[{"href":"https:\/\/www.agriatv.hu\/index.php?rest_route=\/wp\/v2\/posts"}],"about":[{"href":"https:\/\/www.agriatv.hu\/index.php?rest_route=\/wp\/v2\/types\/post"}],"author":[{"embeddable":true,"href":"https:\/\/www.agriatv.hu\/index.php?rest_route=\/wp\/v2\/users\/4"}],"replies":[{"embeddable":true,"href":"https:\/\/www.agriatv.hu\/index.php?rest_route=%2Fwp%2Fv2%2Fcomments&post=5569"}],"version-history":[{"count":5,"href":"https:\/\/www.agriatv.hu\/index.php?rest_route=\/wp\/v2\/posts\/5569\/revisions"}],"predecessor-version":[{"id":5577,"href":"https:\/\/www.agriatv.hu\/index.php?rest_route=\/wp\/v2\/posts\/5569\/revisions\/5577"}],"wp:attachment":[{"href":"https:\/\/www.agriatv.hu\/index.php?rest_route=%2Fwp%2Fv2%2Fmedia&parent=5569"}],"wp:term":[{"taxonomy":"category","embeddable":true,"href":"https:\/\/www.agriatv.hu\/index.php?rest_route=%2Fwp%2Fv2%2Fcategories&post=5569"},{"taxonomy":"post_tag","embeddable":true,"href":"https:\/\/www.agriatv.hu\/index.php?rest_route=%2Fwp%2Fv2%2Ftags&post=5569"}],"curies":[{"name":"wp","href":"https:\/\/api.w.org\/{rel}","templated":true}]}}