{"id":5590,"date":"2011-10-17T20:15:02","date_gmt":"2011-10-17T20:15:02","guid":{"rendered":"http:\/\/www.agriatv.hu\/?p=5590"},"modified":"2011-10-17T20:15:02","modified_gmt":"2011-10-17T20:15:02","slug":"stumpf-az-alkotmanybirosagtol-senki-nem-veheti-el-az-alkotmany-ertelmezesenek-monopoliumat","status":"publish","type":"post","link":"https:\/\/www.agriatv.hu\/?p=5590","title":{"rendered":"Stumpf: Az Alkotm\u00e1nyb\u00edr\u00f3s\u00e1gt\u00f3l senki nem veheti el az alkotm\u00e1ny \u00e9rtelmez\u00e9s\u00e9nek monop\u00f3lium\u00e1t"},"content":{"rendered":"<p>&nbsp;<\/p>\n<p><img loading=\"lazy\" decoding=\"async\" class=\"alignleft\" src=\"http:\/\/www.egriszin.hu\/RenderedContents\/IndexImages\/8\/8474-20111017122611-stumpfistvan%281%29.jpg\" alt=\"\" width=\"101\" height=\"150\" \/><\/p>\n<p><strong>Az Alkotm\u00e1nyb\u00edr\u00f3s\u00e1gt\u00f3l senki nem veheti el az alkotm\u00e1ny \u00e9rtelmez\u00e9s\u00e9nek monop\u00f3lium\u00e1t: lehet ugyan szab\u00e1lyozni \u00e9s korl\u00e1tozni a test\u00fclet hat\u00e1sk\u00f6r\u00e9t, de az \u00e9rtelmez\u00e9s\u00e9t nem lehet k\u00e9ts\u00e9gbe vonni &#8211; mondta Stumpf Istv\u00e1n a napokban Egerben.<\/strong><\/p>\n<p align=\"justify\">Az \u00faj alkotm\u00e1ny \u00e9letbe l\u00e9p\u00e9s\u00e9vel viszont gy\u00f6keresen \u00faj helyzet \u00e1ll el\u0151, hiszen az Alkotm\u00e1nyb\u00edr\u00f3s\u00e1gnak az alapt\u00f6rv\u00e9nnyel, a nemzeti hitvall\u00e1ssal \u00e9s a t\u00f6rt\u00e9neti alkotm\u00e1ny v\u00edvm\u00e1nyaival \u00f6sszhangban kell meghozni a d\u00f6nt\u00e9seit &#8211; fejtette ki az alkotm\u00e1nyb\u00edr\u00f3 az Universitas Egyes\u00fclet &#8222;V\u00e1ltoz\u00f3 k\u00f6z\u00f6ss\u00e9gi modellek&#8221; c\u00edmmel megtartott konferenci\u00e1j\u00e1n. Mint hozz\u00e1tette: ez egyben azt is jelenti, hogy az Alkotm\u00e1nyb\u00edr\u00f3s\u00e1g sz\u00e1m\u00e1ra a v\u00e9rszerz\u0151d\u00e9st\u0151l az Aranybull\u00e1n \u00e1t a pragmatica sanctio rendelkez\u00e9seiig terjed\u0151 el\u00e9g sz\u00e9les t\u00f6rt\u00e9nelmi s\u00e1vban van lehet\u0151s\u00e9ge arra, hogy \u00e9rtelmezze az alkotm\u00e1nyt. Ez\u00e9rt az Alkotm\u00e1nyb\u00edr\u00f3s\u00e1gnak megvan az eszk\u00f6ze arra is, hogy d\u00f6nt\u00e9seiben pr\u00f3b\u00e1lja t\u00e1g\u00edtani a sz\u00e1m\u00e1ra kijel\u00f6lt hat\u00e1rokat &#8211; jelentette ki <em>St<\/em><em><\/em><em>umpf Istv\u00e1n<\/em>.<\/p>\n<p align=\"justify\">Arra is felh\u00edvta a hallgat\u00f3s\u00e1g figyelm\u00e9t, hogy k\u00e9t ir\u00e1nyzat l\u00e9tezik az alkotm\u00e1nyb\u00edr\u00e1skod\u00e1s gyakorlat\u00e1ban. A textualist\u00e1k vagy originalist\u00e1k alkotm\u00e1ny\u00e9rtelmez\u00e9se az alkotm\u00e1nyok le\u00edrt sz\u00f6veg\u00e9hez ragaszkodik, m\u00edg az aktivist\u00e1k egyre t\u00e1g\u00edtan\u00e1k az \u00e9rtelmez\u00e9s ny\u00fajtotta lehet\u0151s\u00e9geket a jog\u00e1llamis\u00e1g meger\u0151s\u00edt\u00e9se \u00e9rdek\u00e9ben.<\/p>\n<p align=\"justify\">A vita kulcsa, hogy a textualist\u00e1k szerint az alkotm\u00e1nyoz\u00e1s joga kiz\u00e1r\u00f3lag a n\u00e9pszuverenit\u00e1st k\u00e9pvisel\u0151 t\u00f6rv\u00e9nyhoz\u00e1s, mik\u00f6zben egy olyan \u00e1tmeneti id\u0151szakban &#8211; a 90-es \u00e9vek elej\u00e9n -, amikor m\u00e9g Magyarorsz\u00e1gon nem alakultak ki a jog\u00e1llami int\u00e9zm\u00e9nyek, az Alkotm\u00e1nyb\u00edr\u00f3s\u00e1gnak kifejezett feladata lehetett az, hogy az alkotm\u00e1ny \u00e9rtelmez\u00e9s\u00e9n kereszt\u00fcl seg\u00edtse a jog\u00e1llami eszme megval\u00f3sul\u00e1s\u00e1t. Ennek az ir\u00e1nyzatnak kit\u00fcntetett k\u00e9pvisel\u0151je volt S\u00f3lyom L\u00e1szl\u00f3, az Alkotm\u00e1nyb\u00edr\u00f3s\u00e1g kor\u00e1bbi eln\u00f6ke &#8211; eml\u00e9keztetett Stumpf Istv\u00e1n.<\/p>\n<p align=\"justify\">Az alkotm\u00e1nyb\u00edr\u00f3 el\u0151ad\u00e1s\u00e1ban \u00fagy v\u00e9lekedett, hogy a nyolcvanas, kilencvenes \u00e9vek k\u00f6zfelfog\u00e1s\u00e1val szemben, amikor az elterjedt liber\u00e1lis n\u00e9zet csup\u00e1n a korm\u00e1nyz\u00e1s felt\u00e9teleinek megteremt\u00e9s\u00e9t szabta volna az \u00e1llam feladat\u00e1ul, ma egyre ink\u00e1bb az a n\u00e9zet ker\u00fcl az el\u0151t\u00e9rbe, hogy sz\u00fcks\u00e9g van egy akt\u00edv, intelligens, er\u0151s, de korl\u00e1tozott \u00e1llamra. Mint kifejtette: a glob\u00e1lis piaci v\u00e1ls\u00e1g idej\u00e9n is nemzet\u00e1llami megold\u00e1sok sz\u00fclettek a helyzet kezel\u00e9s\u00e9re. Felismert\u00e9k, hogy a szoci\u00e1lis vagy demogr\u00e1fiai probl\u00e9m\u00e1kat nem lehet az \u00e1llam n\u00e9lk\u00fcl kezelni, hiszen a piaci \u00f6nj\u00e1r\u00f3 folyamatok nem oldj\u00e1k meg ezeket a probl\u00e9m\u00e1kat. Vagyis az emberek sz\u00fcks\u00e9gleteihez kell igaz\u00edtani a piaci folyamatokat az egyens\u00faly kialak\u00edt\u00e1sa \u00e9rdek\u00e9ben, mert az \u00e1llam nem piaci v\u00e1llalkoz\u00e1s, hanem nemzeti szolidarit\u00e1sk\u00f6z\u00f6ss\u00e9g &#8211; hangs\u00falyozta Stumpf Istv\u00e1n, hozz\u00e1t\u00e9ve: mindez azonban nem jelent piacelleness\u00e9get, s\u0151t, a j\u00f3 korm\u00e1nyz\u00e1s felt\u00e9tele, hogy az \u00e1llam \u00e9s a piac egym\u00e1st kieg\u00e9sz\u00edtve tudjon m\u0171k\u00f6dni.<\/p>\n<p align=\"justify\">Az Alkotm\u00e1nyb\u00edr\u00f3s\u00e1g jogk\u00f6r\u00e9nek az ad\u00f3k \u00e9s k\u00f6lts\u00e9gvet\u00e9si k\u00e9rd\u00e9sek ter\u00fclet\u00e9n t\u00f6rt\u00e9nt korl\u00e1toz\u00e1s\u00e1r\u00f3l sz\u00f3lva, k\u00e9rd\u00e9sre\u00a0\u00a0v\u00e1laszolva Stumpf Istv\u00e1n \u00fagy fogalmazott, hogy sokakkal egy\u00fctt \u0151 maga is \u00fagy gondolja, &#8222;ez a fajta korl\u00e1toz\u00e1s, ez bizony az alkotm\u00e1nyos jog\u00e1llam test\u00e9n \u00fct\u00f6tt egy ny\u00edlt sebet&#8221;. De ha az Orsz\u00e1ggy\u0171l\u00e9s \u00fagy gondolja, hogy el kell venni ezt a jogot az Alkotm\u00e1nyb\u00edr\u00f3s\u00e1gt\u00f3l, \u00e9s ezt bele\u00edrja az alkotm\u00e1nyba, az Alkotm\u00e1nyb\u00edr\u00f3s\u00e1gnak m\u00e1r nincs lehet\u0151s\u00e9ge ennek fel\u00fcl\u00edr\u00e1s\u00e1ra, mert ellenkez\u0151 esetben alkotm\u00e1nyt s\u00e9rtene &#8211; fejtette ki, eml\u00e9keztetve arra, hogy az\u00e9rt &#8222;a seb befoltoz\u00e1s\u00e1ra&#8221; is tettek m\u00e1r k\u00eds\u00e9rletet. P\u00e9ld\u00e1ul a k\u00e9tmilli\u00f3 forint feletti v\u00e9gkiel\u00e9g\u00edt\u00e9seket s\u00fajt\u00f3 98 sz\u00e1zal\u00e9kos ad\u00f3 tekintet\u00e9ben az emberi m\u00e9lt\u00f3s\u00e1g s\u00e9r\u00fcl\u00e9s\u00e9re hivatkozva d\u00f6nt\u00f6ttek arr\u00f3l, hogy a szab\u00e1lyoz\u00e1snak vannak alkotm\u00e1nyellenes vonzatai &#8211; mutatott r\u00e1.<\/p>\n<p align=\"justify\">A tan\u00e1cskoz\u00e1sra abb\u00f3l az alkalomb\u00f3l ker\u00fclt sor, hogy a Sv\u00e1jci Alap t\u00e1mogat\u00e1s\u00e1val <span style=\"color: #000000;\">Egerben<\/span> megny\u00edlt az Agria Universitas Egyes\u00fclet oktat\u00e1si k\u00f6zpontja, amely egyben sv\u00e1jci kultur\u00e1lis k\u00f6zpontnak is helyet biztos\u00edt. A Sv\u00e1jci Hozz\u00e1j\u00e1rul\u00e1si Programiroda h\u00faszmilli\u00f3 forinttal j\u00e1rult hozz\u00e1 az egyes\u00fclet, illetve a centrum m\u0171k\u00f6dtet\u00e9s\u00e9hez.<br \/>\nA megnyit\u00f3 alkalm\u00e1b\u00f3l elhangzott, hogy az Eur\u00f3pai Uni\u00f3n bel\u00fcli t\u00e1rsadalmi \u00e9s gazdas\u00e1gi egyenl\u0151tlens\u00e9gek cs\u00f6kkent\u00e9se \u00e9rdek\u00e9ben elind\u00edtott hozz\u00e1j\u00e1rul\u00e1si program 21 milli\u00e1rd forintos t\u00e1mogat\u00e1st ny\u00fajt magyarorsz\u00e1gi k\u00f6rnyezetv\u00e9delmi, eg\u00e9szs\u00e9g\u00fcgyi, kutat\u00e1si, kultur\u00e1lis, szoci\u00e1lis \u00e9s civil fejleszt\u00e9si programok megval\u00f3s\u00edt\u00e1s\u00e1hoz.<\/p>\n<p>(MTI)<\/p>\n","protected":false},"excerpt":{"rendered":"<p>&nbsp;<\/p>\n<p>Az Alkotm\u00e1nyb\u00edr\u00f3s\u00e1gt\u00f3l senki nem veheti el az alkotm\u00e1ny \u00e9rtelmez\u00e9s\u00e9nek monop\u00f3lium\u00e1t: lehet ugyan szab\u00e1lyozni \u00e9s korl\u00e1tozni a test\u00fclet hat\u00e1sk\u00f6r\u00e9t, de az \u00e9rtelmez\u00e9s\u00e9t nem lehet k\u00e9ts\u00e9gbe vonni &#8211; mondta Stumpf Istv\u00e1n a napokban Egerben.<br \/>\nAz \u00faj alkotm\u00e1ny \u00e9letbe l\u00e9p\u00e9s\u00e9vel viszont gy\u00f6keresen \u00faj helyzet \u00e1ll el\u0151, hiszen az Alkotm\u00e1nyb\u00edr\u00f3s\u00e1gnak az alapt\u00f6rv\u00e9nnyel, a nemzeti hitvall\u00e1ssal \u00e9s a t\u00f6rt\u00e9neti alkotm\u00e1ny v\u00edvm\u00e1nyaival [&#8230;]<\/p>\n","protected":false},"author":4,"featured_media":0,"comment_status":"open","ping_status":"closed","sticky":false,"template":"","format":"standard","meta":{"footnotes":""},"categories":[6,3],"tags":[518,519,517],"class_list":["post-5590","post","type-post","status-publish","format-standard","hentry","category-belfold","category-politika","tag-alkotmany","tag-alkotmanybirosag","tag-stumpf-istvan"],"_links":{"self":[{"href":"https:\/\/www.agriatv.hu\/index.php?rest_route=\/wp\/v2\/posts\/5590","targetHints":{"allow":["GET"]}}],"collection":[{"href":"https:\/\/www.agriatv.hu\/index.php?rest_route=\/wp\/v2\/posts"}],"about":[{"href":"https:\/\/www.agriatv.hu\/index.php?rest_route=\/wp\/v2\/types\/post"}],"author":[{"embeddable":true,"href":"https:\/\/www.agriatv.hu\/index.php?rest_route=\/wp\/v2\/users\/4"}],"replies":[{"embeddable":true,"href":"https:\/\/www.agriatv.hu\/index.php?rest_route=%2Fwp%2Fv2%2Fcomments&post=5590"}],"version-history":[{"count":2,"href":"https:\/\/www.agriatv.hu\/index.php?rest_route=\/wp\/v2\/posts\/5590\/revisions"}],"predecessor-version":[{"id":5592,"href":"https:\/\/www.agriatv.hu\/index.php?rest_route=\/wp\/v2\/posts\/5590\/revisions\/5592"}],"wp:attachment":[{"href":"https:\/\/www.agriatv.hu\/index.php?rest_route=%2Fwp%2Fv2%2Fmedia&parent=5590"}],"wp:term":[{"taxonomy":"category","embeddable":true,"href":"https:\/\/www.agriatv.hu\/index.php?rest_route=%2Fwp%2Fv2%2Fcategories&post=5590"},{"taxonomy":"post_tag","embeddable":true,"href":"https:\/\/www.agriatv.hu\/index.php?rest_route=%2Fwp%2Fv2%2Ftags&post=5590"}],"curies":[{"name":"wp","href":"https:\/\/api.w.org\/{rel}","templated":true}]}}