{"id":5627,"date":"2011-10-22T10:34:01","date_gmt":"2011-10-22T10:34:01","guid":{"rendered":"http:\/\/www.agriatv.hu\/?p=5627"},"modified":"2011-10-22T10:35:49","modified_gmt":"2011-10-22T10:35:49","slug":"mszp-a-fidesz-a-hazugsagok-csapdajaban-2","status":"publish","type":"post","link":"https:\/\/www.agriatv.hu\/?p=5627","title":{"rendered":"MSZP: A FIDESZ a hazugs\u00e1gok csapd\u00e1j\u00e1ban"},"content":{"rendered":"<p>&nbsp;<\/p>\n<p><img loading=\"lazy\" decoding=\"async\" class=\"alignleft\" src=\"http:\/\/www.egriszin.hu\/RenderedContents\/IndexImages\/8\/8503-20111022114541-mszp_logo.jpg\" alt=\"\" width=\"150\" height=\"150\" \/><\/p>\n<p><strong>K\u00f6z\u00f6s sajt\u00f3t\u00e1j\u00e9koztat\u00f3t tartott T\u00f3bi\u00e1s J\u00f3zsef orsz\u00e1ggy\u0171l\u00e9si k\u00e9pvisel\u0151, az MSZP frakci\u00f3igazgat\u00f3ja \u00e9s dr. S\u00f3s Tam\u00e1s orsz\u00e1ggy\u0171l\u00e9si k\u00e9pvisel\u0151, az MSZP megyei eln\u00f6ke okt\u00f3ber 21-\u00e9n Par\u00e1don.<br \/>\n<\/strong><\/p>\n<p align=\"justify\">A k\u00e9t MSZP-s politikus v\u00e9lem\u00e9nye szerint a korm\u00e1ny a \u201eNemzeti \u00c1tver\u00e9s Programot\u201d val\u00f3s\u00edtja meg. M\u00e1sf\u00e9l \u00e9v alatt Heves megy\u00e9ben is cs\u00f6kkent a munkahelyek sz\u00e1ma, n\u0151tt a munkan\u00e9lk\u00fclis\u00e9g, cs\u00f6kkentek a munkav\u00e1llal\u00f3k fizet\u00e9sei.<br \/>\nA sajt\u00f3t\u00e1j\u00e9koztat\u00f3n elhangzott: elvett\u00e9k a nyugd\u00edjasok p\u00e9nz\u00e9t, megsz\u0171nik a re\u00e1l-nyugd\u00edjemel\u00e9s, \u00e9s a korhat\u00e1r alatti nyugd\u00edj is a m\u00falt\u00e9.<br \/>\n<em>T\u00f3bi\u00e1s J\u00f3zsef <\/em>elmondta: a korm\u00e1ny politik\u00e1ja miatt Magyarorsz\u00e1g a vil\u00e1g t\u00edz legnagyobb p\u00e9nz\u00fcgyi kock\u00e1zatot jelent\u0151 orsz\u00e1ga k\u00f6z\u00e9 sorolj\u00e1k. V\u00e9lem\u00e9nye szerint romokban a jogbiztons\u00e1g; felsz\u00e1molj\u00e1k a sajt\u00f3szabads\u00e1got.<br \/>\n<em>Dr. S\u00f3s Tam\u00e1s<\/em> hozz\u00e1tette: a korm\u00e1ny beismerte, hogy alkotm\u00e1nyellenes a megyei \u00f6nkorm\u00e1nyzatok vagyon\u00e1nak \u00e1llamos\u00edt\u00e1sa, ez\u00e9rt most ebben az \u00fcgyben is alkotm\u00e1nym\u00f3dos\u00edt\u00e1st terveznek, hogy minden\u00e1ron v\u00e9ghezvigy\u00e9k a terv\u00fcket: hatalmi c\u00e9ljaik \u00e9rdek\u00e9ben sz\u00e9tverik az utols\u00f3 k\u00f6z\u00f6ss\u00e9gszervez\u0151 er\u0151t, az \u00f6nkorm\u00e1nyzati rendszert.<br \/>\nElhangzott tov\u00e1bb\u00e1: a korm\u00e1ny lemond a vid\u00e9kfejleszt\u00e9sr\u0151l, a h\u00e1tr\u00e1nyos helyzet\u0171 t\u00e9rs\u00e9gek felz\u00e1rk\u00f3ztat\u00e1s\u00e1r\u00f3l.<\/p>\n","protected":false},"excerpt":{"rendered":"<p>&nbsp;<\/p>\n<p>K\u00f6z\u00f6s sajt\u00f3t\u00e1j\u00e9koztat\u00f3t tartott T\u00f3bi\u00e1s J\u00f3zsef orsz\u00e1ggy\u0171l\u00e9si k\u00e9pvisel\u0151, az MSZP frakci\u00f3igazgat\u00f3ja \u00e9s dr. S\u00f3s Tam\u00e1s orsz\u00e1ggy\u0171l\u00e9si k\u00e9pvisel\u0151, az MSZP megyei eln\u00f6ke okt\u00f3ber 21-\u00e9n Par\u00e1don.<\/p>\n<p>A k\u00e9t MSZP-s politikus v\u00e9lem\u00e9nye szerint a korm\u00e1ny a \u201eNemzeti \u00c1tver\u00e9s Programot\u201d val\u00f3s\u00edtja meg. M\u00e1sf\u00e9l \u00e9v alatt Heves megy\u00e9ben is cs\u00f6kkent a munkahelyek sz\u00e1ma, n\u0151tt a munkan\u00e9lk\u00fclis\u00e9g, cs\u00f6kkentek a munkav\u00e1llal\u00f3k fizet\u00e9sei.<br \/>\nA sajt\u00f3t\u00e1j\u00e9koztat\u00f3n elhangzott: [&#8230;]<\/p>\n","protected":false},"author":4,"featured_media":0,"comment_status":"open","ping_status":"closed","sticky":false,"template":"","format":"standard","meta":{"footnotes":""},"categories":[6,3],"tags":[549,80,79,550,374,295,68,548],"class_list":["post-5627","post","type-post","status-publish","format-standard","hentry","category-belfold","category-politika","tag-atveres","tag-fidesz","tag-mszp","tag-munkahely","tag-nyugdijas","tag-politika-2","tag-sos-tamas","tag-tobias-jozsef"],"_links":{"self":[{"href":"https:\/\/www.agriatv.hu\/index.php?rest_route=\/wp\/v2\/posts\/5627","targetHints":{"allow":["GET"]}}],"collection":[{"href":"https:\/\/www.agriatv.hu\/index.php?rest_route=\/wp\/v2\/posts"}],"about":[{"href":"https:\/\/www.agriatv.hu\/index.php?rest_route=\/wp\/v2\/types\/post"}],"author":[{"embeddable":true,"href":"https:\/\/www.agriatv.hu\/index.php?rest_route=\/wp\/v2\/users\/4"}],"replies":[{"embeddable":true,"href":"https:\/\/www.agriatv.hu\/index.php?rest_route=%2Fwp%2Fv2%2Fcomments&post=5627"}],"version-history":[{"count":3,"href":"https:\/\/www.agriatv.hu\/index.php?rest_route=\/wp\/v2\/posts\/5627\/revisions"}],"predecessor-version":[{"id":5630,"href":"https:\/\/www.agriatv.hu\/index.php?rest_route=\/wp\/v2\/posts\/5627\/revisions\/5630"}],"wp:attachment":[{"href":"https:\/\/www.agriatv.hu\/index.php?rest_route=%2Fwp%2Fv2%2Fmedia&parent=5627"}],"wp:term":[{"taxonomy":"category","embeddable":true,"href":"https:\/\/www.agriatv.hu\/index.php?rest_route=%2Fwp%2Fv2%2Fcategories&post=5627"},{"taxonomy":"post_tag","embeddable":true,"href":"https:\/\/www.agriatv.hu\/index.php?rest_route=%2Fwp%2Fv2%2Ftags&post=5627"}],"curies":[{"name":"wp","href":"https:\/\/api.w.org\/{rel}","templated":true}]}}