{"id":5639,"date":"2011-10-24T13:35:36","date_gmt":"2011-10-24T13:35:36","guid":{"rendered":"http:\/\/www.agriatv.hu\/?p=5639"},"modified":"2011-10-24T13:35:36","modified_gmt":"2011-10-24T13:35:36","slug":"nyitrai-%e2%80%9956-nekunk-magyaroknak-becsuletbeli-ugy","status":"publish","type":"post","link":"https:\/\/www.agriatv.hu\/?p=5639","title":{"rendered":"Nyitrai: \u201956 nek\u00fcnk, magyaroknak becs\u00fcletbeli \u00fcgy"},"content":{"rendered":"<p>&nbsp;<\/p>\n<p><img loading=\"lazy\" decoding=\"async\" class=\"alignleft\" src=\"http:\/\/www.egriszin.hu\/RenderedContents\/IndexImages\/8\/8513-20111024141011-nyitrai_56.jpg\" alt=\"\" width=\"150\" height=\"105\" \/><\/p>\n<p><strong>T\u00f3th J\u00f3zsef polg\u00e1rmester \u00e9s orsz\u00e1ggy\u0171l\u00e9si k\u00e9pvisel\u0151 megh\u00edv\u00e1s\u00e1ra Tiszan\u00e1n\u00e1n koszor\u00fazott \u00e9s mondott \u00fcnnepi besz\u00e9det 1956. okt\u00f3ber 23-ra eml\u00e9kezve Nyitrai Zsolt minisztereln\u00f6ki biztos &#8211; \u00e1ll a szerkeszt\u0151s\u00e9g\u00fcnkh\u00f6z eljuttatott k\u00f6zlem\u00e9nyben.<\/strong><\/p>\n<p align=\"justify\"><em>Nyitrai Zsolt<\/em> a megeml\u00e9kez\u00e9sen \u00fagy fogalmazott, \u201ca magyar szabads\u00e1g csak akkor teljesedik ki, ha minden magyar \u00f6sszefog a szabads\u00e1gunk\u00e9rt. Nincs szabads\u00e1g fel\u00fclr\u0151l, \u00e9s nincs szabads\u00e1g k\u00edv\u00fclr\u0151l. A szabads\u00e1g azt jelenti, hogy mi rendezhetj\u00fck be a saj\u00e1t \u00e9let\u00fcnket. Ha nem vagyunk, ha nem lehet\u00fcnk szabadok, m\u00e1sok rendezik be az \u00e9let\u00fcnket\u201d \u2013 fogalmazott a minisztereln\u00f6ki biztos.<br \/>\nNyitrai Zsolt \u201956 tanuls\u00e1g\u00e1t is megosztotta hallgat\u00f3s\u00e1g\u00e1val: \u201c1956-hoz hasonl\u00f3an ma is arra van sz\u00fcks\u00e9g, hogy \u00f6sszefogjunk, ki\u00e1lljunk egym\u00e1s\u00e9rt \u00e9s a szabads\u00e1gunk\u00e9rt. Helyett\u00fcnk ezt senki sem fogja megtenni. Akkor lesz\u00fcnk er\u0151s \u00e9s szabad nemzet, ha b\u00e1tran ki\u00e1llunk a saj\u00e1t \u00e9rt\u00e9keink\u00e9rt. Ezt k\u00f6veteli a h\u0151s\u00f6k eml\u00e9ke, \u00e9s ezt k\u00f6veteli, hogy 1956 nek\u00fcnk magyaroknak becs\u00fcletbeli \u00fcgy. Becs\u00fcletbeli \u00fcgy, mert igazs\u00e1g \u00e9s szabads\u00e1g k\u00e9z a k\u00e9zben j\u00e1r, nincsen egyik a m\u00e1sik n\u00e9lk\u00fcl.&#8221;<br \/>\n\u201cMa egy adott nemzett\u0151l t\u00f6bb ezer kilom\u00e9terre, a megk\u00e9rdez\u00e9s\u00fck n\u00e9lk\u00fcl el lehet d\u00f6nteni, hogy valut\u00e1j\u00e1t le\u00e9rt\u00e9kelik,<br \/>\nvagyont\u00e1rgyait pedig bag\u00f3\u00e9rt \u00e9rt\u00e9kes\u00edtik. Ma a p\u00e9nz\u00fcgyi f\u00fcgg\u00e9s hasonl\u00f3 ahhoz a b\u00f6rt\u00f6nh\u00f6z, mint amit a szt\u00e1linist\u00e1k az \u201950-es \u00e9vekben \u00e1csoltak. Itt is, \u00e9s ott is nyomaszt\u00f3 volt a szabads\u00e1g hi\u00e1nya, az, hogy mi magyarok \u00fagy \u00e9rezt\u00fck, nem a magunk urai, hanem m\u00e1sok \u00e9s idegen hatalmaknak kiszolg\u00e1ltatottjai vagyunk.<br \/>\nEzt a modern b\u00e9kly\u00f3t, az uzsor\u00e1sdiktat\u00far\u00e1t \u00e9pp \u00fagy le kell magunkr\u00f3l r\u00e1znunk, ahogy az \u201956-osok ler\u00e1zt\u00e1k magukr\u00f3l a szt\u00e1linizmus b\u00e9kly\u00f3it. 55 \u00e9vvel egy gy\u0151ztes forradalom ut\u00e1n \u00fajra \u00e9s \u00fajra meg kell mutatnunk minden nap: egy b\u00e1tor nemzet d\u00f6nt\u00e9seket hoz, \u00e9s mer els\u0151 lenni. Mer gy\u0151ztes lenni.<br \/>\nEbben \u00e1ll az \u201956-osok m\u00e1ig hat\u00f3 \u00fczenete: a szabads\u00e1g\u00e9rt mindig, \u00e9s mindenkor ki kell \u00e1llni, mindig, \u00e9s mindenkivel szemben. A szolgalelk\u0171s\u00e9g nek\u00fcnk, magyaroknak nem j\u00e1rhat\u00f3 \u00fat, a szolgalelk\u0171s\u00e9gb\u0151l csak szolgas\u00e1g k\u00f6vetkezik\u201d \u2013 fogalmazott Nyitrai Zsolt Tiszan\u00e1n\u00e1n.<\/p>\n","protected":false},"excerpt":{"rendered":"<p>&nbsp;<\/p>\n<p>T\u00f3th J\u00f3zsef polg\u00e1rmester \u00e9s orsz\u00e1ggy\u0171l\u00e9si k\u00e9pvisel\u0151 megh\u00edv\u00e1s\u00e1ra Tiszan\u00e1n\u00e1n koszor\u00fazott \u00e9s mondott \u00fcnnepi besz\u00e9det 1956. okt\u00f3ber 23-ra eml\u00e9kezve Nyitrai Zsolt minisztereln\u00f6ki biztos &#8211; \u00e1ll a szerkeszt\u0151s\u00e9g\u00fcnkh\u00f6z eljuttatott k\u00f6zlem\u00e9nyben.<br \/>\nNyitrai Zsolt a megeml\u00e9kez\u00e9sen \u00fagy fogalmazott, \u201ca magyar szabads\u00e1g csak akkor teljesedik ki, ha minden magyar \u00f6sszefog a szabads\u00e1gunk\u00e9rt. Nincs szabads\u00e1g fel\u00fclr\u0151l, \u00e9s nincs szabads\u00e1g k\u00edv\u00fclr\u0151l. A szabads\u00e1g azt [&#8230;]<\/p>\n","protected":false},"author":4,"featured_media":0,"comment_status":"open","ping_status":"open","sticky":false,"template":"","format":"standard","meta":{"footnotes":""},"categories":[6,3],"tags":[558,559,560,78,561],"class_list":["post-5639","post","type-post","status-publish","format-standard","hentry","category-belfold","category-politika","tag-558","tag-ertekek","tag-megemlekezes","tag-nyitrai-zsolt","tag-szabadsag"],"_links":{"self":[{"href":"https:\/\/www.agriatv.hu\/index.php?rest_route=\/wp\/v2\/posts\/5639","targetHints":{"allow":["GET"]}}],"collection":[{"href":"https:\/\/www.agriatv.hu\/index.php?rest_route=\/wp\/v2\/posts"}],"about":[{"href":"https:\/\/www.agriatv.hu\/index.php?rest_route=\/wp\/v2\/types\/post"}],"author":[{"embeddable":true,"href":"https:\/\/www.agriatv.hu\/index.php?rest_route=\/wp\/v2\/users\/4"}],"replies":[{"embeddable":true,"href":"https:\/\/www.agriatv.hu\/index.php?rest_route=%2Fwp%2Fv2%2Fcomments&post=5639"}],"version-history":[{"count":1,"href":"https:\/\/www.agriatv.hu\/index.php?rest_route=\/wp\/v2\/posts\/5639\/revisions"}],"predecessor-version":[{"id":5640,"href":"https:\/\/www.agriatv.hu\/index.php?rest_route=\/wp\/v2\/posts\/5639\/revisions\/5640"}],"wp:attachment":[{"href":"https:\/\/www.agriatv.hu\/index.php?rest_route=%2Fwp%2Fv2%2Fmedia&parent=5639"}],"wp:term":[{"taxonomy":"category","embeddable":true,"href":"https:\/\/www.agriatv.hu\/index.php?rest_route=%2Fwp%2Fv2%2Fcategories&post=5639"},{"taxonomy":"post_tag","embeddable":true,"href":"https:\/\/www.agriatv.hu\/index.php?rest_route=%2Fwp%2Fv2%2Ftags&post=5639"}],"curies":[{"name":"wp","href":"https:\/\/api.w.org\/{rel}","templated":true}]}}