{"id":5684,"date":"2011-10-27T09:51:47","date_gmt":"2011-10-27T09:51:47","guid":{"rendered":"http:\/\/www.agriatv.hu\/?p=5684"},"modified":"2011-11-01T09:53:37","modified_gmt":"2011-11-01T09:53:37","slug":"vendegkonyvet-kapnak-az-egri-szallashelyek","status":"publish","type":"post","link":"https:\/\/www.agriatv.hu\/?p=5684","title":{"rendered":"Vend\u00e9gk\u00f6nyvet kapnak az egri sz\u00e1ll\u00e1shelyek"},"content":{"rendered":"<p>&nbsp;<\/p>\n<p><img loading=\"lazy\" decoding=\"async\" class=\"alignleft\" src=\"http:\/\/www.egriszin.hu\/RenderedContents\/IndexImages\/8\/8531-20111027153321-eger_cimer.jpg\" alt=\"\" width=\"114\" height=\"150\" \/><\/p>\n<p><strong>A feketegazdas\u00e1g mozg\u00e1ster\u00e9nek sz\u0171k\u00edt\u00e9se napjainkban egy\u00e9rtelm\u0171 korm\u00e1nyzati \u00e9s v\u00e1rosi c\u00e9l, s igaz ez a turisztikai szolg\u00e1ltat\u00e1s ter\u00fclet\u00e9re is. Eger \u00f6nkorm\u00e1nyzata helyi rendeletben szab\u00e1lyozni k\u00edv\u00e1nja a \u201eVend\u00e9g- \u00e9s idegenforgalmi ad\u00f3nyilv\u00e1ntart\u00e1st\u201d. Az, hogy a v\u00e1rosunkban elt\u00f6lt\u00f6tt vend\u00e9g\u00e9jszak\u00e1kat korrekt, egys\u00e9ges m\u00f3don vezess\u00e9k a szolg\u00e1ltat\u00f3k, minden egri polg\u00e1r \u00e9rdeke: a v\u00e1ros ennek a statisztikai mutat\u00f3 alapj\u00e1n h\u00edvhatja le a jelent\u0151s \u00f6sszeg\u0171 normat\u00edv t\u00e1mogat\u00e1st &#8211; \u00e1ll a szerkeszt\u0151s\u00e9g\u00fcnkh\u00f6z eljuttatott k\u00f6zlem\u00e9nyben.<br \/>\n<\/strong><\/p>\n<p align=\"justify\">A k\u00f6zgy\u0171l\u00e9s \u00e1ltal elfogadott m\u00f3dos\u00edt\u00e1sok szigor\u00fabb \u00e9s ellen\u0151rizhet\u0151bb, egys\u00e9ges rendszert teremtenek. V\u00e1rosunkban jelenleg 307 sz\u00e1ll\u00e1shely (sz\u00e1lloda, panzi\u00f3, kemping, \u00fcd\u00fcl\u0151h\u00e1z, turistasz\u00e1ll\u00f3, ifj\u00fas\u00e1gi sz\u00e1ll\u00f3 \u00e9s egy\u00e9b sz\u00e1ll\u00e1shely) m\u0171k\u00f6dik. A 17 sz\u00e1lloda kiv\u00e9tel\u00e9vel k\u00f6telez\u0151 lesz \u201eVend\u00e9g- \u00e9s idegenforgalmi ad\u00f3nyilv\u00e1ntart\u00e1s\u201d vezet\u00e9se, melyet a v\u00e1llalkoz\u00f3knak nyomtatv\u00e1ny form\u00e1j\u00e1ban t\u00e9r\u00edt\u00e9smentesen biztos\u00edt az \u00f6nkorm\u00e1nyzat. A kiadv\u00e1nynak folyamatosan \u00e9s vezet\u00e9sre alkalmas \u00e1llapotban kell rendelkez\u00e9sre \u00e1llnia a sz\u00e1ll\u00e1shelyen.<br \/>\nA nyilv\u00e1ntart\u00e1s tartalmazza: a sorsz\u00e1mot; a vend\u00e9g nev\u00e9t; sz\u00fclet\u00e9si hely\u00e9t \u00e9s idej\u00e9t; lakc\u00edm\u00e9t; \u00e1llampolg\u00e1rs\u00e1g\u00e1t; \u00fatlev\u00e9l, vagy szem\u00e9lyazonos\u00edt\u00f3 igazolv\u00e1ny, esetleg vezet\u0151i enged\u00e9ly sz\u00e1m\u00e1t; az \u00e9rkez\u00e9s \u00e9s a t\u00e1voz\u00e1s napj\u00e1t \u00e9s id\u0151pontj\u00e1t; az Egerben elt\u00f6lt\u00f6tt vend\u00e9g\u00e9jszak\u00e1k sz\u00e1m\u00e1t. Fel kell t\u00fcntetni az ad\u00f3mentesen elt\u00f6lt\u00f6tt vend\u00e9g\u00e9jszaka sz\u00e1mot \u00e9s annak jogc\u00edm\u00e9t; az ad\u00f3k\u00f6teles vend\u00e9g\u00e9jszak\u00e1k sz\u00e1m\u00e1t; a beszedett ad\u00f3 \u00f6sszeg\u00e9t; a kibocs\u00e1tott sz\u00e1mla, nyugta sorsz\u00e1m\u00e1t. Szerepeltetni kell azt is, hogy a beszedett ad\u00f3t a szolg\u00e1ltat\u00f3 mikor fizette meg az \u00f6nkorm\u00e1nyzatnak, illetve mikor vallotta be az idegenforgalmi ad\u00f3t.<br \/>\nA k\u00e9pvisel\u0151test\u00fcleti d\u00f6nt\u00e9snek megfelel\u0151en a j\u00f6v\u0151ben egy\u00e9rtelm\u0171en meg\u00e1llap\u00edthat\u00f3 \u00e9s b\u00e1rmikor ellen\u0151rizhet\u0151 lesz az Egerben vend\u00e9g\u00e9jszak\u00e1t elt\u00f6lt\u0151 mag\u00e1nszem\u00e9ly ad\u00f3st\u00e1tusza, \u00e9rkez\u00e9se, t\u00e1voz\u00e1sa. A \u201evend\u00e9gk\u00f6nyv\u201d seg\u00edti a sz\u00e1ll\u00e1shely tulajdonost, hiszen olyan adatokat is tartalmaz, melyek megnyugtat\u00f3 m\u00f3don visszakereshet\u0151v\u00e9 teszik az elsz\u00e1ll\u00e1solt vend\u00e9geket.<br \/>\nA \u201eVend\u00e9g- \u00e9s idegenforgalmi ad\u00f3nyilv\u00e1ntart\u00e1s\u201d legfontosabb mell\u00e9kletei angol, n\u00e9met \u00e9s lengyel nyelven is el\u00e9rhet\u0151ek lesznek, \u00edgy a k\u00fclf\u00f6ldiek is egy\u00e9rtelm\u0171en eligazodhatnak a nyilv\u00e1ntart\u00e1sok rendszer\u00e9ben, \u00e9s al\u00e1\u00edr\u00e1sukkal hiteles\u00edtik ittl\u00e9t\u00fcket. A szakmai anyagot az el\u0151terjeszt\u0151 el\u0151zetesen megk\u00fcldte a Heves Megyei Kereskedelmi \u00e9s Iparkamara, a Mag\u00e1nsz\u00e1ll\u00e1sad\u00f3k Orsz\u00e1gos Sz\u00f6vets\u00e9ge, az Egyes\u00fclet Eger Idegenforgalm\u00e1\u00e9rt Egyes\u00fclet \u00e9s Eger Mag\u00e1nsz\u00e1ll\u00e1shelyeinek Egyes\u00fclete r\u00e9sz\u00e9re is.<\/p>\n<p>&nbsp;<\/p>\n","protected":false},"excerpt":{"rendered":"<p>&nbsp;<\/p>\n<p>A feketegazdas\u00e1g mozg\u00e1ster\u00e9nek sz\u0171k\u00edt\u00e9se napjainkban egy\u00e9rtelm\u0171 korm\u00e1nyzati \u00e9s v\u00e1rosi c\u00e9l, s igaz ez a turisztikai szolg\u00e1ltat\u00e1s ter\u00fclet\u00e9re is. Eger \u00f6nkorm\u00e1nyzata helyi rendeletben szab\u00e1lyozni k\u00edv\u00e1nja a \u201eVend\u00e9g- \u00e9s idegenforgalmi ad\u00f3nyilv\u00e1ntart\u00e1st\u201d. Az, hogy a v\u00e1rosunkban elt\u00f6lt\u00f6tt vend\u00e9g\u00e9jszak\u00e1kat korrekt, egys\u00e9ges m\u00f3don vezess\u00e9k a szolg\u00e1ltat\u00f3k, minden egri polg\u00e1r \u00e9rdeke: a v\u00e1ros ennek a statisztikai mutat\u00f3 alapj\u00e1n h\u00edvhatja le a [&#8230;]<\/p>\n","protected":false},"author":4,"featured_media":0,"comment_status":"open","ping_status":"closed","sticky":false,"template":"","format":"standard","meta":{"footnotes":""},"categories":[450],"tags":[576,119,577],"class_list":["post-5684","post","type-post","status-publish","format-standard","hentry","category-gazdasag-2","tag-feketegazdasag","tag-kozgyules","tag-szallashely"],"_links":{"self":[{"href":"https:\/\/www.agriatv.hu\/index.php?rest_route=\/wp\/v2\/posts\/5684","targetHints":{"allow":["GET"]}}],"collection":[{"href":"https:\/\/www.agriatv.hu\/index.php?rest_route=\/wp\/v2\/posts"}],"about":[{"href":"https:\/\/www.agriatv.hu\/index.php?rest_route=\/wp\/v2\/types\/post"}],"author":[{"embeddable":true,"href":"https:\/\/www.agriatv.hu\/index.php?rest_route=\/wp\/v2\/users\/4"}],"replies":[{"embeddable":true,"href":"https:\/\/www.agriatv.hu\/index.php?rest_route=%2Fwp%2Fv2%2Fcomments&post=5684"}],"version-history":[{"count":1,"href":"https:\/\/www.agriatv.hu\/index.php?rest_route=\/wp\/v2\/posts\/5684\/revisions"}],"predecessor-version":[{"id":5685,"href":"https:\/\/www.agriatv.hu\/index.php?rest_route=\/wp\/v2\/posts\/5684\/revisions\/5685"}],"wp:attachment":[{"href":"https:\/\/www.agriatv.hu\/index.php?rest_route=%2Fwp%2Fv2%2Fmedia&parent=5684"}],"wp:term":[{"taxonomy":"category","embeddable":true,"href":"https:\/\/www.agriatv.hu\/index.php?rest_route=%2Fwp%2Fv2%2Fcategories&post=5684"},{"taxonomy":"post_tag","embeddable":true,"href":"https:\/\/www.agriatv.hu\/index.php?rest_route=%2Fwp%2Fv2%2Ftags&post=5684"}],"curies":[{"name":"wp","href":"https:\/\/api.w.org\/{rel}","templated":true}]}}