{"id":5711,"date":"2011-11-04T16:00:34","date_gmt":"2011-11-04T16:00:34","guid":{"rendered":"http:\/\/www.agriatv.hu\/?p=5711"},"modified":"2011-11-04T16:00:34","modified_gmt":"2011-11-04T16:00:34","slug":"utlezaras-egerben-is","status":"publish","type":"post","link":"https:\/\/www.agriatv.hu\/?p=5711","title":{"rendered":"\u00datlez\u00e1r\u00e1s Egerben is"},"content":{"rendered":"<p><a href=\"https:\/\/www.agriatv.hu\/wp-content\/uploads\/2011\/11\/1104demonstracio_V.jpg\"><img loading=\"lazy\" decoding=\"async\" class=\"alignleft size-medium wp-image-5713\" title=\"1104demonstracio_V\" src=\"https:\/\/www.agriatv.hu\/wp-content\/uploads\/2011\/11\/1104demonstracio_V-300x240.jpg\" alt=\"\" width=\"113\" height=\"90\" srcset=\"https:\/\/www.agriatv.hu\/wp-content\/uploads\/2011\/11\/1104demonstracio_V-300x240.jpg 300w, https:\/\/www.agriatv.hu\/wp-content\/uploads\/2011\/11\/1104demonstracio_V.jpg 720w\" sizes=\"auto, (max-width: 113px) 100vw, 113px\" \/><\/a>P\u00e9ntek reggel a szakszervezetek forgalomlass\u00edt\u00e1st kezdtek orsz\u00e1gszerte. Heves megy\u00e9ben t\u00f6bb helysz\u00ednen is tiltakoznak, Egerben 3 helyre vonultak\u00a0 a tiltakoz\u00f3k a Munka t\u00f6rv\u00e9nyk\u00f6nyv v\u00e1ltoz\u00e1sai miatt. Az orsz\u00e1gos megmozdul\u00e1ssal a Liga Szakszervezetek azt k\u00edv\u00e1nj\u00e1k el\u00e9rni, hogy a korm\u00e1ny t\u00e1rgyaljon vel\u00fck a munkav\u00e1llal\u00f3kat \u00e9rint\u0151 javaslatok kapcs\u00e1n, amelyek negat\u00edvan \u00e9rintik a dolgoz\u00f3k \u00e9rdekeit.<\/p>\n<p>Fodor P\u00e1ln\u00e9 elmondta, hogy a demonstr\u00e1ci\u00f3 oka a\u00a0 Munka t\u00f6rv\u00e9nyk\u00f6nyv\u00e9nek szerint\u00fck elfogadhatatlan \u00e1tdolgoz\u00e1sa illetve a nyugd\u00edjrendszer \u00e1talak\u00edt\u00e1sa, melyben a kor\u00e1bban megszerzett jogokat megs\u00e9rtik.<\/p>\n<div class=\"wordtube\">\n<div class=\"wordtube single418\" id=\"WT1_1\" style=\"width:320px; height:240px;\">\n<a href=\"http:\/\/www.macromedia.com\/go\/getflashplayer\">Get the Flash Player<\/a> to see the wordTube Media Player.\n<\/div><\/div>\n\t<script type=\"text\/javascript\" defer=\"defer\">\nvar WT1_1 = {\n\tparams : {\n\t\twmode : \"opaque\",\n\t\tallowscriptaccess : \"always\",\n\t\tallownetworking : \"all\",\n\t\tallowfullscreen : \"true\"},\n\tflashvars : {\n\t\tfile : \"http%3A%2F%2Fwww.agriatv.hu%2Fwp-content%2Fuploads%2F2011%2F11%2F1104demonstracio.flv\",\n\t\tvolume : \"80\",\n\t\tbufferlength : \"5\",\n\t\tquality : \"false\",\n\t\t'logo.hide' : \"false\",\n\t\timage : \"http%3A%2F%2Fwww.agriatv.hu%2Fwp-content%2Fuploads%2F2011%2F11%2F1104demonstracio.jpg\",\n\t\ttitle : \"1104demonstracio.flv\",\n\t\tlinktarget : \"_self\"},\n\tattr : {\n\t\tid : \"WT1\",\n\t\tname : \"WT1\"},\n\tstart : function() {\n\t\tswfobject.embedSWF(\"https:\/\/www.agriatv.hu\/\/player.swf\", \"WT1_1\", \"320\", \"240\", \"9.0.0\", false, this.flashvars, this.params , this.attr );\n\t}\n}\nWT1_1.start();\n\t<\/script>\n\n<p>A korm\u00e1ny elt\u00f6k\u00e9lt a c\u00e9lkit\u0171z\u00e9sek megval\u00f3s\u00edt\u00e1sa kapcs\u00e1n, tov\u00e1bbra is fenntartja eredeti elk\u00e9pzel\u00e9seit a t\u00f6rv\u00e9nnyel kapcsolatban.<\/p>\n<p>Egerben nem alakult ki nagyobb fennakad\u00e1s a k\u00f6zleked\u00e9sben, az \u00fatlez\u00e1r\u00e1s reggel 7-t\u0151l m\u00e1snap reggel 7-ig tart a tervek szerint.<\/p>\n","protected":false},"excerpt":{"rendered":"<p>P\u00e9ntek reggel a szakszervezetek forgalomlass\u00edt\u00e1st kezdtek orsz\u00e1gszerte. Heves megy\u00e9ben t\u00f6bb helysz\u00ednen is tiltakoznak, Egerben 3 helyre vonultak\u00a0 a tiltakoz\u00f3k a Munka t\u00f6rv\u00e9nyk\u00f6nyv v\u00e1ltoz\u00e1sai miatt. Az orsz\u00e1gos megmozdul\u00e1ssal a Liga Szakszervezetek azt k\u00edv\u00e1nj\u00e1k el\u00e9rni, hogy a korm\u00e1ny t\u00e1rgyaljon vel\u00fck a munkav\u00e1llal\u00f3kat \u00e9rint\u0151 javaslatok kapcs\u00e1n, amelyek negat\u00edvan \u00e9rintik a dolgoz\u00f3k \u00e9rdekeit.<br \/>\nFodor P\u00e1ln\u00e9 elmondta, hogy a demonstr\u00e1ci\u00f3 oka [&#8230;]<\/p>\n","protected":false},"author":4,"featured_media":0,"comment_status":"open","ping_status":"closed","sticky":false,"template":"","format":"standard","meta":{"footnotes":""},"categories":[6,450,3],"tags":[592,591,252,379,593],"class_list":["post-5711","post","type-post","status-publish","format-standard","hentry","category-belfold","category-gazdasag-2","category-politika","tag-lezaras","tag-liga","tag-munka","tag-tiltakozas","tag-valtoztatas"],"_links":{"self":[{"href":"https:\/\/www.agriatv.hu\/index.php?rest_route=\/wp\/v2\/posts\/5711","targetHints":{"allow":["GET"]}}],"collection":[{"href":"https:\/\/www.agriatv.hu\/index.php?rest_route=\/wp\/v2\/posts"}],"about":[{"href":"https:\/\/www.agriatv.hu\/index.php?rest_route=\/wp\/v2\/types\/post"}],"author":[{"embeddable":true,"href":"https:\/\/www.agriatv.hu\/index.php?rest_route=\/wp\/v2\/users\/4"}],"replies":[{"embeddable":true,"href":"https:\/\/www.agriatv.hu\/index.php?rest_route=%2Fwp%2Fv2%2Fcomments&post=5711"}],"version-history":[{"count":3,"href":"https:\/\/www.agriatv.hu\/index.php?rest_route=\/wp\/v2\/posts\/5711\/revisions"}],"predecessor-version":[{"id":5715,"href":"https:\/\/www.agriatv.hu\/index.php?rest_route=\/wp\/v2\/posts\/5711\/revisions\/5715"}],"wp:attachment":[{"href":"https:\/\/www.agriatv.hu\/index.php?rest_route=%2Fwp%2Fv2%2Fmedia&parent=5711"}],"wp:term":[{"taxonomy":"category","embeddable":true,"href":"https:\/\/www.agriatv.hu\/index.php?rest_route=%2Fwp%2Fv2%2Fcategories&post=5711"},{"taxonomy":"post_tag","embeddable":true,"href":"https:\/\/www.agriatv.hu\/index.php?rest_route=%2Fwp%2Fv2%2Ftags&post=5711"}],"curies":[{"name":"wp","href":"https:\/\/api.w.org\/{rel}","templated":true}]}}