{"id":5822,"date":"2011-11-18T14:47:11","date_gmt":"2011-11-18T14:47:11","guid":{"rendered":"http:\/\/www.agriatv.hu\/?p=5822"},"modified":"2011-11-18T20:55:40","modified_gmt":"2011-11-18T20:55:40","slug":"muanyag-jegpalya-nyilt-belvarosban","status":"publish","type":"post","link":"https:\/\/www.agriatv.hu\/?p=5822","title":{"rendered":"M\u0171anyag j\u00e9gp\u00e1lya ny\u00edlt a belv\u00e1rosban"},"content":{"rendered":"<p><a href=\"https:\/\/www.agriatv.hu\/wp-content\/uploads\/2011\/11\/1118jeg_V.jpg\"><img loading=\"lazy\" decoding=\"async\" class=\"alignleft size-medium wp-image-5823\" title=\"1118jeg_V\" src=\"https:\/\/www.agriatv.hu\/wp-content\/uploads\/2011\/11\/1118jeg_V-300x240.jpg\" alt=\"\" width=\"122\" height=\"97\" srcset=\"https:\/\/www.agriatv.hu\/wp-content\/uploads\/2011\/11\/1118jeg_V-300x240.jpg 300w, https:\/\/www.agriatv.hu\/wp-content\/uploads\/2011\/11\/1118jeg_V.jpg 720w\" sizes=\"auto, (max-width: 122px) 100vw, 122px\" \/><\/a><strong>Eger bev\u00e1s\u00e1rl\u00f3k\u00f6zpontj\u00e1ban ny\u00edlt egy \u00faj \u00e9s modern n\u00e9gy \u00e9vszakos korcsolyap\u00e1lya, melyet ak\u00e1r \u00e1prilis v\u00e9g\u00e9ig is haszn\u00e1lhatnak a siklani v\u00e1gy\u00f3k.<\/strong><\/p>\n<p>Nem marad korcsolyap\u00e1lya n\u00e9lk\u00fcl Eger ezen a t\u00e9len sem, hiszen az id\u0151j\u00e1r\u00e1st\u00f3l f\u00fcggetlen\u00fcl remek cs\u00fasz\u00f3fel\u00fcletet garant\u00e1l\u00f3 p\u00e1lya ny\u00edlt november 18-\u00e1n, az Agria Park udvar\u00e1n. A j\u00e9gp\u00e1lya \u00fczemeltet\u0151je a Cafe Frei Eger, t\u00e1mogat\u00f3ja az \u00f6nkorm\u00e1nyzat, h\u00e1zigazd\u00e1ja a bev\u00e1s\u00e1rl\u00f3k\u00f6zpont.<\/p>\n<p>A bev\u00e1s\u00e1rl\u00f3 k\u00f6zpont egyik k\u00e1v\u00e9z\u00f3j\u00e1nak kezdem\u00e9nyez\u00e9s\u00e9re val\u00f3sult meg a korcsoly\u00e1z\u00f3 fel\u00fclet, melyet az Agria Park \u00e9s Eger MJV \u00d6nkorm\u00e1nyzata is t\u00e1mogatott. A k\u00e1v\u00e9z\u00f3 egy m\u0171anyag bor\u00edt\u00e1s\u00fa j\u00e9gp\u00e1ly\u00e1t telep\u00edtett \u00e9s m\u0171k\u00f6dtet az egykori doh\u00e1nygy\u00e1ri udvaron. A k\u00f6zforgalmi s\u00e1tort az EVAT Zrt.-n kereszt\u00fcl Eger t\u00e9r\u00edt\u00e9smentesen bocs\u00e1tja rendelkez\u00e9sre, \u00edgy a v\u00e1ros sportolni, sz\u00f3rakozni v\u00e1gy\u00f3 k\u00f6z\u00f6ns\u00e9ge kultur\u00e1lt k\u00f6r\u00fclm\u00e9nyek k\u00f6z\u00f6tt melegedhet \u00e9s fogyaszthat forr\u00f3 italokat \u00e9s \u00e9tkeket.<div class=\"wordtube\">\n<div class=\"wordtube single428\" id=\"WT1_1\" style=\"width:320px; height:240px;\">\n<a href=\"http:\/\/www.macromedia.com\/go\/getflashplayer\">Get the Flash Player<\/a> to see the wordTube Media Player.\n<\/div><\/div>\n\t<script type=\"text\/javascript\" defer=\"defer\">\nvar WT1_1 = {\n\tparams : {\n\t\twmode : \"opaque\",\n\t\tallowscriptaccess : \"always\",\n\t\tallownetworking : \"all\",\n\t\tallowfullscreen : \"true\"},\n\tflashvars : {\n\t\tfile : \"http%3A%2F%2Fwww.agriatv.hu%2Fwp-content%2Fuploads%2F2011%2F11%2F1118jeg.flv\",\n\t\tvolume : \"80\",\n\t\tbufferlength : \"5\",\n\t\tquality : \"false\",\n\t\t'logo.hide' : \"false\",\n\t\timage : \"http%3A%2F%2Fwww.agriatv.hu%2Fwp-content%2Fuploads%2F2011%2F11%2F1118jeg.jpg\",\n\t\ttitle : \"1118jeg.flv\",\n\t\tlinktarget : \"_self\"},\n\tattr : {\n\t\tid : \"WT1\",\n\t\tname : \"WT1\"},\n\tstart : function() {\n\t\tswfobject.embedSWF(\"https:\/\/www.agriatv.hu\/\/player.swf\", \"WT1_1\", \"320\", \"240\", \"9.0.0\", false, this.flashvars, this.params , this.attr );\n\t}\n}\nWT1_1.start();\n\t<\/script>\n<br \/>\n<em>Sz\u0151ke Istv\u00e1n<\/em> a bev\u00e1s\u00e1rl\u00f3 k\u00f6zpont igazgat\u00f3ja kiemelte, hogy az Agria Park egy k\u00f6z\u00f6ss\u00e9g t\u00e9r, ahov\u00e1 j\u00f3 bemenni. Eddig is sz\u00e1mos kultur\u00e1lis \u00e9s sportprogramot k\u00edn\u00e1ltak, valamit el\u0151t\u00e9rbe helyezt\u00e9k az eg\u00e9szs\u00e9ges \u00e9letm\u00f3d n\u00e9pszer\u0171s\u00edt\u00e9s\u00e9t, ez\u00e9rt is nagyszer\u0171, hogy az udvart t\u00e9len is hasznos id\u0151 elt\u00f6lt\u00e9sre tudj\u00e1k felk\u00edn\u00e1lni.<br \/>\nA megnyit\u00f3n <em>R\u00e1zsi Botond <\/em>alpolg\u00e1rmester kihangs\u00falyozta, hogy ez nem az a j\u00e9gp\u00e1lya, amit a v\u00e1rosvezet\u00e9s \u00edg\u00e9rt, m\u00e9gis \u00f6r\u00fclnek annak, hogy itt a belv\u00e1rosban meg\u00e9p\u00fclt egy ilyen sportol\u00e1si \u00e9s hobby lehet\u0151s\u00e9g. A Fels\u0151v\u00e1rosba tervezett j\u00e9gp\u00e1lya elk\u00e9sz\u00edt\u00e9se is folyamatban van, mely nem konkurensk\u00e9nt, hanem k\u00edn\u00e1latb\u0151v\u00edt\u00e9sk\u00e9nt tekintenek majd.<\/p>\n<p>A Caf\u00e9 Kori p\u00e1lya \u00e1prilis v\u00e9g\u00e9ig \u00fczemel az Agria Park nyitvatart\u00e1si idej\u00e9ben reggel 9 \u00f3r\u00e1t\u00f3l este 9-ig, h\u00e9tv\u00e9g\u00e9n \u00e9jf\u00e9lig. A p\u00e1lya m\u00e9rete 400 m2, , melyen maximum 50 ember cs\u00faszhat egyszerre. A helysz\u00ednen korcsoly\u00e1t lehet k\u00f6lcs\u00f6n\u00f6zni, \u00e9s a cs\u00fasz\u00f3 alkalmatoss\u00e1gok \u00e9lez\u00e9s\u00e9t k\u00fcl\u00f6n berendez\u00e9ssel biztos\u00edtj\u00e1k.<\/p>\n<p>A p\u00e1lya k\u00fcl\u00f6nlegess\u00e9ge abban rejlik, hogy ez egy amerikai szintetikus j\u00e9gp\u00e1lyarendszer, amelynek k\u00f6sz\u00f6nhet\u0151en imm\u00e1r t\u00e9len-ny\u00e1ron, olcs\u00f3n \u00e9s k\u00f6rnyezetbar\u00e1t m\u00f3don lehet korizni. A Summerice\u2122 a vil\u00e1g legmodernebb \u00e9s legjobban bizony\u00edt\u00f3 m\u0171anyagj\u00e9g-alkalmaz\u00e1s\u00e1ra. Az egym\u00e1shoz speci\u00e1lis, galambfarok form\u00e1j\u00fa kapcsokkal illeszked\u0151 \u00f3ri\u00e1si kirak\u00f3darabk\u00e1k egyszerre alkalmazkod\u00f3k \u00e9s ellen\u00e1ll\u00f3k. Ezeket az egyedi, k\u00f6rnyezetbar\u00e1t polimerekb\u0151l k\u00e9sz\u00fclt fel\u00fcleteket sem a sug\u00e1rz\u00f3 napf\u00e9ny, sem az er\u0151s ig\u00e9nybev\u00e9tel nem teszi pr\u00f3b\u00e1ra. A m\u0171anyag panelek rugalmasabbak a m\u0171j\u00e9gn\u00e9l, \u00edgy a szintetikus p\u00e1ly\u00e1n nemcsak a s\u00e9r\u00fcl\u00e9svesz\u00e9ly kisebb, de a korcsoly\u00e1z\u00e1s az \u00edz\u00fcletekkel is k\u00edm\u00e9letesebb.<\/p>\n<p>Forr\u00e1s: <a href=\"http:\/\/egriszin.hu\">Egrisz\u00edn<\/a><\/p>\n","protected":false},"excerpt":{"rendered":"<p>Eger bev\u00e1s\u00e1rl\u00f3k\u00f6zpontj\u00e1ban ny\u00edlt egy \u00faj \u00e9s modern n\u00e9gy \u00e9vszakos korcsolyap\u00e1lya, melyet ak\u00e1r \u00e1prilis v\u00e9g\u00e9ig is haszn\u00e1lhatnak a siklani v\u00e1gy\u00f3k.<br \/>\nNem marad korcsolyap\u00e1lya n\u00e9lk\u00fcl Eger ezen a t\u00e9len sem, hiszen az id\u0151j\u00e1r\u00e1st\u00f3l f\u00fcggetlen\u00fcl remek cs\u00fasz\u00f3fel\u00fcletet garant\u00e1l\u00f3 p\u00e1lya ny\u00edlt november 18-\u00e1n, az Agria Park udvar\u00e1n. A j\u00e9gp\u00e1lya \u00fczemeltet\u0151je a Cafe Frei Eger, t\u00e1mogat\u00f3ja az \u00f6nkorm\u00e1nyzat, h\u00e1zigazd\u00e1ja a bev\u00e1s\u00e1rl\u00f3k\u00f6zpont.<br \/>\nA [&#8230;]<\/p>\n","protected":false},"author":4,"featured_media":0,"comment_status":"open","ping_status":"closed","sticky":false,"template":"","format":"standard","meta":{"footnotes":""},"categories":[11,4],"tags":[640,641,642],"class_list":["post-5822","post","type-post","status-publish","format-standard","hentry","category-sport","category-szabadido","tag-cafe-frei","tag-jegpalya","tag-muanyag"],"_links":{"self":[{"href":"https:\/\/www.agriatv.hu\/index.php?rest_route=\/wp\/v2\/posts\/5822","targetHints":{"allow":["GET"]}}],"collection":[{"href":"https:\/\/www.agriatv.hu\/index.php?rest_route=\/wp\/v2\/posts"}],"about":[{"href":"https:\/\/www.agriatv.hu\/index.php?rest_route=\/wp\/v2\/types\/post"}],"author":[{"embeddable":true,"href":"https:\/\/www.agriatv.hu\/index.php?rest_route=\/wp\/v2\/users\/4"}],"replies":[{"embeddable":true,"href":"https:\/\/www.agriatv.hu\/index.php?rest_route=%2Fwp%2Fv2%2Fcomments&post=5822"}],"version-history":[{"count":6,"href":"https:\/\/www.agriatv.hu\/index.php?rest_route=\/wp\/v2\/posts\/5822\/revisions"}],"predecessor-version":[{"id":5830,"href":"https:\/\/www.agriatv.hu\/index.php?rest_route=\/wp\/v2\/posts\/5822\/revisions\/5830"}],"wp:attachment":[{"href":"https:\/\/www.agriatv.hu\/index.php?rest_route=%2Fwp%2Fv2%2Fmedia&parent=5822"}],"wp:term":[{"taxonomy":"category","embeddable":true,"href":"https:\/\/www.agriatv.hu\/index.php?rest_route=%2Fwp%2Fv2%2Fcategories&post=5822"},{"taxonomy":"post_tag","embeddable":true,"href":"https:\/\/www.agriatv.hu\/index.php?rest_route=%2Fwp%2Fv2%2Ftags&post=5822"}],"curies":[{"name":"wp","href":"https:\/\/api.w.org\/{rel}","templated":true}]}}