{"id":5973,"date":"2011-11-29T15:00:41","date_gmt":"2011-11-29T15:00:41","guid":{"rendered":"http:\/\/www.agriatv.hu\/?p=5973"},"modified":"2011-11-29T15:00:41","modified_gmt":"2011-11-29T15:00:41","slug":"ralottek-a-gyongyospatai-polgarmesterre","status":"publish","type":"post","link":"https:\/\/www.agriatv.hu\/?p=5973","title":{"rendered":"R\u00e1l\u0151ttek a gy\u00f6ngy\u00f6spatai polg\u00e1rmesterre"},"content":{"rendered":"<p>&nbsp;<\/p>\n<p><img loading=\"lazy\" decoding=\"async\" class=\"alignleft\" src=\"http:\/\/www.egriszin.hu\/RenderedContents\/IndexImages\/8\/8695-20111129130415-Soltesz_balint.JPG\" alt=\"\" width=\"113\" height=\"150\" \/><\/p>\n<p><strong>Tegnap \u00e9jf\u00e9l el\u0151tt ismeretlenek l\u0151ttek r\u00e1 Gy\u00f6ngy\u00f6spata polg\u00e1rmester\u00e9re; a jobbikos Juh\u00e1sz Oszk\u00e1rra .<\/strong><\/p>\n<div align=\"justify\">A polg\u00e1rmester bejelent\u00e9se szerint k\u00e9tszer r\u00e1l\u0151ttek, amikor h\u00e9tf\u0151n 23.30 perckor kil\u00e9pett Gy\u00f6ngy\u00f6spat\u00e1n a polg\u00e1rmesteri hivatal ajtaj\u00e1n. A l\u00f6v\u00e9sek a bejelent\u00e9s szerint az \u00e9p\u00fclet m\u00f6g\u00f6tti udvarb\u00f3l \u00e9rkeztek &#8211; k\u00f6z\u00f6lte Solt\u00e9sz B\u00e1lint, a Heves Megyei Rend\u0151r-f\u0151kapit\u00e1nys\u00e1g sajt\u00f3sz\u00f3viv\u0151je.<br \/>\nA rend\u0151r\u00f6k a helysz\u00edni szeml\u00e9t megkezdt\u00e9k, a bejelent\u00e9st k\u00f6vet\u0151en tan\u00fakutat\u00e1st v\u00e9geztek, a nyomoz\u00e1s jelenleg is folyik- emelte ki Solt\u00e9sz B\u00e1lint. A sajt\u00f3sz\u00f3viv\u0151nek nincs inform\u00e1ci\u00f3ja arr\u00f3l, hogy a l\u00f6v\u00e9seket milyen t\u00edpus\u00fa l\u0151fegyverb\u0151l adt\u00e1k le. A polg\u00e1rmester s\u00e9rtetlen\u00fcl meg\u00faszta a t\u00f6rt\u00e9nteket.<\/div>\n","protected":false},"excerpt":{"rendered":"<p>&nbsp;<\/p>\n<p>Tegnap \u00e9jf\u00e9l el\u0151tt ismeretlenek l\u0151ttek r\u00e1 Gy\u00f6ngy\u00f6spata polg\u00e1rmester\u00e9re; a jobbikos Juh\u00e1sz Oszk\u00e1rra .<br \/>\nA polg\u00e1rmester bejelent\u00e9se szerint k\u00e9tszer r\u00e1l\u0151ttek, amikor h\u00e9tf\u0151n 23.30 perckor kil\u00e9pett Gy\u00f6ngy\u00f6spat\u00e1n a polg\u00e1rmesteri hivatal ajtaj\u00e1n. A l\u00f6v\u00e9sek a bejelent\u00e9s szerint az \u00e9p\u00fclet m\u00f6g\u00f6tti udvarb\u00f3l \u00e9rkeztek &#8211; k\u00f6z\u00f6lte Solt\u00e9sz B\u00e1lint, a Heves Megyei Rend\u0151r-f\u0151kapit\u00e1nys\u00e1g sajt\u00f3sz\u00f3viv\u0151je.<br \/>\nA rend\u0151r\u00f6k a helysz\u00edni szeml\u00e9t megkezdt\u00e9k, a bejelent\u00e9st k\u00f6vet\u0151en [&#8230;]<\/p>\n","protected":false},"author":4,"featured_media":0,"comment_status":"open","ping_status":"open","sticky":false,"template":"","format":"standard","meta":{"footnotes":""},"categories":[5],"tags":[694,695,53,122],"class_list":["post-5973","post","type-post","status-publish","format-standard","hentry","category-kek-hirek","tag-gyongyospata","tag-loves","tag-polgarmester","tag-rendorseg"],"_links":{"self":[{"href":"https:\/\/www.agriatv.hu\/index.php?rest_route=\/wp\/v2\/posts\/5973","targetHints":{"allow":["GET"]}}],"collection":[{"href":"https:\/\/www.agriatv.hu\/index.php?rest_route=\/wp\/v2\/posts"}],"about":[{"href":"https:\/\/www.agriatv.hu\/index.php?rest_route=\/wp\/v2\/types\/post"}],"author":[{"embeddable":true,"href":"https:\/\/www.agriatv.hu\/index.php?rest_route=\/wp\/v2\/users\/4"}],"replies":[{"embeddable":true,"href":"https:\/\/www.agriatv.hu\/index.php?rest_route=%2Fwp%2Fv2%2Fcomments&post=5973"}],"version-history":[{"count":1,"href":"https:\/\/www.agriatv.hu\/index.php?rest_route=\/wp\/v2\/posts\/5973\/revisions"}],"predecessor-version":[{"id":5974,"href":"https:\/\/www.agriatv.hu\/index.php?rest_route=\/wp\/v2\/posts\/5973\/revisions\/5974"}],"wp:attachment":[{"href":"https:\/\/www.agriatv.hu\/index.php?rest_route=%2Fwp%2Fv2%2Fmedia&parent=5973"}],"wp:term":[{"taxonomy":"category","embeddable":true,"href":"https:\/\/www.agriatv.hu\/index.php?rest_route=%2Fwp%2Fv2%2Fcategories&post=5973"},{"taxonomy":"post_tag","embeddable":true,"href":"https:\/\/www.agriatv.hu\/index.php?rest_route=%2Fwp%2Fv2%2Ftags&post=5973"}],"curies":[{"name":"wp","href":"https:\/\/api.w.org\/{rel}","templated":true}]}}