{"id":5975,"date":"2011-11-29T15:04:27","date_gmt":"2011-11-29T15:04:27","guid":{"rendered":"http:\/\/www.agriatv.hu\/?p=5975"},"modified":"2011-11-29T15:04:27","modified_gmt":"2011-11-29T15:04:27","slug":"az-eventus-nyit-a-varos-fele","status":"publish","type":"post","link":"https:\/\/www.agriatv.hu\/?p=5975","title":{"rendered":"Az Eventus nyit a v\u00e1ros fel\u00e9"},"content":{"rendered":"<p><strong><a href=\"https:\/\/www.agriatv.hu\/wp-content\/uploads\/2011\/11\/1129eventus_V.jpg\"><img loading=\"lazy\" decoding=\"async\" class=\"alignleft size-medium wp-image-5976\" title=\"1129eventus_V\" src=\"https:\/\/www.agriatv.hu\/wp-content\/uploads\/2011\/11\/1129eventus_V-300x240.jpg\" alt=\"\" width=\"130\" height=\"82\" \/><\/a>Az Eventus M\u0171v\u00e9szeti Szakiskola tervei k\u00f6z\u00f6tt szerepel, hogy nyit a lakoss\u00e1g fel\u00e9, \u00e9s olyan nyilv\u00e1nos ki\u00e1ll\u00edt\u00e1sokat szerveznek a v\u00e1ros int\u00e9zm\u00e9nyeiben \u00e9s az iskola falain bel\u00fcl, ami seg\u00edti di\u00e1kjaik \u00e9rv\u00e9nyes\u00fcl\u00e9s\u00e9t az \u00e9letben.<\/strong><\/p>\n<p>Ennek egyik esem\u00e9nye volt a keddi ki\u00e1ll\u00edt\u00e1s megnyit\u00f3, amely az iskola folyos\u00f3ly\u00e1n, szinte tan\u00f3ra szer\u0171en zajlott. <em>Bajn\u00f3czki Hajnalka: F\u00e9ny \u00e9s \u00e1rny\u00e9k<\/em> c\u00edm\u0171 ceruzarajzos ki\u00e1ll\u00edt\u00e1s\u00e1t \u00e9lete legfontosabb esem\u00e9nyek\u00e9nt konfer\u00e1lta fel tan\u00e1ra, aki kiemelte a tehets\u00e9g fontoss\u00e1g\u00e1t \u00e9s azt, hogy az iskol\u00e1ban csup\u00e1n a technik\u00e1kat tan\u00edtj\u00e1k meg a di\u00e1kokkal, azok alkalmaz\u00e1sa m\u00e1r a tehets\u00e9g\u00fckt\u0151l f\u00fcgg.<div class=\"wordtube\">\n<div class=\"wordtube single441\" id=\"WT1_1\" style=\"width:320px; height:240px;\">\n<a href=\"http:\/\/www.macromedia.com\/go\/getflashplayer\">Get the Flash Player<\/a> to see the wordTube Media Player.\n<\/div><\/div>\n\t<script type=\"text\/javascript\" defer=\"defer\">\nvar WT1_1 = {\n\tparams : {\n\t\twmode : \"opaque\",\n\t\tallowscriptaccess : \"always\",\n\t\tallownetworking : \"all\",\n\t\tallowfullscreen : \"true\"},\n\tflashvars : {\n\t\tfile : \"http%3A%2F%2Fwww.agriatv.hu%2Fwp-content%2Fuploads%2F2011%2F11%2F1129eventus.flv\",\n\t\tvolume : \"80\",\n\t\tbufferlength : \"5\",\n\t\tquality : \"false\",\n\t\t'logo.hide' : \"false\",\n\t\timage : \"http%3A%2F%2Fwww.agriatv.hu%2Fwp-content%2Fuploads%2F2011%2F11%2F1129eventus.jpg\",\n\t\ttitle : \"1129eventus.flv\",\n\t\tlinktarget : \"_self\"},\n\tattr : {\n\t\tid : \"WT1\",\n\t\tname : \"WT1\"},\n\tstart : function() {\n\t\tswfobject.embedSWF(\"https:\/\/www.agriatv.hu\/\/player.swf\", \"WT1_1\", \"320\", \"240\", \"9.0.0\", false, this.flashvars, this.params , this.attr );\n\t}\n}\nWT1_1.start();\n\t<\/script>\n<br \/>\nAz iskola fontosnak tartja, hogy lehet\u0151s\u00e9get adjon a di\u00e1kok kibontakoz\u00e1s\u00e1nak, hogy ki\u00e1ll\u00edt\u00e1sokon mutatkozzanak be, ez\u00e1ltal boldogulni tudjanak az \u00e9letben. E c\u00e9lb\u00f3l adventi k\u00e9zm\u0171ves v\u00e1s\u00e1rt tart az iskol\u00e1ban, \u00e9s az iskola folyos\u00f3j\u00e1t is megnyitja a nagyk\u00f6z\u00f6ns\u00e9g el\u0151tt december 18-\u00e1n. Eventusos n\u00f6vend\u00e9kek m\u0171veib\u0151l ki\u00e1ll\u00edt\u00e1s ny\u00edlik hamarosan egy helyi kereskedelmi bankban \u00e9s a G\u00e1rdonyi G\u00e9za Sz\u00ednh\u00e1zban is.<\/p>\n<p>Forr\u00e1s: <a href=\"http:\/\/egriszin.hu\">Egrisz\u00edn<\/a><\/p>\n","protected":false},"excerpt":{"rendered":"<p>Az Eventus M\u0171v\u00e9szeti Szakiskola tervei k\u00f6z\u00f6tt szerepel, hogy nyit a lakoss\u00e1g fel\u00e9, \u00e9s olyan nyilv\u00e1nos ki\u00e1ll\u00edt\u00e1sokat szerveznek a v\u00e1ros int\u00e9zm\u00e9nyeiben \u00e9s az iskola falain bel\u00fcl, ami seg\u00edti di\u00e1kjaik \u00e9rv\u00e9nyes\u00fcl\u00e9s\u00e9t az \u00e9letben.<br \/>\nEnnek egyik esem\u00e9nye volt a keddi ki\u00e1ll\u00edt\u00e1s megnyit\u00f3, amely az iskola folyos\u00f3ly\u00e1n, szinte tan\u00f3ra szer\u0171en zajlott. Bajn\u00f3czki Hajnalka: F\u00e9ny \u00e9s \u00e1rny\u00e9k c\u00edm\u0171 ceruzarajzos ki\u00e1ll\u00edt\u00e1s\u00e1t \u00e9lete [&#8230;]<\/p>\n","protected":false},"author":4,"featured_media":0,"comment_status":"open","ping_status":"open","sticky":false,"template":"","format":"standard","meta":{"footnotes":""},"categories":[9],"tags":[696,91],"class_list":["post-5975","post","type-post","status-publish","format-standard","hentry","category-oktatas","tag-eventus","tag-kiallitas"],"_links":{"self":[{"href":"https:\/\/www.agriatv.hu\/index.php?rest_route=\/wp\/v2\/posts\/5975","targetHints":{"allow":["GET"]}}],"collection":[{"href":"https:\/\/www.agriatv.hu\/index.php?rest_route=\/wp\/v2\/posts"}],"about":[{"href":"https:\/\/www.agriatv.hu\/index.php?rest_route=\/wp\/v2\/types\/post"}],"author":[{"embeddable":true,"href":"https:\/\/www.agriatv.hu\/index.php?rest_route=\/wp\/v2\/users\/4"}],"replies":[{"embeddable":true,"href":"https:\/\/www.agriatv.hu\/index.php?rest_route=%2Fwp%2Fv2%2Fcomments&post=5975"}],"version-history":[{"count":1,"href":"https:\/\/www.agriatv.hu\/index.php?rest_route=\/wp\/v2\/posts\/5975\/revisions"}],"predecessor-version":[{"id":5977,"href":"https:\/\/www.agriatv.hu\/index.php?rest_route=\/wp\/v2\/posts\/5975\/revisions\/5977"}],"wp:attachment":[{"href":"https:\/\/www.agriatv.hu\/index.php?rest_route=%2Fwp%2Fv2%2Fmedia&parent=5975"}],"wp:term":[{"taxonomy":"category","embeddable":true,"href":"https:\/\/www.agriatv.hu\/index.php?rest_route=%2Fwp%2Fv2%2Fcategories&post=5975"},{"taxonomy":"post_tag","embeddable":true,"href":"https:\/\/www.agriatv.hu\/index.php?rest_route=%2Fwp%2Fv2%2Ftags&post=5975"}],"curies":[{"name":"wp","href":"https:\/\/api.w.org\/{rel}","templated":true}]}}