{"id":5978,"date":"2011-11-29T15:05:35","date_gmt":"2011-11-29T15:05:35","guid":{"rendered":"http:\/\/www.agriatv.hu\/?p=5978"},"modified":"2011-11-29T15:05:35","modified_gmt":"2011-11-29T15:05:35","slug":"koltozik-a-heves-megyei-kormanyhivatal-erdeszeti-igazgatosaga","status":"publish","type":"post","link":"https:\/\/www.agriatv.hu\/?p=5978","title":{"rendered":"K\u00f6lt\u00f6zik a Heves Megyei Korm\u00e1nyhivatal Erd\u00e9szeti Igazgat\u00f3s\u00e1ga"},"content":{"rendered":"<p>&nbsp;<\/p>\n<p><img loading=\"lazy\" decoding=\"async\" class=\"alignleft\" src=\"http:\/\/www.egriszin.hu\/RenderedContents\/IndexImages\/8\/8693-20111129122122-kormanyhivatal.JPG\" alt=\"\" width=\"150\" height=\"143\" \/><\/p>\n<p><strong>A Heves Megyei Korm\u00e1nyhivatal Erd\u00e9szeti Igazgat\u00f3s\u00e1ga t\u00e1j\u00e9koztatja \u00fcgyfeleit \u00e9s a t\u00e1rshat\u00f3s\u00e1gokat, hogy az igazgat\u00f3s\u00e1g jelenlegi sz\u00e9khely\u00e9r\u0151l (Eger, Klapka Gy\u00f6rgy u. 1\/b.) elk\u00f6lt\u00f6zik, c\u00edme megv\u00e1ltozik.<br \/>\n<\/strong><\/p>\n<div align=\"justify\">\u00a0Az \u00faj c\u00edm: Eger, Sz\u00f6vetkezet u. 4.<br \/>\nA tov\u00e1bbi el\u00e9rhet\u0151s\u00e9gek v\u00e1ltozatlanok:<br \/>\nPostac\u00edm: 3301 Eger, Pf. 41.<br \/>\nTelefon: 36 \/ 510-570, Fax: 36 \/ 510-597<br \/>\nE-mail: aeszeger@aesz.hu<br \/>\nA c\u00edmv\u00e1ltoz\u00e1s hivatalos napja 2011. december 1.<br \/>\nA k\u00f6lt\u00f6z\u00e9s november 29. \u00e9s december 2. k\u00f6z\u00f6tt t\u00f6rt\u00e9nik, ebben az id\u0151szakban az e-mailes el\u00e9rhet\u0151s\u00e9g nem biztos\u00edtott, az \u00fcgyf\u00e9lfogad\u00e1s sz\u00fcnetel.<br \/>\nAz ebb\u0151l ered\u0151 esetleges kellemetlens\u00e9gek miatt az \u00fcgyfelek meg\u00e9rt\u00e9s\u00e9t k\u00e9ri az igazgat\u00f3s\u00e1g.<\/div>\n","protected":false},"excerpt":{"rendered":"<p>&nbsp;<\/p>\n<p>A Heves Megyei Korm\u00e1nyhivatal Erd\u00e9szeti Igazgat\u00f3s\u00e1ga t\u00e1j\u00e9koztatja \u00fcgyfeleit \u00e9s a t\u00e1rshat\u00f3s\u00e1gokat, hogy az igazgat\u00f3s\u00e1g jelenlegi sz\u00e9khely\u00e9r\u0151l (Eger, Klapka Gy\u00f6rgy u. 1\/b.) elk\u00f6lt\u00f6zik, c\u00edme megv\u00e1ltozik.<\/p>\n<p>\u00a0Az \u00faj c\u00edm: Eger, Sz\u00f6vetkezet u. 4.<br \/>\nA tov\u00e1bbi el\u00e9rhet\u0151s\u00e9gek v\u00e1ltozatlanok:<br \/>\nPostac\u00edm: 3301 Eger, Pf. 41.<br \/>\nTelefon: 36 \/ 510-570, Fax: 36 \/ 510-597<br \/>\nE-mail: aeszeger@aesz.hu<br \/>\nA c\u00edmv\u00e1ltoz\u00e1s hivatalos napja 2011. december 1.<br \/>\nA k\u00f6lt\u00f6z\u00e9s november 29. \u00e9s [&#8230;]<\/p>\n","protected":false},"author":4,"featured_media":0,"comment_status":"open","ping_status":"open","sticky":false,"template":"","format":"standard","meta":{"footnotes":""},"categories":[6],"tags":[697],"class_list":["post-5978","post","type-post","status-publish","format-standard","hentry","category-belfold","tag-erdeszeti-igazgatosag"],"_links":{"self":[{"href":"https:\/\/www.agriatv.hu\/index.php?rest_route=\/wp\/v2\/posts\/5978","targetHints":{"allow":["GET"]}}],"collection":[{"href":"https:\/\/www.agriatv.hu\/index.php?rest_route=\/wp\/v2\/posts"}],"about":[{"href":"https:\/\/www.agriatv.hu\/index.php?rest_route=\/wp\/v2\/types\/post"}],"author":[{"embeddable":true,"href":"https:\/\/www.agriatv.hu\/index.php?rest_route=\/wp\/v2\/users\/4"}],"replies":[{"embeddable":true,"href":"https:\/\/www.agriatv.hu\/index.php?rest_route=%2Fwp%2Fv2%2Fcomments&post=5978"}],"version-history":[{"count":2,"href":"https:\/\/www.agriatv.hu\/index.php?rest_route=\/wp\/v2\/posts\/5978\/revisions"}],"predecessor-version":[{"id":5980,"href":"https:\/\/www.agriatv.hu\/index.php?rest_route=\/wp\/v2\/posts\/5978\/revisions\/5980"}],"wp:attachment":[{"href":"https:\/\/www.agriatv.hu\/index.php?rest_route=%2Fwp%2Fv2%2Fmedia&parent=5978"}],"wp:term":[{"taxonomy":"category","embeddable":true,"href":"https:\/\/www.agriatv.hu\/index.php?rest_route=%2Fwp%2Fv2%2Fcategories&post=5978"},{"taxonomy":"post_tag","embeddable":true,"href":"https:\/\/www.agriatv.hu\/index.php?rest_route=%2Fwp%2Fv2%2Ftags&post=5978"}],"curies":[{"name":"wp","href":"https:\/\/api.w.org\/{rel}","templated":true}]}}