{"id":5981,"date":"2011-11-30T09:47:50","date_gmt":"2011-11-30T09:47:50","guid":{"rendered":"http:\/\/www.agriatv.hu\/?p=5981"},"modified":"2011-12-01T09:49:00","modified_gmt":"2011-12-01T09:49:00","slug":"sos-istvan-fejlodik-a-korzetem","status":"publish","type":"post","link":"https:\/\/www.agriatv.hu\/?p=5981","title":{"rendered":"S\u00f3s Istv\u00e1n: fejl\u0151dik a k\u00f6rzetem"},"content":{"rendered":"<p><a href=\"https:\/\/www.agriatv.hu\/wp-content\/uploads\/2011\/12\/1130sos.jpg\"><img loading=\"lazy\" decoding=\"async\" class=\"alignleft size-medium wp-image-5982\" title=\"1130sos\" src=\"https:\/\/www.agriatv.hu\/wp-content\/uploads\/2011\/12\/1130sos-300x240.jpg\" alt=\"\" width=\"151\" height=\"87\" \/><\/a>Az elm\u00falt id\u0151szakban elv\u00e9gzett munk\u00e1r\u00f3l, \u00e9s a j\u00f6v\u0151beni feladatokr\u00f3l tartott sajt\u00f3t\u00e1j\u00e9koztat\u00f3t S\u00f3s Istv\u00e1n alpolg\u00e1rmester, a 3. sz. k\u00f6rzet k\u00e9pvisel\u0151je.<div class=\"wordtube\">\n<div class=\"wordtube single442\" id=\"WT1_1\" style=\"width:320px; height:240px;\">\n<a href=\"http:\/\/www.macromedia.com\/go\/getflashplayer\">Get the Flash Player<\/a> to see the wordTube Media Player.\n<\/div><\/div>\n\t<script type=\"text\/javascript\" defer=\"defer\">\nvar WT1_1 = {\n\tparams : {\n\t\twmode : \"opaque\",\n\t\tallowscriptaccess : \"always\",\n\t\tallownetworking : \"all\",\n\t\tallowfullscreen : \"true\"},\n\tflashvars : {\n\t\tfile : \"http%3A%2F%2Fwww.agriatv.hu%2Fwp-content%2Fuploads%2F2011%2F12%2F1130sos.flv\",\n\t\tvolume : \"80\",\n\t\tbufferlength : \"5\",\n\t\tquality : \"false\",\n\t\t'logo.hide' : \"false\",\n\t\timage : \"http%3A%2F%2Fwww.agriatv.hu%2Fwp-content%2Fuploads%2F2011%2F12%2F1130sos_V.jpg\",\n\t\ttitle : \"1130sos.flv\",\n\t\tlinktarget : \"_self\"},\n\tattr : {\n\t\tid : \"WT1\",\n\t\tname : \"WT1\"},\n\tstart : function() {\n\t\tswfobject.embedSWF(\"https:\/\/www.agriatv.hu\/\/player.swf\", \"WT1_1\", \"320\", \"240\", \"9.0.0\", false, this.flashvars, this.params , this.attr );\n\t}\n}\nWT1_1.start();\n\t<\/script>\n<\/p>\n","protected":false},"excerpt":{"rendered":"<p>Az elm\u00falt id\u0151szakban elv\u00e9gzett munk\u00e1r\u00f3l, \u00e9s a j\u00f6v\u0151beni feladatokr\u00f3l tartott sajt\u00f3t\u00e1j\u00e9koztat\u00f3t S\u00f3s Istv\u00e1n alpolg\u00e1rmester, a 3. sz. k\u00f6rzet k\u00e9pvisel\u0151je.<\/p>\n","protected":false},"author":4,"featured_media":0,"comment_status":"open","ping_status":"open","sticky":false,"template":"","format":"standard","meta":{"footnotes":""},"categories":[3],"tags":[698,173],"class_list":["post-5981","post","type-post","status-publish","format-standard","hentry","category-politika","tag-3-sz-korzet","tag-sos-istvan"],"_links":{"self":[{"href":"https:\/\/www.agriatv.hu\/index.php?rest_route=\/wp\/v2\/posts\/5981","targetHints":{"allow":["GET"]}}],"collection":[{"href":"https:\/\/www.agriatv.hu\/index.php?rest_route=\/wp\/v2\/posts"}],"about":[{"href":"https:\/\/www.agriatv.hu\/index.php?rest_route=\/wp\/v2\/types\/post"}],"author":[{"embeddable":true,"href":"https:\/\/www.agriatv.hu\/index.php?rest_route=\/wp\/v2\/users\/4"}],"replies":[{"embeddable":true,"href":"https:\/\/www.agriatv.hu\/index.php?rest_route=%2Fwp%2Fv2%2Fcomments&post=5981"}],"version-history":[{"count":3,"href":"https:\/\/www.agriatv.hu\/index.php?rest_route=\/wp\/v2\/posts\/5981\/revisions"}],"predecessor-version":[{"id":5985,"href":"https:\/\/www.agriatv.hu\/index.php?rest_route=\/wp\/v2\/posts\/5981\/revisions\/5985"}],"wp:attachment":[{"href":"https:\/\/www.agriatv.hu\/index.php?rest_route=%2Fwp%2Fv2%2Fmedia&parent=5981"}],"wp:term":[{"taxonomy":"category","embeddable":true,"href":"https:\/\/www.agriatv.hu\/index.php?rest_route=%2Fwp%2Fv2%2Fcategories&post=5981"},{"taxonomy":"post_tag","embeddable":true,"href":"https:\/\/www.agriatv.hu\/index.php?rest_route=%2Fwp%2Fv2%2Ftags&post=5981"}],"curies":[{"name":"wp","href":"https:\/\/api.w.org\/{rel}","templated":true}]}}