{"id":6219,"date":"2011-12-22T16:37:47","date_gmt":"2011-12-22T16:37:47","guid":{"rendered":"http:\/\/www.agriatv.hu\/?p=6219"},"modified":"2011-12-23T20:30:37","modified_gmt":"2011-12-23T20:30:37","slug":"gazdara-leltek-a-ciposdobozok","status":"publish","type":"post","link":"https:\/\/www.agriatv.hu\/?p=6219","title":{"rendered":"Gazd\u00e1ra leltek a cip\u0151sdobozok"},"content":{"rendered":"<p>&nbsp;<\/p>\n<p><img loading=\"lazy\" decoding=\"async\" class=\"alignleft\" src=\"http:\/\/www.egriszin.hu\/RenderedContents\/IndexImages\/8\/8811-20111223121940-749E3739.JPG\" alt=\"\" width=\"150\" height=\"100\" \/> <strong>Egerben is meghirdette id\u00e9n &#8222;Cip\u0151sdoboz&#8221; akci\u00f3j\u00e1t a Baptista Szeretetszolg\u00e1la. A be\u00e9rkezett aj\u00e1nd\u00e9kdobozok \u00e1tad\u00e1s\u00e1ra szerd\u00e1n ker\u00fclt sor a gy\u00fclekezet imah\u00e1z\u00e1ban.<\/strong><\/p>\n<div align=\"justify\">K\u00f6zel 300 gyermeknek szereznek \u00f6r\u00f6met az egriek a Baptista Szeretetszolg\u00e1lat akci\u00f3j\u00e1ban, melynek orsz\u00e1gos f\u0151v\u00e9dn\u00f6k Schmitt P\u00e1ln\u00e9 Makrai Katalin, a k\u00f6zt\u00e1rsas\u00e1gi eln\u00f6k feles\u00e9ge.<br \/>\nEgerben sokan \u00e9rdekl\u0151dtek, sokan aj\u00e1nd\u00e9koztak, f\u0151k\u00e9nt mag\u00e1nszem\u00e9lyek, de int\u00e9zm\u00e9nyek is csatlakoztak az imm\u00e1r hatodik \u00e9ve fenn\u00e1ll\u00f3 programhoz, s a kezdem\u00e9nyez\u00e9s siker\u00e9t <em>R\u00e1zsi Botond<\/em> alpolg\u00e1rmester is seg\u00edtette. \u0150 mondott k\u00f6sz\u00f6nt\u0151t a szerdai aj\u00e1nd\u00e9k \u00e1tad\u00f3 \u00fcnneps\u00e9gen, ahol hangs\u00falyozta, hogy igazi egri akci\u00f3v\u00e1 v\u00e1lt az orsz\u00e1gos aj\u00e1nd\u00e9kgy\u0171jt\u00e9s. \u00c9rkeztek gyermekek az aj\u00e1nd\u00e9kok \u00e1tv\u00e9tel\u00e9re a Csal\u00e1dok \u00c1tmeneti Otthon\u00e1b\u00f3l, egri \u00f3vod\u00e1b\u00f3l \u00e9s iskol\u00e1b\u00f3l, s a gyermekj\u00f3l\u00e9ti szolg\u00e1lat is seg\u00edtett azon gyermekek felkutat\u00e1s\u00e1ban, akinek a boldog Kar\u00e1csonyhoz val\u00f3ban sz\u00fcks\u00e9ge van az \u00f6sszefog\u00e1ssal gy\u0171jt\u00f6tt aj\u00e1nd\u00e9kra.<\/div>\n<div align=\"justify\">Egerben a helyi Baptista Gy\u00fclekezet v\u00e9gezte a gy\u0171jt\u00e9st, az EVAT Zrt.-vel egy\u00fcttm\u0171k\u00f6d\u00e9sben, a cip\u0151sdoboz-aj\u00e1nd\u00e9kokat le lehetett adni a Dob\u00f3 t\u00e9ri kar\u00e1csonyi v\u00e1s\u00e1rban is.<\/div>\n<p><em>Kov\u00e1cs D\u00e1niel<\/em> lelkip\u00e1sztor az \u00fcnneps\u00e9gen arr\u00f3l besz\u00e9lt: Isten gyermekk\u00e9nt j\u00f6tt erre a vil\u00e1gra, a Kar\u00e1csony a meg\u00edg\u00e9rt szabad\u00edt\u00f3, J\u00e9zus Krisztus F\u00f6ldre \u00e9rkez\u00e9s\u00e9r\u0151l sz\u00f3l. Az\u00e9rt j\u00f6tt Isten gyermekk\u00e9nt, kicsik\u00e9nt, hogy megfoghat\u00f3v\u00e1, el\u00e9rhet\u0151v\u00e9 v\u00e1ljon.<br \/>\nEz a J\u00e9zus meghalt a b\u0171neik\u00e9rt, harmadnapon felt\u00e1madt \u00e9s ez a csoda szem\u00e9lyess\u00e9 v\u00e1lhat a gyermekek, de sz\u00fcleik sz\u00e1m\u00e1ra is, ha nyitott sz\u00edvvel, hittel tesznek egy l\u00e9p\u00e9st.<\/p>\n<p>Fot\u00f3: Nemes R\u00f3bert<\/p>\n","protected":false},"excerpt":{"rendered":"<p>&nbsp;<br \/>\n Egerben is meghirdette id\u00e9n &#8222;Cip\u0151sdoboz&#8221; akci\u00f3j\u00e1t a Baptista Szeretetszolg\u00e1la. A be\u00e9rkezett aj\u00e1nd\u00e9kdobozok \u00e1tad\u00e1s\u00e1ra szerd\u00e1n ker\u00fclt sor a gy\u00fclekezet imah\u00e1z\u00e1ban.<br \/>\nK\u00f6zel 300 gyermeknek szereznek \u00f6r\u00f6met az egriek a Baptista Szeretetszolg\u00e1lat akci\u00f3j\u00e1ban, melynek orsz\u00e1gos f\u0151v\u00e9dn\u00f6k Schmitt P\u00e1ln\u00e9 Makrai Katalin, a k\u00f6zt\u00e1rsas\u00e1gi eln\u00f6k feles\u00e9ge.<br \/>\nEgerben sokan \u00e9rdekl\u0151dtek, sokan aj\u00e1nd\u00e9koztak, f\u0151k\u00e9nt mag\u00e1nszem\u00e9lyek, de int\u00e9zm\u00e9nyek is csatlakoztak az imm\u00e1r hatodik \u00e9ve [&#8230;]<\/p>\n","protected":false},"author":4,"featured_media":0,"comment_status":"open","ping_status":"open","sticky":false,"template":"","format":"standard","meta":{"footnotes":""},"categories":[6],"tags":[27,789,658],"class_list":["post-6219","post","type-post","status-publish","format-standard","hentry","category-belfold","tag-adomany","tag-ciposdoboz","tag-karacsony"],"_links":{"self":[{"href":"https:\/\/www.agriatv.hu\/index.php?rest_route=\/wp\/v2\/posts\/6219","targetHints":{"allow":["GET"]}}],"collection":[{"href":"https:\/\/www.agriatv.hu\/index.php?rest_route=\/wp\/v2\/posts"}],"about":[{"href":"https:\/\/www.agriatv.hu\/index.php?rest_route=\/wp\/v2\/types\/post"}],"author":[{"embeddable":true,"href":"https:\/\/www.agriatv.hu\/index.php?rest_route=\/wp\/v2\/users\/4"}],"replies":[{"embeddable":true,"href":"https:\/\/www.agriatv.hu\/index.php?rest_route=%2Fwp%2Fv2%2Fcomments&post=6219"}],"version-history":[{"count":5,"href":"https:\/\/www.agriatv.hu\/index.php?rest_route=\/wp\/v2\/posts\/6219\/revisions"}],"predecessor-version":[{"id":6224,"href":"https:\/\/www.agriatv.hu\/index.php?rest_route=\/wp\/v2\/posts\/6219\/revisions\/6224"}],"wp:attachment":[{"href":"https:\/\/www.agriatv.hu\/index.php?rest_route=%2Fwp%2Fv2%2Fmedia&parent=6219"}],"wp:term":[{"taxonomy":"category","embeddable":true,"href":"https:\/\/www.agriatv.hu\/index.php?rest_route=%2Fwp%2Fv2%2Fcategories&post=6219"},{"taxonomy":"post_tag","embeddable":true,"href":"https:\/\/www.agriatv.hu\/index.php?rest_route=%2Fwp%2Fv2%2Ftags&post=6219"}],"curies":[{"name":"wp","href":"https:\/\/api.w.org\/{rel}","templated":true}]}}