{"id":6221,"date":"2011-12-22T16:38:49","date_gmt":"2011-12-22T16:38:49","guid":{"rendered":"http:\/\/www.agriatv.hu\/?p=6221"},"modified":"2011-12-22T16:55:23","modified_gmt":"2011-12-22T16:55:23","slug":"60-millios-tamogatas-az-egri-szinhaznak","status":"publish","type":"post","link":"https:\/\/www.agriatv.hu\/?p=6221","title":{"rendered":"60 milli\u00f3s t\u00e1mogat\u00e1s az egri sz\u00ednh\u00e1znak"},"content":{"rendered":"<p>&nbsp;<\/p>\n<p><img loading=\"lazy\" decoding=\"async\" class=\"alignleft\" src=\"http:\/\/www.egriszin.hu\/RenderedContents\/IndexImages\/8\/8808-20111222111335-szinhaz_3.JPG\" alt=\"\" width=\"150\" height=\"113\" \/><\/p>\n<p><strong>Meg\u00e9rkezett a Nemzeti Er\u0151forr\u00e1s Miniszt\u00e9rium\u00e1nak 40 milli\u00f3 forintos t\u00e1mogat\u00e1sa, amelyet m\u0171k\u00f6d\u00e9si c\u00e9lokra haszn\u00e1lhat fel az egri t\u00e1rsulat 2011. okt\u00f3ber 1. -2012. j\u00fanius 30. k\u00f6z\u00f6tt. <\/strong><\/p>\n<div align=\"justify\">Ezt tov\u00e1bbi el\u0151ad\u00e1sok l\u00e9trehoz\u00e1s\u00e1ra ford\u00edtjuk \u2013 jelentette be <em>Blask\u00f3 Bal\u00e1zs<\/em>, a G\u00e1rdonyi G\u00e9za Sz\u00ednh\u00e1z igazgat\u00f3ja. A direktor azt is elmondta, hogy a teljes t\u00e1rsas\u00e1gi ad\u00f3 felaj\u00e1nl\u00e1st be tudja fogadni a sz\u00ednh\u00e1z. &#8211; Ez azt jelenti, hogy a tavalyi napt\u00e1ri \u00e9v jegybev\u00e9tel\u00e9nek 80%-ig kaphat t\u00e1mogat\u00e1st, a kor\u00e1bbiakban befogadtakat ez jelenleg m\u00e9g 22 milli\u00f3 forinttal eg\u00e9sz\u00edti ki. Ezt is alapfeladataink ell\u00e1t\u00e1s\u00e1ra ford\u00edtjuk, \u00edgy lesz biztos\u00edtott az \u00e9vad.<\/div>\n","protected":false},"excerpt":{"rendered":"<p>&nbsp;<\/p>\n<p>Meg\u00e9rkezett a Nemzeti Er\u0151forr\u00e1s Miniszt\u00e9rium\u00e1nak 40 milli\u00f3 forintos t\u00e1mogat\u00e1sa, amelyet m\u0171k\u00f6d\u00e9si c\u00e9lokra haszn\u00e1lhat fel az egri t\u00e1rsulat 2011. okt\u00f3ber 1. -2012. j\u00fanius 30. k\u00f6z\u00f6tt.<br \/>\nEzt tov\u00e1bbi el\u0151ad\u00e1sok l\u00e9trehoz\u00e1s\u00e1ra ford\u00edtjuk \u2013 jelentette be Blask\u00f3 Bal\u00e1zs, a G\u00e1rdonyi G\u00e9za Sz\u00ednh\u00e1z igazgat\u00f3ja. A direktor azt is elmondta, hogy a teljes t\u00e1rsas\u00e1gi ad\u00f3 felaj\u00e1nl\u00e1st be tudja fogadni a sz\u00ednh\u00e1z. [&#8230;]<\/p>\n","protected":false},"author":4,"featured_media":0,"comment_status":"open","ping_status":"open","sticky":false,"template":"","format":"standard","meta":{"footnotes":""},"categories":[8,4],"tags":[790,57,423],"class_list":["post-6221","post","type-post","status-publish","format-standard","hentry","category-kultura","category-szabadido","tag-direktor","tag-szinhaz","tag-tamogatas"],"_links":{"self":[{"href":"https:\/\/www.agriatv.hu\/index.php?rest_route=\/wp\/v2\/posts\/6221","targetHints":{"allow":["GET"]}}],"collection":[{"href":"https:\/\/www.agriatv.hu\/index.php?rest_route=\/wp\/v2\/posts"}],"about":[{"href":"https:\/\/www.agriatv.hu\/index.php?rest_route=\/wp\/v2\/types\/post"}],"author":[{"embeddable":true,"href":"https:\/\/www.agriatv.hu\/index.php?rest_route=\/wp\/v2\/users\/4"}],"replies":[{"embeddable":true,"href":"https:\/\/www.agriatv.hu\/index.php?rest_route=%2Fwp%2Fv2%2Fcomments&post=6221"}],"version-history":[{"count":3,"href":"https:\/\/www.agriatv.hu\/index.php?rest_route=\/wp\/v2\/posts\/6221\/revisions"}],"predecessor-version":[{"id":6226,"href":"https:\/\/www.agriatv.hu\/index.php?rest_route=\/wp\/v2\/posts\/6221\/revisions\/6226"}],"wp:attachment":[{"href":"https:\/\/www.agriatv.hu\/index.php?rest_route=%2Fwp%2Fv2%2Fmedia&parent=6221"}],"wp:term":[{"taxonomy":"category","embeddable":true,"href":"https:\/\/www.agriatv.hu\/index.php?rest_route=%2Fwp%2Fv2%2Fcategories&post=6221"},{"taxonomy":"post_tag","embeddable":true,"href":"https:\/\/www.agriatv.hu\/index.php?rest_route=%2Fwp%2Fv2%2Ftags&post=6221"}],"curies":[{"name":"wp","href":"https:\/\/api.w.org\/{rel}","templated":true}]}}