{"id":6229,"date":"2011-12-23T13:34:58","date_gmt":"2011-12-23T13:34:58","guid":{"rendered":"http:\/\/www.agriatv.hu\/?p=6229"},"modified":"2011-12-23T13:34:58","modified_gmt":"2011-12-23T13:34:58","slug":"magyar-teatrumi-dijat-kapott-meszaros-sandor","status":"publish","type":"post","link":"https:\/\/www.agriatv.hu\/?p=6229","title":{"rendered":"Magyar Te\u00e1trumi d\u00edjat kapott M\u00e9sz\u00e1ros S\u00e1ndor"},"content":{"rendered":"<p>&nbsp;<\/p>\n<p><img loading=\"lazy\" decoding=\"async\" class=\"alignleft\" src=\"http:\/\/www.egriszin.hu\/RenderedContents\/IndexImages\/8\/8813-20111222224522-meszaros_sandor.JPG\" alt=\"\" width=\"107\" height=\"150\" \/><\/p>\n<p><strong>Kiosztott\u00e1k a Magyar Te\u00e1trumi d\u00edjakat cs\u00fct\u00f6rt\u00f6k\u00f6n este B\u00e9k\u00e9scsab\u00e1n. A legjobb sz\u00ednpadmesternek j\u00e1r\u00f3 elismer\u00e9st az egri t\u00e1rsulat tagja,\u00a0 M\u00e9sz\u00e1ros S\u00e1ndor kapta.<\/strong><\/p>\n<p align=\"justify\">A Magyar Te\u00e1trumi T\u00e1rsas\u00e1g kezdem\u00e9nyezte a h\u00e1tt\u00e9rdolgoz\u00f3k d\u00edjaz\u00e1s\u00e1t, akiknek munk\u00e1ja n\u00e9lk\u00fcl nem j\u00f6nne l\u00e9tre est\u00e9r\u0151l-est\u00e9re el\u0151ad\u00e1s. A sz\u00ednh\u00e1zak m\u00e1sodik alkalommal jel\u00f6lhettek. A d\u00edj egy bearanyozott csap\u00e1gy, mely az egym\u00e1st kieg\u00e9sz\u00edt\u0151, seg\u00edt\u0151 munk\u00e1t hivatott szimboliz\u00e1lni egy sz\u00ednpadi produkci\u00f3 \u00e9let\u00e9ben.<br \/>\nId\u00e9n az egri <em>M\u00e9sz\u00e1ros S\u00e1ndor <\/em>az egyik kit\u00fcntetett. A G\u00e1rdonyi G\u00e9za Sz\u00ednh\u00e1z \u00f6r\u00f6k\u00f6s tagja december 22-\u00e9n vehette \u00e1t az orsz\u00e1g legjobb sz\u00ednpadmestere elismer\u00e9st a B\u00e9k\u00e9s megyei J\u00f3kai Sz\u00ednh\u00e1zban.<\/p>\n<p align=\"justify\">&#8222;Igaz\u00e1n nagy meglepet\u00e9s volt ez a d\u00edj . V\u00e9letlen\u00fcl ker\u00fcltem a sz\u00ednh\u00e1zhoz, katonas\u00e1g ut\u00e1n egy bar\u00e1tomnak k\u00f6sz\u00f6nhetem, hogy felvettek 1972-ben, amikor az egri sz\u00ednh\u00e1z m\u00e9g Miskolchoz tartozott. Azt\u00e1n 1985-ben megalakult az \u00f6n\u00e1ll\u00f3 t\u00e1rsulat, \u00e9n meg jelentkeztem. D\u00edsz\u00edt\u0151k\u00e9nt, sz\u00ednpadmesterk\u00e9nt, majd megb\u00edzott m\u0171szaki vezet\u0151k\u00e9nt dolgoztam. Els\u0151 perct\u0151l kezdve megtetszett a sz\u00ednh\u00e1z, j\u00f3 volt a megfigyel\u0151k\u00e9pess\u00e9gem, gyorsan tanultam. Nagyon j\u00f3 szakemberek vettek k\u00f6r\u00fcl, el\u0151bb t\u0151l\u00fck lestem el a szakma cs\u00ednj\u00e1t-b\u00ednj\u00e1t, majd elv\u00e9geztem az iskol\u00e1t. Ma m\u00e1r elmondhatom, hogy szinte minden zeg\u00e9t-zug\u00e1t ismerem a sz\u00ednh\u00e1znak&#8221; \u2013 mondta M\u00e9sz\u00e1ros S\u00e1ndor.<\/p>\n","protected":false},"excerpt":{"rendered":"<p>&nbsp;<\/p>\n<p>Kiosztott\u00e1k a Magyar Te\u00e1trumi d\u00edjakat cs\u00fct\u00f6rt\u00f6k\u00f6n este B\u00e9k\u00e9scsab\u00e1n. A legjobb sz\u00ednpadmesternek j\u00e1r\u00f3 elismer\u00e9st az egri t\u00e1rsulat tagja,\u00a0 M\u00e9sz\u00e1ros S\u00e1ndor kapta.<br \/>\nA Magyar Te\u00e1trumi T\u00e1rsas\u00e1g kezdem\u00e9nyezte a h\u00e1tt\u00e9rdolgoz\u00f3k d\u00edjaz\u00e1s\u00e1t, akiknek munk\u00e1ja n\u00e9lk\u00fcl nem j\u00f6nne l\u00e9tre est\u00e9r\u0151l-est\u00e9re el\u0151ad\u00e1s. A sz\u00ednh\u00e1zak m\u00e1sodik alkalommal jel\u00f6lhettek. A d\u00edj egy bearanyozott csap\u00e1gy, mely az egym\u00e1st kieg\u00e9sz\u00edt\u0151, seg\u00edt\u0151 munk\u00e1t hivatott szimboliz\u00e1lni egy sz\u00ednpadi [&#8230;]<\/p>\n","protected":false},"author":4,"featured_media":0,"comment_status":"open","ping_status":"open","sticky":false,"template":"","format":"standard","meta":{"footnotes":""},"categories":[8],"tags":[793,791,792],"class_list":["post-6229","post","type-post","status-publish","format-standard","hentry","category-kultura","tag-dij","tag-meszaros-sandor","tag-teatrum"],"_links":{"self":[{"href":"https:\/\/www.agriatv.hu\/index.php?rest_route=\/wp\/v2\/posts\/6229","targetHints":{"allow":["GET"]}}],"collection":[{"href":"https:\/\/www.agriatv.hu\/index.php?rest_route=\/wp\/v2\/posts"}],"about":[{"href":"https:\/\/www.agriatv.hu\/index.php?rest_route=\/wp\/v2\/types\/post"}],"author":[{"embeddable":true,"href":"https:\/\/www.agriatv.hu\/index.php?rest_route=\/wp\/v2\/users\/4"}],"replies":[{"embeddable":true,"href":"https:\/\/www.agriatv.hu\/index.php?rest_route=%2Fwp%2Fv2%2Fcomments&post=6229"}],"version-history":[{"count":2,"href":"https:\/\/www.agriatv.hu\/index.php?rest_route=\/wp\/v2\/posts\/6229\/revisions"}],"predecessor-version":[{"id":6231,"href":"https:\/\/www.agriatv.hu\/index.php?rest_route=\/wp\/v2\/posts\/6229\/revisions\/6231"}],"wp:attachment":[{"href":"https:\/\/www.agriatv.hu\/index.php?rest_route=%2Fwp%2Fv2%2Fmedia&parent=6229"}],"wp:term":[{"taxonomy":"category","embeddable":true,"href":"https:\/\/www.agriatv.hu\/index.php?rest_route=%2Fwp%2Fv2%2Fcategories&post=6229"},{"taxonomy":"post_tag","embeddable":true,"href":"https:\/\/www.agriatv.hu\/index.php?rest_route=%2Fwp%2Fv2%2Ftags&post=6229"}],"curies":[{"name":"wp","href":"https:\/\/api.w.org\/{rel}","templated":true}]}}