{"id":623,"date":"2010-07-22T08:55:45","date_gmt":"2010-07-22T08:55:45","guid":{"rendered":"http:\/\/www.agriatv.hu\/?p=623"},"modified":"2010-07-22T08:55:58","modified_gmt":"2010-07-22T08:55:58","slug":"forum-az-arany-janos-utca-felujitasarol","status":"publish","type":"post","link":"https:\/\/www.agriatv.hu\/?p=623","title":{"rendered":"F\u00f3rum az Arany J\u00e1nos utca fel\u00faj\u00edt\u00e1s\u00e1r\u00f3l"},"content":{"rendered":"<p class=\"cikkcikkei\">&nbsp;<\/p>\n<p><img decoding=\"async\" align=\"left\" class=\"kiskepcikkhez\" src=\"http:\/\/www.egriszin.hu\/RenderedContents\/IndexImages\/5\/5840-20100722093326-SANY8572.JPG\" title=\"\" \/><\/p>\n<p><b>Jelent\u0151s &eacute;rdekl\u0151d&eacute;s mellett, az Arany J&aacute;nos utca fel&uacute;j&iacute;t&aacute;s&aacute;nak terveit ismertett&eacute;k lakoss&aacute;gi f&oacute;rum keret&eacute;ben tegnap d&eacute;lut&aacute;n, a V&aacute;rosh&aacute;z&aacute;n. A tal&aacute;lkoz&oacute;n a tervez\u0151 k&eacute;pvisel\u0151je mutatta be az elk&eacute;pzel&eacute;seket, a lak&oacute;k k&eacute;pviselet&eacute;ben pedig Cs&aacute;sz&aacute;r Zolt&aacute;n, a k&ouml;rzet &ouml;nkorm&aacute;nyzati k&eacute;pvisel\u0151je mondta el agg&aacute;lyait &eacute;s &eacute;szrev&eacute;teleit a tervezett beruh&aacute;z&aacute;ssal kapcsolatban.<\/b><\/p>\n<p align=\"justify\">&bdquo;Nem akarunk m&aacute;sik Szvor&eacute;nyi utc&aacute;t.&rdquo; &bdquo;El kell d&ouml;nteni, hogy vir&aacute;gos v&aacute;rost vagy parkol&oacute;-v&aacute;rost akarunk.&rdquo; &bdquo;Elveszik az eg&eacute;sz kertemet.&rdquo; Ilyen &eacute;s hasonl&oacute; gondolatok hangzottak el az Arany J&aacute;nos utca lak&oacute;i r&eacute;sz&eacute;r\u0151l a tegnap d&eacute;lut&aacute;n rendezett lakoss&aacute;gi f&oacute;rumon, ahol a beruh&aacute;z&aacute;s fontoss&aacute;g&aacute;hoz m&eacute;rten sz&eacute;p sz&aacute;mmal megjelentek a polg&aacute;rok.<br \/>\n\tAz utca lak&oacute;i teljes joggal f&eacute;ltve k&ouml;rnyezet&uuml;ket, k&eacute;nyelm&uuml;ket, azt is felvetett&eacute;k, hogy a f&oacute;rum el\u0151tt semmilyen inform&aacute;ci&oacute;val nem rendelkeztek a tervezett falt&oacute;l falig t&ouml;rt&eacute;n\u0151, z&aacute;rt csapad&eacute;krendszert &eacute;s parkol&oacute;helyeket ki&eacute;p&iacute;t\u0151 rekonstrukci&oacute;r&oacute;l.<br \/>\n\tA legt&ouml;bb aggodalom a parkol&oacute;helyek kialak&iacute;t&aacute;sa miatt fogalmaz&oacute;dott meg. A t&ouml;bb parkol&oacute;hely val&oacute;sz&iacute;n\u0171leg a v&aacute;ros bev&eacute;tel&eacute;nek szer&eacute;ny n&ouml;vel&eacute;s&eacute;n t&uacute;l semmilyen m&oacute;don nem&nbsp; szolg&aacute;lja az ott &eacute;l\u0151ket.<br \/>\n\tA fel&uacute;j&iacute;t&aacute;si tervben fontos szempont volt az utca parkol&aacute;si helyzet&eacute;nek jav&iacute;t&aacute;sa, hangzott el a tervez\u0151 r&eacute;sz&eacute;r\u0151l. A h&eacute;tm&eacute;ter sz&eacute;les &uacute;t k&eacute;t oldal&aacute;n 30 darab parkol&oacute;hely sz&aacute;m&aacute;ra alkalmas le&aacute;ll&oacute;s&aacute;vot &eacute;p&iacute;tenek ki, az eg&eacute;sz &uacute;tszakaszon n&eacute;gy darab f&aacute;t kell kiv&aacute;gni ehhez.<\/p>\n<p align=\"justify\">A lakoss&aacute;gi f&oacute;rum t&eacute;m&aacute;ja kapcs&aacute;n Cs&aacute;sz&aacute;r Zolt&aacute;n &ouml;nkorm&aacute;nyzati k&eacute;pvisel\u0151 elmondta, hogy a k&ouml;lts&eacute;gvet&eacute;sben elfogadott k&eacute;t utca k&ouml;z&uuml;l az Arany J&aacute;nos utca fel&uacute;j&iacute;t&aacute;s&aacute;t hosszas lobbi munk&aacute;val siker&uuml;lt kieszk&ouml;z&ouml;lni. <br \/>\n\t&bdquo;Az Arany J&aacute;nos utca, jelleg&eacute;b\u0151l ad&oacute;d&oacute;an egy sz&eacute;p utca. A lakoss&aacute;g &eacute;s &eacute;n, messzemen\u0151en tiltakozunk az ellen, hogy megint kezd\u0151dj&ouml;n az &uacute;gynevezett &bdquo;parkol&oacute;k telep&iacute;t&eacute;se&rdquo;, ami egyr&eacute;szt a z&ouml;ld ter&uuml;let rov&aacute;s&aacute;ra menne. M&aacute;sr&eacute;szt a lakoss&aacute;g a z&ouml;ld fel&uuml;leteket a saj&aacute;t maga alak&iacute;tja ki, teh&aacute;t nem k&iacute;v&aacute;nunk ott puszt&iacute;t&aacute;st, f&aacute;k, cserj&eacute;k, bokrok kiirt&aacute;s&aacute;t.<br \/>\n\tAz&eacute;rt h&iacute;vtam &ouml;ssze ezt alakoss&aacute;gi f&oacute;rumot, hogy ne ess&uuml;nk abba a hib&aacute;ba mint a De&aacute;k Ferenc utca eset&eacute;ben, ahol volt lakoss&aacute;gi f&oacute;rum, de &ouml;sszesen k&eacute;t ember volt ott.<br \/>\n\t&Eacute;n nem engedem a lakoss&aacute;g v&eacute;lem&eacute;nye n&eacute;lk&uuml;l azt a kivitelez&eacute;st, amit csak &uacute;gy a v&aacute;ros megtervez. Ez&eacute;rt k&eacute;rtem a Ter&uuml;letfejleszt&eacute;si Iroda vezet\u0151j&eacute;t, hogy adjon lehet\u0151s&eacute;get a f&oacute;rumra. Hiszen \u0151k az ad&oacute;z&oacute;k, \u0151k &eacute;lnek ott, az \u0151 v&eacute;lem&eacute;ny&uuml;k, &eacute;s az \u0151 &eacute;letfelt&eacute;teleik a legfontosabb a sz&aacute;momra, mint k&eacute;pvisel\u0151j&uuml;knek.&rdquo; &ndash; nyilatkozta cs&aacute;sz&aacute;r Zolt&aacute;n.<br \/>\n\tAz hogy mennyire sz&aacute;m&iacute;t a lak&oacute;k v&eacute;lem&eacute;nye, &eacute;szrev&eacute;tele, esetleges aggodalma, az a m&aacute;r sokszor l&aacute;tott f&oacute;rumok tapasztalata alapj&aacute;n k&eacute;tesnek mondhat&oacute;, &eacute;s mivel a tervez\u0151 illetve a v&aacute;ros, lak&oacute;kkal val&oacute; kommunik&aacute;ci&oacute;ja sem el&eacute;gs&eacute;ges a l&aacute;tottak alapj&aacute;n, nem sok rem&eacute;ny van a gyors v&aacute;ltoz&aacute;sra.<\/p>\n<p align=\"justify\">Forr&aacute;s: Egrisz&iacute;n<\/p>\n","protected":false},"excerpt":{"rendered":"<p>&nbsp;<\/p>\n<p>Jelent\u0151s &eacute;rdekl\u0151d&eacute;s mellett, az Arany J&aacute;nos utca fel&uacute;j&iacute;t&aacute;s&aacute;nak terveit ismertett&eacute;k lakoss&aacute;gi f&oacute;rum keret&eacute;ben tegnap d&eacute;lut&aacute;n, a V&aacute;rosh&aacute;z&aacute;n. A tal&aacute;lkoz&oacute;n a tervez\u0151 k&eacute;pvisel\u0151je mutatta be az elk&eacute;pzel&eacute;seket, a lak&oacute;k k&eacute;pviselet&eacute;ben pedig Cs&aacute;sz&aacute;r Zolt&aacute;n, a k&ouml;rzet &ouml;nkorm&aacute;nyzati k&eacute;pvisel\u0151je mondta el agg&aacute;lyait &eacute;s &eacute;szrev&eacute;teleit a tervezett beruh&aacute;z&aacute;ssal kapcsolatban.<br \/>\n&bdquo;Nem akarunk m&aacute;sik Szvor&eacute;nyi utc&aacute;t.&rdquo; &bdquo;El kell d&ouml;nteni, hogy vir&aacute;gos v&aacute;rost [&#8230;]<\/p>\n","protected":false},"author":4,"featured_media":0,"comment_status":"closed","ping_status":"closed","sticky":false,"template":"","format":"standard","meta":{"footnotes":""},"categories":[1],"tags":[],"class_list":["post-623","post","type-post","status-publish","format-standard","hentry","category-nincs-kategorizalva"],"_links":{"self":[{"href":"https:\/\/www.agriatv.hu\/index.php?rest_route=\/wp\/v2\/posts\/623","targetHints":{"allow":["GET"]}}],"collection":[{"href":"https:\/\/www.agriatv.hu\/index.php?rest_route=\/wp\/v2\/posts"}],"about":[{"href":"https:\/\/www.agriatv.hu\/index.php?rest_route=\/wp\/v2\/types\/post"}],"author":[{"embeddable":true,"href":"https:\/\/www.agriatv.hu\/index.php?rest_route=\/wp\/v2\/users\/4"}],"replies":[{"embeddable":true,"href":"https:\/\/www.agriatv.hu\/index.php?rest_route=%2Fwp%2Fv2%2Fcomments&post=623"}],"version-history":[{"count":2,"href":"https:\/\/www.agriatv.hu\/index.php?rest_route=\/wp\/v2\/posts\/623\/revisions"}],"predecessor-version":[{"id":625,"href":"https:\/\/www.agriatv.hu\/index.php?rest_route=\/wp\/v2\/posts\/623\/revisions\/625"}],"wp:attachment":[{"href":"https:\/\/www.agriatv.hu\/index.php?rest_route=%2Fwp%2Fv2%2Fmedia&parent=623"}],"wp:term":[{"taxonomy":"category","embeddable":true,"href":"https:\/\/www.agriatv.hu\/index.php?rest_route=%2Fwp%2Fv2%2Fcategories&post=623"},{"taxonomy":"post_tag","embeddable":true,"href":"https:\/\/www.agriatv.hu\/index.php?rest_route=%2Fwp%2Fv2%2Ftags&post=623"}],"curies":[{"name":"wp","href":"https:\/\/api.w.org\/{rel}","templated":true}]}}