{"id":6233,"date":"2011-12-23T21:04:54","date_gmt":"2011-12-23T21:04:54","guid":{"rendered":"http:\/\/www.agriatv.hu\/?p=6233"},"modified":"2011-12-23T21:12:14","modified_gmt":"2011-12-23T21:12:14","slug":"sikeres-projektet-zart-nagytalya","status":"publish","type":"post","link":"https:\/\/www.agriatv.hu\/?p=6233","title":{"rendered":"Sikeres projektet z\u00e1rt Nagyt\u00e1lya"},"content":{"rendered":"<p><a href=\"https:\/\/www.agriatv.hu\/wp-content\/uploads\/2011\/12\/1222talya_V.jpg\"><img loading=\"lazy\" decoding=\"async\" class=\"alignleft  wp-image-6237\" title=\"1222talya_V\" src=\"https:\/\/www.agriatv.hu\/wp-content\/uploads\/2011\/12\/1222talya_V-300x240.jpg\" alt=\"\" width=\"124\" height=\"80\" \/><\/a>\u00daj Sz\u00e9chenyi Program keret\u00e9ben, 2009-ben a K\u00f6rnyezet \u00e9s Energia Operat\u00edv Program p\u00e1ly\u00e1zatot \u00edrt ki fenntarthat\u00f3bb \u00e9letm\u00f3dot \u00e9s fogyaszt\u00e1si lehet\u0151s\u00e9geket n\u00e9pszer\u0171s\u00edt\u0151, terjed\u00e9s\u00fcket el\u0151seg\u00edt\u0151 mintaprojekt elk\u00e9sz\u00edt\u00e9s\u00e9re \u00e9s megval\u00f3s\u00edt\u00e1s\u00e1ra.<\/p>\n<p>Nagyt\u00e1lya \u00d6nkorm\u00e1nyzata\u00a0 &#8222;Kert\u00fcnk f\u00f6ldje ett\u0151l z\u00f6ldebb \u2013 k\u00f6rnyezetv\u00e9delmi mintaprojekt megval\u00f3s\u00edt\u00e1sa Nagyt\u00e1ly\u00e1n &#8221; c\u00edmmel\u00a0 ny\u00fajtotta be p\u00e1ly\u00e1zat\u00e1t, melyet 8.229.375 Ft\u00a0 t\u00e1mogat\u00e1si \u00f6sszeggel elnyert. A megval\u00f3s\u00edt\u00e1sra 2011. \u0151sz\u00e9n ker\u00fclt sor.<\/p>\n<p>A projekt c\u00e9lja a h\u00e1zi komposzt\u00e1l\u00e1s elterjeszt\u00e9se min\u00e9l t\u00f6bb h\u00e1ztart\u00e1sban, ahol a r\u00e9sztvev\u0151k saj\u00e1t kertj\u00fckben elhelyezett komposzt\u00e1l\u00f3 l\u00e1d\u00e1ban semleges\u00edtik a felgy\u00fclemlett saj\u00e1t tev\u00e9kenys\u00e9g\u00fckb\u0151l sz\u00e1rmaz\u00f3 biohullad\u00e9kot, konyhai, kerti \u00e9s nyers n\u00f6v\u00e9nyi hullad\u00e9kot.<\/p>\n<p>A potenci\u00e1lis c\u00e9lcsoport k\u00f6r\u00e9ben el\u0151zetes felm\u00e9r\u00e9s t\u00f6rt\u00e9nt k\u00e9rd\u0151\u00edvek seg\u00edts\u00e9g\u00e9vel mely minden lak\u00e1sba eljutott, a vissza\u00e9rkezett k\u00e9rd\u0151\u00edvek alapj\u00e1n 200 lak\u00e1sba ig\u00e9nyelt\u00e9k a l\u00e1da kihelyez\u00e9s\u00e9t.<div class=\"wordtube\">\n<div class=\"wordtube single461\" id=\"WT1_1\" style=\"width:320px; height:240px;\">\n<a href=\"http:\/\/www.macromedia.com\/go\/getflashplayer\">Get the Flash Player<\/a> to see the wordTube Media Player.\n<\/div><\/div>\n\t<script type=\"text\/javascript\" defer=\"defer\">\nvar WT1_1 = {\n\tparams : {\n\t\twmode : \"opaque\",\n\t\tallowscriptaccess : \"always\",\n\t\tallownetworking : \"all\",\n\t\tallowfullscreen : \"true\"},\n\tflashvars : {\n\t\tfile : \"http%3A%2F%2Fwww.agriatv.hu%2Fwp-content%2Fuploads%2F2011%2F12%2F1220talya_zarosajtaj.flv\",\n\t\tvolume : \"80\",\n\t\tbufferlength : \"5\",\n\t\tquality : \"false\",\n\t\t'logo.hide' : \"false\",\n\t\timage : \"http%3A%2F%2Fwww.agriatv.hu%2Fwp-content%2Fuploads%2F2011%2F12%2F1220talya.jpg\",\n\t\ttitle : \"1220talya_zarosajtaj.flv\",\n\t\tlinktarget : \"_self\"},\n\tattr : {\n\t\tid : \"WT1\",\n\t\tname : \"WT1\"},\n\tstart : function() {\n\t\tswfobject.embedSWF(\"https:\/\/www.agriatv.hu\/\/player.swf\", \"WT1_1\", \"320\", \"240\", \"9.0.0\", false, this.flashvars, this.params , this.attr );\n\t}\n}\nWT1_1.start();\n\t<\/script>\n<\/p>\n<p>A programban r\u00e9sztvev\u0151k v\u00e1llalt\u00e1k a l\u00e1da \u00f6t \u00e9ves fenntart\u00e1s\u00e1t, \u00e9s r\u00e9szt vettek az ezzel kapcsolatos ismeretterjeszt\u0151 foglalkoz\u00e1son, ahol megtanult\u00e1k, elsaj\u00e1t\u00edtott\u00e1k a l\u00e1da haszn\u00e1lat\u00e1t illetve az el\u0151ad\u00e1sokon ismeretet szereztek az Eur\u00f3pai Uni\u00f3 k\u00f6rnyezetv\u00e9delmi politik\u00e1j\u00e1n bel\u00fcl a szelekt\u00edv hullad\u00e9kgy\u0171jt\u00e9s fontoss\u00e1g\u00e1r\u00f3l a k\u00f6rnyezettudatos \u00e9letm\u00f3dr\u00f3l.<\/p>\n<p>A komposztl\u00e1da fogadtat\u00e1sa igen kedvez\u0151 volt, a r\u00e9sztvev\u0151k egyet\u00e9rtettek az eszk\u00f6z hasznoss\u00e1g\u00e1val \u00e9s a k\u00f6rnyezetv\u00e9delem fontoss\u00e1g\u00e1val, sokan v\u00e1rt\u00e1k, hogy kipr\u00f3b\u00e1lhass\u00e1k a komposzt\u00e1l\u00e1st a tanultak alapj\u00e1n.<\/p>\n<p>A projekt sor\u00e1n el\u00e9rt\u00fck, hogy min\u00e9l t\u00f6bben \u00e9s tudatosabban pr\u00f3b\u00e1ljanak meg k\u00f6rnyezet\u00fckre figyelni!<\/p>\n<p>&nbsp;<\/p>\n","protected":false},"excerpt":{"rendered":"<p>\u00daj Sz\u00e9chenyi Program keret\u00e9ben, 2009-ben a K\u00f6rnyezet \u00e9s Energia Operat\u00edv Program p\u00e1ly\u00e1zatot \u00edrt ki fenntarthat\u00f3bb \u00e9letm\u00f3dot \u00e9s fogyaszt\u00e1si lehet\u0151s\u00e9geket n\u00e9pszer\u0171s\u00edt\u0151, terjed\u00e9s\u00fcket el\u0151seg\u00edt\u0151 mintaprojekt elk\u00e9sz\u00edt\u00e9s\u00e9re \u00e9s megval\u00f3s\u00edt\u00e1s\u00e1ra.<br \/>\nNagyt\u00e1lya \u00d6nkorm\u00e1nyzata\u00a0 &#8222;Kert\u00fcnk f\u00f6ldje ett\u0151l z\u00f6ldebb \u2013 k\u00f6rnyezetv\u00e9delmi mintaprojekt megval\u00f3s\u00edt\u00e1sa Nagyt\u00e1ly\u00e1n &#8221; c\u00edmmel\u00a0 ny\u00fajtotta be p\u00e1ly\u00e1zat\u00e1t, melyet 8.229.375 Ft\u00a0 t\u00e1mogat\u00e1si \u00f6sszeggel elnyert. A megval\u00f3s\u00edt\u00e1sra 2011. \u0151sz\u00e9n ker\u00fclt sor.<br \/>\nA projekt c\u00e9lja [&#8230;]<\/p>\n","protected":false},"author":4,"featured_media":0,"comment_status":"open","ping_status":"open","sticky":false,"template":"","format":"standard","meta":{"footnotes":""},"categories":[6,4],"tags":[357,794,653,423],"class_list":["post-6233","post","type-post","status-publish","format-standard","hentry","category-belfold","category-szabadido","tag-hulladek","tag-komposzt-lada","tag-projekt","tag-tamogatas"],"_links":{"self":[{"href":"https:\/\/www.agriatv.hu\/index.php?rest_route=\/wp\/v2\/posts\/6233","targetHints":{"allow":["GET"]}}],"collection":[{"href":"https:\/\/www.agriatv.hu\/index.php?rest_route=\/wp\/v2\/posts"}],"about":[{"href":"https:\/\/www.agriatv.hu\/index.php?rest_route=\/wp\/v2\/types\/post"}],"author":[{"embeddable":true,"href":"https:\/\/www.agriatv.hu\/index.php?rest_route=\/wp\/v2\/users\/4"}],"replies":[{"embeddable":true,"href":"https:\/\/www.agriatv.hu\/index.php?rest_route=%2Fwp%2Fv2%2Fcomments&post=6233"}],"version-history":[{"count":9,"href":"https:\/\/www.agriatv.hu\/index.php?rest_route=\/wp\/v2\/posts\/6233\/revisions"}],"predecessor-version":[{"id":6239,"href":"https:\/\/www.agriatv.hu\/index.php?rest_route=\/wp\/v2\/posts\/6233\/revisions\/6239"}],"wp:attachment":[{"href":"https:\/\/www.agriatv.hu\/index.php?rest_route=%2Fwp%2Fv2%2Fmedia&parent=6233"}],"wp:term":[{"taxonomy":"category","embeddable":true,"href":"https:\/\/www.agriatv.hu\/index.php?rest_route=%2Fwp%2Fv2%2Fcategories&post=6233"},{"taxonomy":"post_tag","embeddable":true,"href":"https:\/\/www.agriatv.hu\/index.php?rest_route=%2Fwp%2Fv2%2Ftags&post=6233"}],"curies":[{"name":"wp","href":"https:\/\/api.w.org\/{rel}","templated":true}]}}