{"id":6321,"date":"2011-11-30T22:44:34","date_gmt":"2011-11-30T22:44:34","guid":{"rendered":"http:\/\/www.agriatv.hu\/?p=6321"},"modified":"2012-01-04T22:46:52","modified_gmt":"2012-01-04T22:46:52","slug":"ostoroson-megujultak-a-kozteri-jatszoterek","status":"publish","type":"post","link":"https:\/\/www.agriatv.hu\/?p=6321","title":{"rendered":"Ostoroson meg\u00fajultak a k\u00f6zt\u00e9ri j\u00e1tsz\u00f3terek"},"content":{"rendered":"<p><strong><img loading=\"lazy\" decoding=\"async\" class=\"alignleft\" style=\"border: 0pt none;\" src=\"..\/wp-content\/uploads\/2011\/12\/Untitled-6.jpg\" alt=\"\" width=\"126\" height=\"80\" border=\"0\" \/>Ostoros K\u00f6z\u00e9g \u00d6nkorm\u00e1nyzata 2010-ben a 135\/2008. (X.18.) FVM rendelet alapj\u00e1n, falumeg\u00faj\u00edt\u00e1sra \u00e9s fejleszt\u00e9sre ig\u00e9nybe vehet\u0151 t\u00e1mogat\u00e1s jogc\u00edmre t\u00e1mogat\u00e1si k\u00e9relmet ny\u00fajtott be, k\u00f6zt\u00e9ri j\u00e1tsz\u00f3tereinek fel\u00faj\u00edt\u00e1s\u00e1ra.<\/strong><br \/>\nA p\u00e1ly\u00e1zat sikeres volt \u00e9s a t\u00e1mogat\u00f3i hat\u00e1rozat szerint nett\u00f3 kiad\u00e1sra 13 872 802 Ft-ot nyert a k\u00f6zs\u00e9g. A k\u00e9t j\u00e1tsz\u00f3t\u00e9r (temet\u0151 melletti, illetve Kossuth t\u00e9ri) november k\u00f6zep\u00e9re megsz\u00e9p\u00fclt, \u00faj korszer\u0171 biztons\u00e1gos j\u00e1t\u00e9kszereket telep\u00edtettek a kivitelez\u0151k.<br \/>\nA meg\u00fajult j\u00e1tsz\u00f3terek haszn\u00e1lati szab\u00e1lyzattal \u00e9s t\u00e9rfigyel\u0151 kamer\u00e1kkal lesznek ell\u00e1tva, amelyek seg\u00edts\u00e9g\u00e9vel szeretn\u00e9 az \u00d6nkorm\u00e1nyzat biztos\u00edtani a hossz\u00fa t\u00e1v\u00fa haszn\u00e1latot Ostoros gyermekei r\u00e9sz\u00e9re.<\/p>\n<p>&nbsp;<\/p>\n<p>&nbsp;<\/p>\n","protected":false},"excerpt":{"rendered":"<p>Ostoros K\u00f6z\u00e9g \u00d6nkorm\u00e1nyzata 2010-ben a 135\/2008. (X.18.) FVM rendelet alapj\u00e1n, falumeg\u00faj\u00edt\u00e1sra \u00e9s fejleszt\u00e9sre ig\u00e9nybe vehet\u0151 t\u00e1mogat\u00e1s jogc\u00edmre t\u00e1mogat\u00e1si k\u00e9relmet ny\u00fajtott be, k\u00f6zt\u00e9ri j\u00e1tsz\u00f3tereinek fel\u00faj\u00edt\u00e1s\u00e1ra.<br \/>\nA p\u00e1ly\u00e1zat sikeres volt \u00e9s a t\u00e1mogat\u00f3i hat\u00e1rozat szerint nett\u00f3 kiad\u00e1sra 13 872 802 Ft-ot nyert a k\u00f6zs\u00e9g. A k\u00e9t j\u00e1tsz\u00f3t\u00e9r (temet\u0151 melletti, illetve Kossuth t\u00e9ri) november k\u00f6zep\u00e9re megsz\u00e9p\u00fclt, \u00faj korszer\u0171 biztons\u00e1gos [&#8230;]<\/p>\n","protected":false},"author":4,"featured_media":0,"comment_status":"open","ping_status":"open","sticky":false,"template":"","format":"standard","meta":{"footnotes":""},"categories":[6],"tags":[],"class_list":["post-6321","post","type-post","status-publish","format-standard","hentry","category-belfold"],"_links":{"self":[{"href":"https:\/\/www.agriatv.hu\/index.php?rest_route=\/wp\/v2\/posts\/6321","targetHints":{"allow":["GET"]}}],"collection":[{"href":"https:\/\/www.agriatv.hu\/index.php?rest_route=\/wp\/v2\/posts"}],"about":[{"href":"https:\/\/www.agriatv.hu\/index.php?rest_route=\/wp\/v2\/types\/post"}],"author":[{"embeddable":true,"href":"https:\/\/www.agriatv.hu\/index.php?rest_route=\/wp\/v2\/users\/4"}],"replies":[{"embeddable":true,"href":"https:\/\/www.agriatv.hu\/index.php?rest_route=%2Fwp%2Fv2%2Fcomments&post=6321"}],"version-history":[{"count":1,"href":"https:\/\/www.agriatv.hu\/index.php?rest_route=\/wp\/v2\/posts\/6321\/revisions"}],"predecessor-version":[{"id":6322,"href":"https:\/\/www.agriatv.hu\/index.php?rest_route=\/wp\/v2\/posts\/6321\/revisions\/6322"}],"wp:attachment":[{"href":"https:\/\/www.agriatv.hu\/index.php?rest_route=%2Fwp%2Fv2%2Fmedia&parent=6321"}],"wp:term":[{"taxonomy":"category","embeddable":true,"href":"https:\/\/www.agriatv.hu\/index.php?rest_route=%2Fwp%2Fv2%2Fcategories&post=6321"},{"taxonomy":"post_tag","embeddable":true,"href":"https:\/\/www.agriatv.hu\/index.php?rest_route=%2Fwp%2Fv2%2Ftags&post=6321"}],"curies":[{"name":"wp","href":"https:\/\/api.w.org\/{rel}","templated":true}]}}