{"id":6494,"date":"2012-01-22T20:12:31","date_gmt":"2012-01-22T20:12:31","guid":{"rendered":"http:\/\/www.agriatv.hu\/?p=6494"},"modified":"2012-01-22T20:12:31","modified_gmt":"2012-01-22T20:12:31","slug":"kepek-europabol","status":"publish","type":"post","link":"https:\/\/www.agriatv.hu\/?p=6494","title":{"rendered":"K\u00e9pek Eur\u00f3p\u00e1b\u00f3l"},"content":{"rendered":"<p>&nbsp;<\/p>\n<p><img loading=\"lazy\" decoding=\"async\" class=\"alignleft\" src=\"http:\/\/www.egriszin.hu\/RenderedContents\/IndexImages\/8\/8959-20120122102405-P1120022.JPG\" alt=\"\" width=\"150\" height=\"113\" \/><\/p>\n<p><strong>K\u00e9pek Eur\u00f3p\u00e1b\u00f3l c\u00edmmel ny\u00edlt ki\u00e1ll\u00edt\u00e1s Kors\u00f3s Viktor fot\u00f3riporter munk\u00e1ib\u00f3l p\u00e9nteken az egri Norbi Update \u00e9s K\u00e1v\u00e9z\u00f3ban. A k\u00fcl\u00f6nb\u00f6z\u0151 utaz\u00e1sok anyag\u00e1b\u00f3l v\u00e1logatott munk\u00e1k egy h\u00f3napon \u00e1t tekinthet\u0151ek meg. <\/strong><\/p>\n<p align=\"justify\"><em>Kun Frigyes<\/em> \u00fcgyvezet\u0151 elmondta: c\u00e9ljuk, hogy a test eg\u00e9szs\u00e9g\u00e9nek szolg\u00e1lata mellett a l\u00e9lek eg\u00e9szs\u00e9g\u00e9t is t\u00e1pl\u00e1lj\u00e1k, ez\u00e9rt rendszeresen szerveznek helyi m\u0171v\u00e9szeknek bemutatkoz\u00e1si lehet\u0151s\u00e9get biztos\u00edt\u00f3 ki\u00e1ll\u00edt\u00e1sokat. A p\u00e9nteki megnyit\u00f3n <em>Moln\u00e1r Istv\u00e1n G\u00e9za<\/em> fotogr\u00e1fus kiemelte: dolgozhat valaki b\u00e1rmilyen fejlett technik\u00e1val, j\u00f3 k\u00e9pek csak akkor sz\u00fcletnek, ha az embernek van hozz\u00e1 szeme. Mint mondta: <em>Kors\u00f3s Viktor<\/em> j\u00f3 \u00faton halad afel\u00e9, hogy igaz\u00e1n nagy m\u0171v\u00e9sz legyen.<\/p>\n<p align=\"justify\">A fiatal fot\u00f3riporter 1989-ben sz\u00fcletett Egerben. A Dob\u00f3 Istv\u00e1n Gimn\u00e1ziumban \u00e9retts\u00e9gizett, majd 2009-ben, a budapesti \u201ePr\u00e1ter utc\u00e1ban\u201d szerezte meg a f\u00e9nyk\u00e9p\u00e9sz v\u00e9gzetts\u00e9get. Az\u00f3ta szabad\u00fasz\u00f3 fot\u00f3sk\u00e9nt, fot\u00f3riporterk\u00e9nt tev\u00e9kenykedik. A fot\u00f3z\u00e1shoz k\u00f6z\u00e9piskol\u00e1ban ker\u00fclt k\u00f6zel, s mint mondta, szerencs\u00e9s embernek tartja mag\u00e1t, hiszen munk\u00e1ja a hobbija is egyben. Els\u0151sorban az emberk\u00f6zpont\u00fa t\u00e9m\u00e1kat kedveli, az esem\u00e9nyeket, portr\u00e9kat, esk\u00fcv\u0151i fot\u00f3z\u00e1st. Mott\u00f3ja: &#8222;Nem a f\u00e9nyk\u00e9pez\u0151g\u00e9p\u00fcnkkel kell igaz\u00e1n j\u00f3l boldogulnunk, hanem azokkal, akiket le akarunk f\u00e9nyk\u00e9pezni.&#8221;<\/p>\n<p align=\"justify\">A jelenleg ki\u00e1ll\u00edtott 15 fot\u00f3t k\u00fcl\u00f6nb\u00f6z\u0151 utaz\u00e1sok anyag\u00e1b\u00f3l Kun Frigyessel k\u00f6z\u00f6sen v\u00e1logatt\u00e1k, \u00edgy l\u00e1that\u00f3 t\u00f6bbek k\u00f6zt a velencei karnev\u00e1l, pr\u00e1gai v\u00e1rosk\u00e9p, Kassa vagy \u00e9ppen egy erd\u00e9lyi pillanatk\u00e9p.<\/p>\n<p align=\"justify\">A ki\u00e1ll\u00edt\u00e1s egy h\u00f3napon kereszt\u00fcl tekinthet\u0151 meg.<\/p>\n<p align=\"justify\">Forr\u00e1s: <a href=\"http:\/\/egriszin.hu\">Egrisz\u00edn<\/a><\/p>\n","protected":false},"excerpt":{"rendered":"<p>&nbsp;<\/p>\n<p>K\u00e9pek Eur\u00f3p\u00e1b\u00f3l c\u00edmmel ny\u00edlt ki\u00e1ll\u00edt\u00e1s Kors\u00f3s Viktor fot\u00f3riporter munk\u00e1ib\u00f3l p\u00e9nteken az egri Norbi Update \u00e9s K\u00e1v\u00e9z\u00f3ban. A k\u00fcl\u00f6nb\u00f6z\u0151 utaz\u00e1sok anyag\u00e1b\u00f3l v\u00e1logatott munk\u00e1k egy h\u00f3napon \u00e1t tekinthet\u0151ek meg.<br \/>\nKun Frigyes \u00fcgyvezet\u0151 elmondta: c\u00e9ljuk, hogy a test eg\u00e9szs\u00e9g\u00e9nek szolg\u00e1lata mellett a l\u00e9lek eg\u00e9szs\u00e9g\u00e9t is t\u00e1pl\u00e1lj\u00e1k, ez\u00e9rt rendszeresen szerveznek helyi m\u0171v\u00e9szeknek bemutatkoz\u00e1si lehet\u0151s\u00e9get biztos\u00edt\u00f3 ki\u00e1ll\u00edt\u00e1sokat. A p\u00e9nteki megnyit\u00f3n [&#8230;]<\/p>\n","protected":false},"author":4,"featured_media":0,"comment_status":"open","ping_status":"open","sticky":false,"template":"","format":"standard","meta":{"footnotes":""},"categories":[8,4],"tags":[272,863,864,252,862],"class_list":["post-6494","post","type-post","status-publish","format-standard","hentry","category-kultura","category-szabadido","tag-foto","tag-hobby","tag-korsos-viktor","tag-munka","tag-utazas"],"_links":{"self":[{"href":"https:\/\/www.agriatv.hu\/index.php?rest_route=\/wp\/v2\/posts\/6494","targetHints":{"allow":["GET"]}}],"collection":[{"href":"https:\/\/www.agriatv.hu\/index.php?rest_route=\/wp\/v2\/posts"}],"about":[{"href":"https:\/\/www.agriatv.hu\/index.php?rest_route=\/wp\/v2\/types\/post"}],"author":[{"embeddable":true,"href":"https:\/\/www.agriatv.hu\/index.php?rest_route=\/wp\/v2\/users\/4"}],"replies":[{"embeddable":true,"href":"https:\/\/www.agriatv.hu\/index.php?rest_route=%2Fwp%2Fv2%2Fcomments&post=6494"}],"version-history":[{"count":1,"href":"https:\/\/www.agriatv.hu\/index.php?rest_route=\/wp\/v2\/posts\/6494\/revisions"}],"predecessor-version":[{"id":6495,"href":"https:\/\/www.agriatv.hu\/index.php?rest_route=\/wp\/v2\/posts\/6494\/revisions\/6495"}],"wp:attachment":[{"href":"https:\/\/www.agriatv.hu\/index.php?rest_route=%2Fwp%2Fv2%2Fmedia&parent=6494"}],"wp:term":[{"taxonomy":"category","embeddable":true,"href":"https:\/\/www.agriatv.hu\/index.php?rest_route=%2Fwp%2Fv2%2Fcategories&post=6494"},{"taxonomy":"post_tag","embeddable":true,"href":"https:\/\/www.agriatv.hu\/index.php?rest_route=%2Fwp%2Fv2%2Ftags&post=6494"}],"curies":[{"name":"wp","href":"https:\/\/api.w.org\/{rel}","templated":true}]}}