{"id":6551,"date":"2012-01-29T17:33:34","date_gmt":"2012-01-29T17:33:34","guid":{"rendered":"http:\/\/www.agriatv.hu\/?p=6551"},"modified":"2012-01-29T17:33:35","modified_gmt":"2012-01-29T17:33:35","slug":"buvaruszo-vilagkupa-egerben","status":"publish","type":"post","link":"https:\/\/www.agriatv.hu\/?p=6551","title":{"rendered":"B\u00fav\u00e1r\u00fasz\u00f3 Vil\u00e1gkupa Egerben"},"content":{"rendered":"<p>&nbsp;<\/p>\n<p><img loading=\"lazy\" decoding=\"async\" class=\"alignleft\" src=\"http:\/\/www.egriszin.hu\/RenderedContents\/IndexImages\/8\/8989-20120129125017-buvaruszo_2007_bariba.jpg\" alt=\"\" width=\"150\" height=\"114\" \/><\/p>\n<p><strong>Egerben rendezik meg a VII. Uszonyos \u00e9s B\u00fav\u00e1r\u00fasz\u00f3 Vil\u00e1gkup\u00e1t febru\u00e1r 25-e \u00e9s 26-a k\u00f6z\u00f6tt. A versenyen k\u00f6zel 340 \u00e9lsportol\u00f3 m\u00e9ri \u00f6ssze tud\u00e1s\u00e1t v\u00edzfelsz\u00edni, v\u00edz alatti, egy- illetve k\u00e9tuszonyos \u00fasz\u00e1sban a Bitskey Alad\u00e1r Uszod\u00e1ban.<\/strong><\/p>\n<div align=\"justify\">A verseny lebonyol\u00edt\u00e1s\u00e1ra H\u00f3dmez\u0151v\u00e1s\u00e1rhely, Kecskem\u00e9t \u00e9s Miskolc is p\u00e1ly\u00e1zott, az eln\u00f6ks\u00e9gi d\u00f6nt\u00e9s \u00e9rtelm\u00e9ben azonban Eger nyerte el a rendez\u00e9s jog\u00e1t. A h\u00e9ten tartott sajt\u00f3t\u00e1j\u00e9koztat\u00f3n <em>Dr. Ny\u00edri Iv\u00e1n<\/em>, a Magyar B\u00fav\u00e1r Szaksz\u00f6vets\u00e9g eln\u00f6ke elmondta: a k\u00e9t nap sor\u00e1n k\u00f6zel 340-en versenyeznek majd egym\u00e1ssal; az eur\u00f3pai versenyz\u0151k\u00f6n k\u00edv\u00fcl Ausztr\u00e1li\u00e1b\u00f3l, \u00daj-Z\u00e9landr\u00f3l, Indon\u00e9zi\u00e1b\u00f3l \u00e9s a F\u00fcl\u00f6p-szigetekr\u0151l is \u00e9rkeznek Egerbe sportol\u00f3k. Hozz\u00e1tette: rem\u00e9nyeik szerint a febru\u00e1ri versenyen hazai sikerek is sz\u00fcletnek, hiszen Magyarorsz\u00e1g komoly nagyhatalomnak sz\u00e1m\u00edt a b\u00fav\u00e1r\u00fasz\u00e1sban, a nemzetek k\u00f6z\u00f6tt a 4-5. helyet birtokoljuk.<br \/>\nA verseny ideje alatt a B\u00fav\u00e1r Vil\u00e1gsz\u00f6vets\u00e9g v\u00e1rosunkban tartja 176. eln\u00f6ks\u00e9gi \u00fcl\u00e9s\u00e9t, melyen Dr. Ny\u00edri Iv\u00e1nt, a Vil\u00e1gsz\u00f6vets\u00e9g jelenlegi aleln\u00f6k\u00e9t v\u00e1laszthatj\u00e1k a sz\u00f6vets\u00e9g eln\u00f6k\u00e9v\u00e9.<\/div>\n<div align=\"justify\">Forr\u00e1s: <a href=\"http:\/\/egriszin.hu\">Egrisz\u00edn<\/a><\/div>\n","protected":false},"excerpt":{"rendered":"<p>&nbsp;<\/p>\n<p>Egerben rendezik meg a VII. Uszonyos \u00e9s B\u00fav\u00e1r\u00fasz\u00f3 Vil\u00e1gkup\u00e1t febru\u00e1r 25-e \u00e9s 26-a k\u00f6z\u00f6tt. A versenyen k\u00f6zel 340 \u00e9lsportol\u00f3 m\u00e9ri \u00f6ssze tud\u00e1s\u00e1t v\u00edzfelsz\u00edni, v\u00edz alatti, egy- illetve k\u00e9tuszonyos \u00fasz\u00e1sban a Bitskey Alad\u00e1r Uszod\u00e1ban.<br \/>\nA verseny lebonyol\u00edt\u00e1s\u00e1ra H\u00f3dmez\u0151v\u00e1s\u00e1rhely, Kecskem\u00e9t \u00e9s Miskolc is p\u00e1ly\u00e1zott, az eln\u00f6ks\u00e9gi d\u00f6nt\u00e9s \u00e9rtelm\u00e9ben azonban Eger nyerte el a rendez\u00e9s jog\u00e1t. A h\u00e9ten tartott [&#8230;]<\/p>\n","protected":false},"author":4,"featured_media":0,"comment_status":"open","ping_status":"open","sticky":false,"template":"","format":"standard","meta":{"footnotes":""},"categories":[11],"tags":[884,885,883],"class_list":["post-6551","post","type-post","status-publish","format-standard","hentry","category-sport","tag-buvaruszo","tag-sportolo","tag-vilagkupa"],"_links":{"self":[{"href":"https:\/\/www.agriatv.hu\/index.php?rest_route=\/wp\/v2\/posts\/6551","targetHints":{"allow":["GET"]}}],"collection":[{"href":"https:\/\/www.agriatv.hu\/index.php?rest_route=\/wp\/v2\/posts"}],"about":[{"href":"https:\/\/www.agriatv.hu\/index.php?rest_route=\/wp\/v2\/types\/post"}],"author":[{"embeddable":true,"href":"https:\/\/www.agriatv.hu\/index.php?rest_route=\/wp\/v2\/users\/4"}],"replies":[{"embeddable":true,"href":"https:\/\/www.agriatv.hu\/index.php?rest_route=%2Fwp%2Fv2%2Fcomments&post=6551"}],"version-history":[{"count":2,"href":"https:\/\/www.agriatv.hu\/index.php?rest_route=\/wp\/v2\/posts\/6551\/revisions"}],"predecessor-version":[{"id":6553,"href":"https:\/\/www.agriatv.hu\/index.php?rest_route=\/wp\/v2\/posts\/6551\/revisions\/6553"}],"wp:attachment":[{"href":"https:\/\/www.agriatv.hu\/index.php?rest_route=%2Fwp%2Fv2%2Fmedia&parent=6551"}],"wp:term":[{"taxonomy":"category","embeddable":true,"href":"https:\/\/www.agriatv.hu\/index.php?rest_route=%2Fwp%2Fv2%2Fcategories&post=6551"},{"taxonomy":"post_tag","embeddable":true,"href":"https:\/\/www.agriatv.hu\/index.php?rest_route=%2Fwp%2Fv2%2Ftags&post=6551"}],"curies":[{"name":"wp","href":"https:\/\/api.w.org\/{rel}","templated":true}]}}