{"id":6564,"date":"2012-01-31T20:18:35","date_gmt":"2012-01-31T20:18:35","guid":{"rendered":"http:\/\/www.agriatv.hu\/?p=6564"},"modified":"2012-02-01T09:43:34","modified_gmt":"2012-02-01T09:43:34","slug":"porog-a-villanyora-240-000-ft-a-birsag","status":"publish","type":"post","link":"https:\/\/www.agriatv.hu\/?p=6564","title":{"rendered":"P\u00f6r\u00f6g a villany\u00f3ra: 240.000 Ft a b\u00edrs\u00e1g"},"content":{"rendered":"<p><a href=\"https:\/\/www.agriatv.hu\/wp-content\/uploads\/2012\/01\/0131emasz_V.jpg\"><img loading=\"lazy\" decoding=\"async\" class=\"alignleft  wp-image-6565\" title=\"0131emasz_V\" src=\"https:\/\/www.agriatv.hu\/wp-content\/uploads\/2012\/01\/0131emasz_V-300x240.jpg\" alt=\"\" width=\"97\" height=\"61\" \/><\/a>Nem szokatlan,hogy \u00e9vente egyszer minden h\u00e1ztart\u00e1sba becs\u00f6ngetnek az ELM\u00dc-\u00c9M\u00c1SZ villany\u00f3ra-ellen\u0151rz\u0151 szakemberei.\u00a0 J\u00f3 esetben mindent rendben tal\u00e1lnak.<\/p>\n<p>Rengeteg k\u00e1rosult sz\u00e1molt be az interneten arr\u00f3l, hogy teljesen \u00e9p m\u0171szer\u00fcket k\u00e9s\u0151bb fel\u00fclvizsg\u00e1lt\u00e1k, majd m\u00e1gnesez\u00e9s gyan\u00faj\u00e1val t\u00f6bb sz\u00e1zezer forintos b\u00fcntet\u00e9st r\u00f3ttak ki r\u00e1juk.<br \/>\nSz\u00e1mos bejelent\u00e9s \u00e9rkezett Heves megy\u00e9ben a villany\u00f3r\u00e1k ilyen jelleg\u0171 probl\u00e9m\u00e1j\u00e1r\u00f3l.\u00a0 Ez nem csak a megy\u00e9ben okoz \u00f3ri\u00e1si gondokat, orsz\u00e1gszerte hatalmas p\u00e9nz\u00f6sszegeket k\u00f6vetel meg a villany\u00f3ra tulajdonosokt\u00f3l. Szerkeszt\u0151s\u00e9g\u00fcnket kereste meg Szab\u00f3 B\u00e9la andornakt\u00e1lyai lakos is, akinek szint\u00e9n ezzel a bonyodalommal kell szemben\u00e9znie.<\/p>\n<p>2011. \u0151sz\u00e9n rutinellen\u0151rz\u00e9st v\u00e9geztek el a mell\u00e9k\u00e9p\u00fclete villany\u00f3r\u00e1j\u00e1n.\u00a0 A szak\u00e9rt\u0151i vizsg\u00e1lat kimutatta, hogy kb. 27%-kal m\u00e9rt t\u00f6bbet a m\u0171szer, illetve, hogy minden s\u00e9r\u00fcl\u00e9smentes, a szakemberek lecser\u00e9lt\u00e9k az \u00f3r\u00e1t. 4 h\u00f3nappal k\u00e9s\u0151bb azonban a szak\u00e9rt\u0151i v\u00e9lem\u00e9ny szerint er\u0151s m\u00e1gneses hat\u00e1s \u00e9rte a villany\u00f3r\u00e1t.<\/p>\n<p>K\u00e9s\u0151bb \u00e9rte \u201emeglepet\u00e9s\u201d a tulajdonost, akit az \u00c9M\u00c1SZ\u00a0 240.000.-forintra megb\u00fcntetett.<br \/>\nA k\u00e1rosult nem \u00e9rti, mi\u00e9rt \u00e9ppen a mell\u00e9k\u00e9p\u00fclete alacsony fogyaszt\u00e1sa volt szembet\u0171n\u0151, amikor a lak\u00f3h\u00e1z fogyaszt\u00e1sa sokkal t\u00f6bb, mint a lerak\u00f3 helyis\u00e9gk\u00e9nt haszn\u00e1lt \u00e9p\u00fclet\u00e9.<div class=\"wordtube\">\n<div class=\"wordtube single487\" id=\"WT1_1\" style=\"width:320px; height:240px;\">\n<a href=\"http:\/\/www.macromedia.com\/go\/getflashplayer\">Get the Flash Player<\/a> to see the wordTube Media Player.\n<\/div><\/div>\n\t<script type=\"text\/javascript\" defer=\"defer\">\nvar WT1_1 = {\n\tparams : {\n\t\twmode : \"opaque\",\n\t\tallowscriptaccess : \"always\",\n\t\tallownetworking : \"all\",\n\t\tallowfullscreen : \"true\"},\n\tflashvars : {\n\t\tfile : \"http%3A%2F%2Fwww.agriatv.hu%2Fwp-content%2Fuploads%2F2012%2F01%2F0131emasz.flv\",\n\t\tvolume : \"80\",\n\t\tbufferlength : \"5\",\n\t\tquality : \"false\",\n\t\t'logo.hide' : \"false\",\n\t\timage : \"http%3A%2F%2Fwww.agriatv.hu%2Fwp-content%2Fuploads%2F2012%2F01%2F0131emasz.jpg\",\n\t\ttitle : \"0131emasz.flv\",\n\t\tlinktarget : \"_self\"},\n\tattr : {\n\t\tid : \"WT1\",\n\t\tname : \"WT1\"},\n\tstart : function() {\n\t\tswfobject.embedSWF(\"https:\/\/www.agriatv.hu\/\/player.swf\", \"WT1_1\", \"320\", \"240\", \"9.0.0\", false, this.flashvars, this.params , this.attr );\n\t}\n}\nWT1_1.start();\n\t<\/script>\n<\/p>\n<p>A szolg\u00e1ltat\u00f3 megvizsg\u00e1ltatta az \u00f3r\u00e1t, majd a szak\u00e9rt\u0151 szerint m\u00e1gnessel manipul\u00e1lt\u00e1k a m\u00e9r\u0151szerkezetet. Boross Norbert, az ELM\u00dc kommunik\u00e1ci\u00f3s igazgat\u00f3ja a TV2-nek elmondta: a m\u00e1gnes csak p\u00e1r h\u00f3napig k\u00e9pes lass\u00edtani a m\u00e9r\u0151\u00f3r\u00e1t. Azonban az\u00a0 \u00e1rus\u00edt\u00f3 \u00fcgyn\u00f6k\u00f6k elfelejtik elmondani, hogy a lassul\u00e1s ut\u00e1n hirtelen t\u00falp\u00f6r\u00f6g az \u00f3ra. Az ELM\u00dc szakemberei szerint a m\u00e1gnesez\u00e9s k\u00f6nnyen kimutathat\u00f3 a m\u0171szereken, hiszen a m\u0171velet ut\u00e1n az \u00f3raszerkezeten k\u00f6nnyen igazolhat\u00f3 a m\u00e1gneses hat\u00e1s.<br \/>\nA m\u00e1gneseket a hadiiparban haszn\u00e1lt\u00e1k el\u0151sz\u00f6r, a csal\u00f3k onnan vett\u00e9k \u00e1t ezt a m\u00f3dszert. Az ilyen manipul\u00e1l\u00f3 m\u00e1gneseket a boltban nem lehet megszerezni, az interneten azonban b\u00e1rki hozz\u00e1juthat.<\/p>\n<p>A k\u00e1rosult csal\u00e1dok a legt\u00f6bb esetben tehetetlenek.\u00a0 Sz\u00e1mtalan ilyen jelleg\u0171 probl\u00e9ma akad, a tulajdonosok nem is figyelnek fel a t\u00f6bbletfogyaszt\u00e1sra, illetve m\u00e1r k\u00e9s\u0151bb, b\u00fcntet\u00e9ssel a kez\u00fckben eszm\u00e9lnek fel a kellemetlens\u00e9g s\u00faly\u00e1ra.<\/p>\n","protected":false},"excerpt":{"rendered":"<p>Nem szokatlan,hogy \u00e9vente egyszer minden h\u00e1ztart\u00e1sba becs\u00f6ngetnek az ELM\u00dc-\u00c9M\u00c1SZ villany\u00f3ra-ellen\u0151rz\u0151 szakemberei.\u00a0 J\u00f3 esetben mindent rendben tal\u00e1lnak.<br \/>\nRengeteg k\u00e1rosult sz\u00e1molt be az interneten arr\u00f3l, hogy teljesen \u00e9p m\u0171szer\u00fcket k\u00e9s\u0151bb fel\u00fclvizsg\u00e1lt\u00e1k, majd m\u00e1gnesez\u00e9s gyan\u00faj\u00e1val t\u00f6bb sz\u00e1zezer forintos b\u00fcntet\u00e9st r\u00f3ttak ki r\u00e1juk.<br \/>\nSz\u00e1mos bejelent\u00e9s \u00e9rkezett Heves megy\u00e9ben a villany\u00f3r\u00e1k ilyen jelleg\u0171 probl\u00e9m\u00e1j\u00e1r\u00f3l.\u00a0 Ez nem csak a megy\u00e9ben okoz \u00f3ri\u00e1si gondokat, [&#8230;]<\/p>\n","protected":false},"author":4,"featured_media":0,"comment_status":"open","ping_status":"open","sticky":false,"template":"","format":"standard","meta":{"footnotes":""},"categories":[450],"tags":[891,889,374,890],"class_list":["post-6564","post","type-post","status-publish","format-standard","hentry","category-gazdasag-2","tag-buntetes","tag-emasz","tag-nyugdijas","tag-villanyora"],"_links":{"self":[{"href":"https:\/\/www.agriatv.hu\/index.php?rest_route=\/wp\/v2\/posts\/6564","targetHints":{"allow":["GET"]}}],"collection":[{"href":"https:\/\/www.agriatv.hu\/index.php?rest_route=\/wp\/v2\/posts"}],"about":[{"href":"https:\/\/www.agriatv.hu\/index.php?rest_route=\/wp\/v2\/types\/post"}],"author":[{"embeddable":true,"href":"https:\/\/www.agriatv.hu\/index.php?rest_route=\/wp\/v2\/users\/4"}],"replies":[{"embeddable":true,"href":"https:\/\/www.agriatv.hu\/index.php?rest_route=%2Fwp%2Fv2%2Fcomments&post=6564"}],"version-history":[{"count":7,"href":"https:\/\/www.agriatv.hu\/index.php?rest_route=\/wp\/v2\/posts\/6564\/revisions"}],"predecessor-version":[{"id":6581,"href":"https:\/\/www.agriatv.hu\/index.php?rest_route=\/wp\/v2\/posts\/6564\/revisions\/6581"}],"wp:attachment":[{"href":"https:\/\/www.agriatv.hu\/index.php?rest_route=%2Fwp%2Fv2%2Fmedia&parent=6564"}],"wp:term":[{"taxonomy":"category","embeddable":true,"href":"https:\/\/www.agriatv.hu\/index.php?rest_route=%2Fwp%2Fv2%2Fcategories&post=6564"},{"taxonomy":"post_tag","embeddable":true,"href":"https:\/\/www.agriatv.hu\/index.php?rest_route=%2Fwp%2Fv2%2Ftags&post=6564"}],"curies":[{"name":"wp","href":"https:\/\/api.w.org\/{rel}","templated":true}]}}