{"id":6571,"date":"2012-02-01T09:09:18","date_gmt":"2012-02-01T09:09:18","guid":{"rendered":"http:\/\/www.agriatv.hu\/?p=6571"},"modified":"2012-02-01T09:47:58","modified_gmt":"2012-02-01T09:47:58","slug":"hideg-rekordok-helyszine-zabar","status":"publish","type":"post","link":"https:\/\/www.agriatv.hu\/?p=6571","title":{"rendered":"Hideg rekordok helysz\u00edne: Zabar"},"content":{"rendered":"<p><a href=\"https:\/\/www.agriatv.hu\/wp-content\/uploads\/2012\/02\/0201zabar_v.jpg\"><img loading=\"lazy\" decoding=\"async\" class=\"alignleft  wp-image-6574\" title=\"0201zabar_v\" src=\"https:\/\/www.agriatv.hu\/wp-content\/uploads\/2012\/02\/0201zabar_v-300x240.jpg\" alt=\"\" width=\"155\" height=\"87\" \/><\/a>Orsz\u00e1gos hideg rekordok helysz\u00edne Zabar, N\u00f3gr\u00e1d megye legkeletibb r\u00e9sz\u00e9n fekv\u0151 falva. Az eddig itt m\u00e9rt legalacsonyabb h\u0151m\u00e9rs\u00e9klet -31,9 C volt.<\/p>\n<p>A falu \u00e9s a k\u00f6rny\u00e9ke minden \u00e9vben hideg rekordokat d\u00f6nt.\u00a0 Zabar egy olyan felsz\u00edni m\u00e9lyed\u00e9sben, fagyzugban helyezkedik el, amelybe minden oldal\u00e1r\u00f3l be\u00e1ramlik a leveg\u0151. Ennek a tulajdons\u00e1g\u00e1nak k\u00f6sz\u00f6nhet\u0151en m\u00e1r t\u00f6bb mint negyvenszer m\u00e9rt\u00e9k itt a legalacsonyabb h\u0151m\u00e9rs\u00e9kletet az orsz\u00e1gban.<br \/>\nA hideg id\u0151j\u00e1r\u00e1s itt m\u00e1r kora \u0151sszel elkezd\u0151dik, a h\u0151m\u00e9rs\u00e9klet egy \u0151szi hajnalon ak\u00e1r a m\u00ednusz 6-8 fokot is el\u00e9rheti. <div class=\"wordtube\">\n<div class=\"wordtube single488\" id=\"WT1_1\" style=\"width:320px; height:240px;\">\n<a href=\"http:\/\/www.macromedia.com\/go\/getflashplayer\">Get the Flash Player<\/a> to see the wordTube Media Player.\n<\/div><\/div>\n\t<script type=\"text\/javascript\" defer=\"defer\">\nvar WT1_1 = {\n\tparams : {\n\t\twmode : \"opaque\",\n\t\tallowscriptaccess : \"always\",\n\t\tallownetworking : \"all\",\n\t\tallowfullscreen : \"true\"},\n\tflashvars : {\n\t\tfile : \"http%3A%2F%2Fwww.agriatv.hu%2Fwp-content%2Fuploads%2F2012%2F02%2F0201zabar.flv\",\n\t\tvolume : \"80\",\n\t\tbufferlength : \"5\",\n\t\tquality : \"false\",\n\t\t'logo.hide' : \"false\",\n\t\timage : \"http%3A%2F%2Fwww.agriatv.hu%2Fwp-content%2Fuploads%2F2012%2F02%2F0201zabar.jpg\",\n\t\ttitle : \"0201zabar.flv\",\n\t\tlinktarget : \"_self\"},\n\tattr : {\n\t\tid : \"WT1\",\n\t\tname : \"WT1\"},\n\tstart : function() {\n\t\tswfobject.embedSWF(\"https:\/\/www.agriatv.hu\/\/player.swf\", \"WT1_1\", \"320\", \"240\", \"9.0.0\", false, this.flashvars, this.params , this.attr );\n\t}\n}\nWT1_1.start();\n\t<\/script>\n<\/p>\n<p>Szerd\u00e1n reggel 7 \u00f3ra k\u00f6rny\u00e9k\u00e9n -19C k\u00f6r\u00fcli h\u0151m\u00e9rs\u00e9kletet \u00e1tlagosnak \u00edt\u00e9lt\u00e9k meg az ott lak\u00f3k. Mindenki felk\u00e9sz\u00fclten v\u00e1rja a h\u00e9tre v\u00e1rhat\u00f3 hideg id\u0151t, ki f\u00e1val, ki g\u00e1zzal pr\u00f3b\u00e1l meleget var\u00e1zsolni otthon\u00e1ba.<\/p>\n<p>A faluba n\u00e9h\u00e1ny \u00e9ve m\u00e1r meteorol\u00f3giai m\u00e9r\u0151\u00e1llom\u00e1st is telep\u00edtettek, \u00edgy hivataloss\u00e1 v\u00e1lt az, amit a helyiek eddig is tudtak, miszerint a telep\u00fcl\u00e9sen j\u00f3val hidegebb van, mint az orsz\u00e1g m\u00e1s r\u00e9szein. Ezt a nagy hideget jelk\u00e9pezi az a h\u00f3pihe, amelyet a falu c\u00edmer\u00e9ben helyeztek el, utalva a nagym\u00e9rt\u00e9k\u0171 fagyokra \u00e9s a hidegrekordokra.<\/p>\n<p>Az id\u0151sebbek elmond\u00e1sa szerint az utakat rendszeren takar\u00edtj\u00e1k, ha nagy h\u00f3 esik, \u00edgy nem hinn\u00e9k, hogy b\u00e1rmilyen fennakad\u00e1s lenne majd az \u00e9lelmiszer vagy esetleg a szem\u00e9lysz\u00e1ll\u00edt\u00e1sban.<\/p>\n","protected":false},"excerpt":{"rendered":"<p>Orsz\u00e1gos hideg rekordok helysz\u00edne Zabar, N\u00f3gr\u00e1d megye legkeletibb r\u00e9sz\u00e9n fekv\u0151 falva. Az eddig itt m\u00e9rt legalacsonyabb h\u0151m\u00e9rs\u00e9klet -31,9 C volt.<br \/>\nA falu \u00e9s a k\u00f6rny\u00e9ke minden \u00e9vben hideg rekordokat d\u00f6nt.\u00a0 Zabar egy olyan felsz\u00edni m\u00e9lyed\u00e9sben, fagyzugban helyezkedik el, amelybe minden oldal\u00e1r\u00f3l be\u00e1ramlik a leveg\u0151. Ennek a tulajdons\u00e1g\u00e1nak k\u00f6sz\u00f6nhet\u0151en m\u00e1r t\u00f6bb mint negyvenszer m\u00e9rt\u00e9k itt a legalacsonyabb [&#8230;]<\/p>\n","protected":false},"author":4,"featured_media":0,"comment_status":"open","ping_status":"open","sticky":false,"template":"","format":"standard","meta":{"footnotes":""},"categories":[6],"tags":[895,892,896,897,894,893],"class_list":["post-6571","post","type-post","status-publish","format-standard","hentry","category-belfold","tag-futes","tag-hideg","tag-lakok","tag-meteorologia","tag-rekord","tag-zabar"],"_links":{"self":[{"href":"https:\/\/www.agriatv.hu\/index.php?rest_route=\/wp\/v2\/posts\/6571","targetHints":{"allow":["GET"]}}],"collection":[{"href":"https:\/\/www.agriatv.hu\/index.php?rest_route=\/wp\/v2\/posts"}],"about":[{"href":"https:\/\/www.agriatv.hu\/index.php?rest_route=\/wp\/v2\/types\/post"}],"author":[{"embeddable":true,"href":"https:\/\/www.agriatv.hu\/index.php?rest_route=\/wp\/v2\/users\/4"}],"replies":[{"embeddable":true,"href":"https:\/\/www.agriatv.hu\/index.php?rest_route=%2Fwp%2Fv2%2Fcomments&post=6571"}],"version-history":[{"count":8,"href":"https:\/\/www.agriatv.hu\/index.php?rest_route=\/wp\/v2\/posts\/6571\/revisions"}],"predecessor-version":[{"id":6577,"href":"https:\/\/www.agriatv.hu\/index.php?rest_route=\/wp\/v2\/posts\/6571\/revisions\/6577"}],"wp:attachment":[{"href":"https:\/\/www.agriatv.hu\/index.php?rest_route=%2Fwp%2Fv2%2Fmedia&parent=6571"}],"wp:term":[{"taxonomy":"category","embeddable":true,"href":"https:\/\/www.agriatv.hu\/index.php?rest_route=%2Fwp%2Fv2%2Fcategories&post=6571"},{"taxonomy":"post_tag","embeddable":true,"href":"https:\/\/www.agriatv.hu\/index.php?rest_route=%2Fwp%2Fv2%2Ftags&post=6571"}],"curies":[{"name":"wp","href":"https:\/\/api.w.org\/{rel}","templated":true}]}}