{"id":661,"date":"2010-07-23T18:00:15","date_gmt":"2010-07-23T18:00:15","guid":{"rendered":"http:\/\/www.agriatv.hu\/?p=661"},"modified":"2010-07-23T18:00:15","modified_gmt":"2010-07-23T18:00:15","slug":"bajnok-lanyok-sved-almok","status":"publish","type":"post","link":"https:\/\/www.agriatv.hu\/?p=661","title":{"rendered":"Bajnok l\u00e1nyok, sv\u00e9d \u00e1lmok"},"content":{"rendered":"<p><img loading=\"lazy\" decoding=\"async\" align=\"left\" alt=\"Kar\u00e1csony Liza (balr\u00f3l), Simon Alexandra, Bart\u00f3k Bogl\u00e1rka \u00e9s Suszt\u00e1k N\u00f3ra a klubbeli dics\u0151s\u00e9g mellett v\u00e1logatottk\u00e9nt is eredm\u00e9nyes volt. Fot\u00f3: L\u00e9n\u00e1rt M\u00e1rton\" height=\"91\" src=\"http:\/\/heol.hu\/lapokkepek\/cikkek\/120000\/120053_floorball.jpg\" style=\"width: 138px; height: 91px;\" width=\"138\" \/><strong>A teremhoki \u0151shaz&aacute;j&aacute;ba v&aacute;gyik az U19-es n\u0151i B-csoportos vb-n arany&eacute;rmes magyar v&aacute;logatott k&eacute;t egri tagja. Az Eszterh&aacute;zy-MEISE n&eacute;gy kiv&aacute;l&oacute;s&aacute;ga a honi els\u0151s&eacute;g z&aacute;log&aacute;nak a kiv&aacute;l&oacute; csapategys&eacute;get tartja. <\/strong><\/p>\n<p>Az egri klub n\u0151i csapata t&ouml;rt&eacute;nete sor&aacute;n negyedik alkalommal szerzett bajnoki arany&eacute;rmet a 2009\/2010-es pontvad&aacute;szatban. A g&aacute;rda tagjai k&ouml;z&uuml;l <strong>Suszt&aacute;k N&oacute;ra, Simon Alexandra, Bart&oacute;k Bogl&aacute;rka<\/strong> &eacute;s <strong>Kar&aacute;csony Liza<\/strong> arra is b&uuml;szke lehet, hogy a Csehorsz&aacute;gban rendezett U19-es vb B-kateg&oacute;ri&aacute;j&aacute;ban els\u0151 helyen v&eacute;gzett magyar v&aacute;logatottat er\u0151s&iacute;tette. <br \/>\n\t&ndash; Nagyon b&uuml;szke vagyok a csapatra, ugyanis mindenki a maximumot hozta ki mag&aacute;b&oacute;l &ndash; utalt klubj&aacute;nak szerepl&eacute;s&eacute;re <br \/>\n\tSimon Alexandra, Eszterh&aacute;zy-MEISE egyik legeredm&eacute;nyesebb j&aacute;t&eacute;kosa. &ndash; Mindent megtett&uuml;nk az&eacute;rt, hogy a lehet\u0151 legjobban z&aacute;rjuk a bajnoki szezont. Az, hogy az els\u0151 helyen v&eacute;gezt&uuml;nk, kiv&aacute;l&oacute; teljes&iacute;tm&eacute;nynek sz&aacute;m&iacute;t. Az eredeti c&eacute;lkit\u0171z&eacute;s&uuml;nk az volt, hogy az 1&ndash;7. hely valamelyik&eacute;t megszerezz&uuml;k. Az edz\u0151vel r&eacute;g&oacute;ta tart&oacute; k&ouml;z&ouml;s munka meghozta a gy&uuml;m&ouml;lcs&eacute;t. <\/p>\n<p><strong>Leitner Tam&aacute;s<\/strong> (mert r&oacute;la van sz&oacute;), testnevel\u0151 tan&aacute;rk&eacute;nt &aacute;ltal&aacute;nos iskol&aacute;s koruk &oacute;ta foglalkozik a l&aacute;nyokkal. J&aacute;t&eacute;kosait kiv&aacute;l&oacute;an ismeri, tudja, hogy tan&iacute;tv&aacute;nyainak melyek az er\u0151ss&eacute;ge &eacute;s a gyenge pontjai. <br \/>\n\t&ndash; Edz\u0151nkkel nagyon j&oacute;l meg&eacute;rtj&uuml;k egym&aacute;st a p&aacute;ly&aacute;n &eacute;s azon k&iacute;v&uuml;l is &ndash; er\u0151s&iacute;tette meg a tr&eacute;ner szerep&eacute;t Bart&oacute;k Bogl&aacute;rka. &ndash; Maxim&aacute;lisan megb&iacute;zunk benne, &iacute;gy a lehet\u0151 legt&ouml;bbet tudja kihozni bel\u0151l&uuml;nk. <br \/>\n\tA m&aacute;jusban bajnoki c&iacute;met nyert t&aacute;rsas&aacute;g heti 4&ndash;5 edz&eacute;ssel k&eacute;sz&uuml;l a k&ouml;vetkez\u0151 bajnoki id&eacute;nyre. Emellett a v&aacute;logatottban &eacute;rdekelt l&aacute;nyok augusztusban &eacute;s szeptemberben a nemzeti csapattal edz\u0151t&aacute;boroznak. Kar&aacute;csony&eacute;knak jelent\u0151s kih&iacute;v&aacute;st &eacute;s remek fejl\u0151d&eacute;si lehet\u0151s&eacute;get biztos&iacute;t, hogy id\u0151r\u0151l id\u0151re a legjobbak k&ouml;z&ouml;tt m&eacute;rettethetnek meg. <br \/>\n\t&ndash; Rendk&iacute;v&uuml;l sokat seg&iacute;t a v&aacute;logatottbeli szerepl&eacute;s, mert az ott megszerzett tud&aacute;st a klubcsapatomban is tudom kamatoztatni.&nbsp; Ebb\u0151l a t&ouml;bbieknek is tudok &aacute;tadni, ami a csapat fejl\u0151d&eacute;s&eacute;t tekintve nagyon fontos &ndash; tette hozz&aacute; Simon Alexandra.<\/p>\n<p><center>&nbsp;<\/center><\/p>\n<p>\n\tA megyesz&eacute;khelyiek szempontj&aacute;b&oacute;l meghat&aacute;roz&oacute; lehet, hogy Suszt&aacute;k N&oacute;ra egy &eacute;vig sv&eacute;d klubot er\u0151s&iacute;t. <br \/>\n\t&ndash; Szeptembert\u0151l fiatalokkal b\u0151v&uuml;l a g&aacute;rda, &iacute;gy nem lesz hi&aacute;ny az ut&aacute;np&oacute;tl&aacute;st illet\u0151en. Rem&eacute;lem azonban, hogy a&nbsp; v&aacute;logatottban tov&aacute;bbra is sz&aacute;m&iacute;tanak r&aacute;m &ndash; bizakodott a l&eacute;gi&oacute;skod&aacute;st v&aacute;lasztott floorballoz&oacute;. <br \/>\n\tSimon Alexandra is bevallotta, ha lesz r&aacute; a lehet\u0151s&eacute;ge, sz&iacute;vesen kipr&oacute;b&aacute;ln&aacute; mag&aacute;t a skandin&aacute;v orsz&aacute;gban. &ndash; A v&aacute;logatott egyik kapusa sv&eacute;d egyletben v&eacute;d &eacute;s gyakran mes&eacute;l a tapasztalatair&oacute;l. Eddig csak j&oacute;kat hallottam az ott foly&oacute; munk&aacute;r&oacute;l, &iacute;gy &eacute;n is &ouml;r&ouml;mmel utazn&eacute;k N&oacute;ra ut&aacute;n &ndash; fogalmazott a v&aacute;logatott j&aacute;t&eacute;kos, megeml&iacute;tve: ha nem j&ouml;n &ouml;ssze az &eacute;szaki t&uacute;ra, akkor is a sport&eacute;letben szeretne tev&eacute;kenykedni. Amb&iacute;ci&oacute;it &eacute;s term&eacute;szet&eacute;t tekintve legink&aacute;bb a fiatalok menedzsel&eacute;s&eacute;t tudn&aacute; mag&aacute;nak elk&eacute;pzelni.<\/p>\n<p><!-- keretes tartalom a cikkben --><\/p>\n<div class=\"keretes\">\n<div class=\"inner\">\n<h4>1064 egyes&uuml;letben 124 652 j&aacute;t&eacute;kos<\/h4>\n<p class=\"keretesSzovege\">Mik&ouml;zben a magyar &eacute;lvonalban 11 f&eacute;rfi &eacute;s 9 n\u0151i egylet tagjai terelik a labd&aacute;t, addig az 1981-ben alap&iacute;tott sv&eacute;d sz&ouml;vets&eacute;gn&eacute;l 1064 egyes&uuml;letet tartanak nyilv&aacute;n. A 2009\/2010-es bajnoki &eacute;vben 124 652 j&aacute;t&eacute;kos szerepelt a skandin&aacute;v &aacute;llam pontvad&aacute;szat&aacute;ban. Az igazolt floorballoz&oacute;k 27 sz&aacute;zal&eacute;ka n\u0151, illetve t&ouml;bb mint fele 16 &eacute;ves vagy ann&aacute;l is fiatalabb.<\/p>\n<\/p><\/div>\n<\/div>\n<p><!-- \/keretes tartalom a cikkben --><\/p>\n<p>A l&aacute;nyoknak lassan szembe kell n&eacute;zni&uuml;k a tov&aacute;bbtanul&aacute;s, a f\u0151iskola vagy egyetem v&aacute;laszt&aacute;s k&eacute;rd&eacute;s&eacute;vel, &iacute;gy a csapat &ouml;sszet&eacute;tele is v&aacute;ltozhat. Abban azonban, hogy hol folytatj&aacute;k tanulm&aacute;nyaikat, egyik&uuml;k sem biztos m&eacute;g. Egyel\u0151re &ouml;r&uuml;lnek a sikereiknek &eacute;s a tov&aacute;bbi hasonl&oacute; szerepl&eacute;s rem&eacute;ny&eacute;ben a tr&eacute;ningekre &eacute;s a felk&eacute;sz&uuml;l&eacute;si m&eacute;rk\u0151z&eacute;sekre koncentr&aacute;lnak.<\/p>\n<p>Forr&aacute;s: Heol<\/p>\n","protected":false},"excerpt":{"rendered":"<p>A teremhoki \u0151shaz&aacute;j&aacute;ba v&aacute;gyik az U19-es n\u0151i B-csoportos vb-n arany&eacute;rmes magyar v&aacute;logatott k&eacute;t egri tagja. Az Eszterh&aacute;zy-MEISE n&eacute;gy kiv&aacute;l&oacute;s&aacute;ga a honi els\u0151s&eacute;g z&aacute;log&aacute;nak a kiv&aacute;l&oacute; csapategys&eacute;get tartja.<br \/>\nAz egri klub n\u0151i csapata t&ouml;rt&eacute;nete sor&aacute;n negyedik alkalommal szerzett bajnoki arany&eacute;rmet a 2009\/2010-es pontvad&aacute;szatban. A g&aacute;rda tagjai k&ouml;z&uuml;l Suszt&aacute;k N&oacute;ra, Simon Alexandra, Bart&oacute;k Bogl&aacute;rka &eacute;s Kar&aacute;csony Liza [&#8230;]<\/p>\n","protected":false},"author":4,"featured_media":0,"comment_status":"closed","ping_status":"closed","sticky":false,"template":"","format":"standard","meta":{"footnotes":""},"categories":[11],"tags":[],"class_list":["post-661","post","type-post","status-publish","format-standard","hentry","category-sport"],"_links":{"self":[{"href":"https:\/\/www.agriatv.hu\/index.php?rest_route=\/wp\/v2\/posts\/661","targetHints":{"allow":["GET"]}}],"collection":[{"href":"https:\/\/www.agriatv.hu\/index.php?rest_route=\/wp\/v2\/posts"}],"about":[{"href":"https:\/\/www.agriatv.hu\/index.php?rest_route=\/wp\/v2\/types\/post"}],"author":[{"embeddable":true,"href":"https:\/\/www.agriatv.hu\/index.php?rest_route=\/wp\/v2\/users\/4"}],"replies":[{"embeddable":true,"href":"https:\/\/www.agriatv.hu\/index.php?rest_route=%2Fwp%2Fv2%2Fcomments&post=661"}],"version-history":[{"count":1,"href":"https:\/\/www.agriatv.hu\/index.php?rest_route=\/wp\/v2\/posts\/661\/revisions"}],"predecessor-version":[{"id":662,"href":"https:\/\/www.agriatv.hu\/index.php?rest_route=\/wp\/v2\/posts\/661\/revisions\/662"}],"wp:attachment":[{"href":"https:\/\/www.agriatv.hu\/index.php?rest_route=%2Fwp%2Fv2%2Fmedia&parent=661"}],"wp:term":[{"taxonomy":"category","embeddable":true,"href":"https:\/\/www.agriatv.hu\/index.php?rest_route=%2Fwp%2Fv2%2Fcategories&post=661"},{"taxonomy":"post_tag","embeddable":true,"href":"https:\/\/www.agriatv.hu\/index.php?rest_route=%2Fwp%2Fv2%2Ftags&post=661"}],"curies":[{"name":"wp","href":"https:\/\/api.w.org\/{rel}","templated":true}]}}